{"id":102037,"date":"2023-06-17T12:53:54","date_gmt":"2023-06-17T15:53:54","guid":{"rendered":"https:\/\/grandepremio.com\/br\/noticias\/martinius-stenshorne-vence-ponta-a-ponta-corrida-1-freca-hungaroring-rafael-camara-7o\/"},"modified":"2023-06-17T12:55:11","modified_gmt":"2023-06-17T15:55:11","slug":"martinius-stenshorne-vence-ponta-a-ponta-corrida-1-freca-hungaroring-rafael-camara-7o","status":"publish","type":"post","link":"https:\/\/grandepremio.com\/br\/frec\/martinius-stenshorne-vence-ponta-a-ponta-corrida-1-freca-hungaroring-rafael-camara-7o\/","title":{"rendered":"Stenshorne vence de ponta a ponta corrida 1 da FRECA em Hungaroring. C\u00e2mara \u00e9 7\u00ba"},"content":{"rendered":"\n<p class=\"wp-block-paragraph\"><strong>Martinius Stenshorne<\/strong> largou na pole-position e venceu, neste s\u00e1bado (17), a primeira da rodada dupla da <strong>FRECA<\/strong> em <strong>Hungaroring<\/strong>. Foi o segundo triunfo do noruegu\u00eas da <strong>R-ace GP<\/strong> na temporada que o manteve na lideran\u00e7a do campeonato.<\/p>\n\n\n\n<p class=\"wp-block-paragraph\">Na largada, Stenshorne n\u00e3o conseguiu segurar o \u00edmpeto de <strong>Andrea Kimi Antonelli<\/strong>, que largara em terceiro e, com duas belas ultrapassagens, assumiu a lideran\u00e7a da corrida. Na sequ\u00eancia, dois safety-cars foram acionados por conta de incidentes envolvendo <strong>Lucas Medina<\/strong> e <strong>Laurens van Hoepen<\/strong>.<\/p>\n\n\n\n<p class=\"wp-block-paragraph\">A diferen\u00e7a entre os l\u00edderes era de 1.1s at\u00e9 que Antonelli cometeu um erro que custou-lhe a lideran\u00e7a. O preju\u00edzo foi ainda maior, pois foi ultrapassado por <strong>Kas Haverkort<\/strong> e <strong>Santiago Ramos<\/strong>, que completaram o p\u00f3dio na <strong>Hungria<\/strong>.<\/p>\n\n\n\n<figure class=\"wp-block-image size-large\"><img decoding=\"async\" src=\"https:\/\/www.grandepremio.com\/br\/wp-content\/uploads\/2023\/06\/BUD_FR_NB-3841-1024x683.jpg\" alt=\"\" class=\"wp-image-696168\"\/><figcaption>Rafael C\u00e2mara foi s\u00e9timo na Hungria (Foto: Niels Broekema\/ Dutch Photo Agency)<\/figcaption><\/figure>\n\n\n\n<p class=\"wp-block-paragraph\">O italiano da <strong>Prema<\/strong> ainda viu <strong>Michael Belov<\/strong> tomar-lhe o quarto lugar e fechou a prova apenas em quinto, jogando para o alto uma vit\u00f3ria que parecia tranquila. Quem tamb\u00e9m teve boa atua\u00e7\u00e3o foi <strong>Rafael C\u00e2mara<\/strong>.<\/p>\n\n\n\n<p class=\"wp-block-paragraph\"><strong>\u25b6\ufe0f\u00a0Inscreva-se nos dois canais do GRANDE PR\u00caMIO no YouTube:\u00a0<a href=\"https:\/\/www.youtube.com\/channel\/UC9OlHEgxoaY6QY6nWPoiqQg?sub_confirmation=1\" target=\"_blank\" rel=\"noreferrer noopener\">GP<\/a>\u00a0|\u00a0<a href=\"https:\/\/www.youtube.com\/channel\/UC9csiS6q_C3C0FYhyr1rnFA?sub_confirmation=1\" target=\"_blank\" rel=\"noreferrer noopener\">GP2<\/a><\/strong><br><strong>\u25b6\ufe0f\u00a0<a href=\"https:\/\/www.twitch.tv\/grandepremio\" target=\"_blank\" rel=\"noreferrer noopener\">Conhe\u00e7a o canal do GRANDE PR\u00caMIO na Twitch clicando aqui!<\/a><\/strong><\/p>\n\n\n\n<p class=\"wp-block-paragraph\">O brasileiro chegou na s\u00e9tima coloca\u00e7\u00e3o na prova h\u00fangara e pontuou pela segunda vez consecutiva na temporada, subindo para 29 pontos no campeonato.<\/p>\n\n\n\n<p class=\"wp-block-paragraph\">A FRECA fecha a rodada dupla neste domingo (18), com classifica\u00e7\u00e3o definindo o pole-position \u00e0s 3h55 e a segunda corrida marcada para \u00e0s 11h25 (hor\u00e1rio de Bras\u00edlia).<\/p>\n","protected":false},"excerpt":{"rendered":"<p>Noruegu\u00eas da R-ace GP aproveitou erro crasso de Andrea Kimi Antonelli e venceu pela segunda vez na temporada 2023 da FRECA. Brasileiro da Prema teve boa atua\u00e7\u00e3o e somou seis pontos no campeonato<\/p>\n","protected":false},"author":0,"featured_media":1000696107,"comment_status":"closed","ping_status":"closed","sticky":false,"template":"","format":"standard","meta":{"42wp_featured_image_caption":"","42wp_featured_image_credits":"","42wp_featured_video":"","42wp_featured_image_hidden":false,"42wp_authors_list":[],"footnotes":""},"categories":[49],"tags":[27861,34064,4122,3967,34491,27860],"42wp_author":[47128],"class_list":["post-102037","post","type-post","status-publish","format-standard","has-post-thumbnail","hentry","category-frec","tag-andrea-kimi-antonelli","tag-freca-2023","tag-hungaroring","tag-hungria","tag-martinius-stenshorne","tag-rafael-camara","42wp_author-guilherme-bloisi"],"_links":{"self":[{"href":"https:\/\/grandepremio.com\/br\/wp-json\/wp\/v2\/posts\/102037","targetHints":{"allow":["GET"]}}],"collection":[{"href":"https:\/\/grandepremio.com\/br\/wp-json\/wp\/v2\/posts"}],"about":[{"href":"https:\/\/grandepremio.com\/br\/wp-json\/wp\/v2\/types\/post"}],"replies":[{"embeddable":true,"href":"https:\/\/grandepremio.com\/br\/wp-json\/wp\/v2\/comments?post=102037"}],"version-history":[{"count":0,"href":"https:\/\/grandepremio.com\/br\/wp-json\/wp\/v2\/posts\/102037\/revisions"}],"wp:featuredmedia":[{"embeddable":true,"href":"https:\/\/grandepremio.com\/br\/wp-json\/wp\/v2\/media\/1000696107"}],"wp:attachment":[{"href":"https:\/\/grandepremio.com\/br\/wp-json\/wp\/v2\/media?parent=102037"}],"wp:term":[{"taxonomy":"category","embeddable":true,"href":"https:\/\/grandepremio.com\/br\/wp-json\/wp\/v2\/categories?post=102037"},{"taxonomy":"post_tag","embeddable":true,"href":"https:\/\/grandepremio.com\/br\/wp-json\/wp\/v2\/tags?post=102037"},{"taxonomy":"42wp_author","embeddable":true,"href":"https:\/\/grandepremio.com\/br\/wp-json\/wp\/v2\/42wp_author?post=102037"}],"curies":[{"name":"wp","href":"https:\/\/api.w.org\/{rel}","templated":true}]}}