{"id":102041,"date":"2023-06-17T12:12:01","date_gmt":"2023-06-17T15:12:01","guid":{"rendered":"https:\/\/grandepremio.com\/br\/noticias\/montreal-amanhece-fria-chance-alta-chuva-classificacao-gp-do-canada\/"},"modified":"2023-06-17T12:25:50","modified_gmt":"2023-06-17T15:25:50","slug":"montreal-amanhece-fria-chance-alta-chuva-classificacao-gp-do-canada","status":"publish","type":"post","link":"https:\/\/grandepremio.com\/br\/f1\/montreal-amanhece-fria-chance-alta-chuva-classificacao-gp-do-canada\/","title":{"rendered":"Montreal amanhece fria e com chance alta de chuva na classifica\u00e7\u00e3o do GP do Canad\u00e1"},"content":{"rendered":"\n<figure class=\"wp-block-embed is-type-video is-provider-youtube wp-block-embed-youtube wp-embed-aspect-16-9 wp-has-aspect-ratio\"><div class=\"wp-block-embed__wrapper\">\n<iframe loading=\"lazy\" title=\"F1 2023 CLASSIFICA\u00c7\u00c3O NO CANAD\u00c1: VERSTAPPEN POLE. H\u00dcLKENBERG 2\u00ba | Briefing\" width=\"500\" height=\"281\" src=\"https:\/\/www.youtube.com\/embed\/ji6TauYS7Zw?feature=oembed\" frameborder=\"0\" allow=\"accelerometer; autoplay; clipboard-write; encrypted-media; gyroscope; picture-in-picture; web-share\" referrerpolicy=\"strict-origin-when-cross-origin\" allowfullscreen><\/iframe>\n<\/div><\/figure>\n\n\n\n<p class=\"wp-block-paragraph\">Se a chuva apareceu <a href=\"https:\/\/www.grandepremio.com\/br\/f1\/noticias\/f1-sexta-feira-nublada-chance-de-chuva-treinos-livres-montreal\/\" class=\"ek-link\">apenas na reta final <\/a>do <strong>TL2 <\/strong>em <strong>Montreal<\/strong>, a tend\u00eancia \u00e9 que ela seja personagem principal durante todo o s\u00e1bado (17) do<strong> GP do Canad\u00e1<\/strong>. Portanto, sim: <a href=\"https:\/\/www.grandepremio.com\/br\/f1\/noticias\/5-coisas-que-aprendemos-na-sexta-feira-do-gp-do-canada-da-formula-1-2023\/\" class=\"ek-link\">h\u00e1 enorme chance de defini\u00e7\u00e3o<\/a> do grid de largada em pista molhada.<\/p>\n\n\n\n<p class=\"wp-block-paragraph\">Ali\u00e1s, a previs\u00e3o do tempo liga um alerta importante no circuito <strong>Gilles Villeneuve<\/strong>, afinal, a <strong>F1 <\/strong>te evitado ao m\u00e1ximo correr em pistas muito molhadas. \u00c9 que Montreal amanheceu chuvosa e, se tudo correr conforme espera a meteorologia, vai seguir assim o dia todo. As informa\u00e7\u00f5es s\u00e3o do <strong>Weather Channel<\/strong>.<\/p>\n\n\n\n<p class=\"wp-block-paragraph\">O <strong>TL3 <\/strong>est\u00e1 previsto para 13h30 (em Bras\u00edlia), com probabilidade de chuva na casa dos 85%. Para a classifica\u00e7\u00e3o, que rola \u00e0s 17h, a chance de precipita\u00e7\u00e3o est\u00e1 em 80%. E \u00e9 o dia todo acima dos 80%, ao menos at\u00e9 o fim das atividades de s\u00e1bado.<\/p>\n\n\n\n<figure class=\"wp-block-image size-large\"><img decoding=\"async\" src=\"https:\/\/www.grandepremio.com\/br\/wp-content\/uploads\/2023\/06\/f1-2023-canada-treinos-livres-mercedes-lewishamilton-afp-05-1024x683.jpg\" alt=\"\" class=\"wp-image-695678\"\/><figcaption>Lewis Hamilton foi o mais r\u00e1pido no segundo treino livre do GP do Canad\u00e1, antes da chuva aparecer (Foto: AFP) <\/figcaption><\/figure>\n\n\n\n<p class=\"wp-block-paragraph\">Em paralelo a isso, um frio consider\u00e1vel para os padr\u00f5es que a F1 est\u00e1 acostumada: a m\u00e1xima do dia \u00e9 16\u00baC, mas o TL3 pode come\u00e7ar ali na casa dos 14\u00baC. A umidade, alt\u00edssima, acima dos 90%, com ventos em 13 km\/h. O sol se p\u00f5e \u00e0s 20h45 locais, 21h45 em Bras\u00edlia.<\/p>\n\n\n\n<p class=\"wp-block-paragraph\">O&nbsp;<strong>GRANDE PR\u00caMIO&nbsp;<\/strong>acompanha todas as atividades do fim de semana da<strong>&nbsp;<\/strong><a href=\"https:\/\/www.grandepremio.com\/formula-1\/\" target=\"_blank\" rel=\"noreferrer noopener\">F\u00f3rmula 1<\/a>&nbsp;no Canad\u00e1&nbsp;<strong>AO VIVO<\/strong>&nbsp;e&nbsp;<strong>EM&nbsp;<a href=\"https:\/\/www.grandepremio.com\/br\/ao-vivo\/\" target=\"_blank\" rel=\"noreferrer noopener\">TEMPO REAL<\/a><\/strong>. O TL3 est\u00e1 marcado para 13h30 (em Bras\u00edlia), enquanto a defini\u00e7\u00e3o do grid acontece \u00e0s 17h. No s\u00e1bado e no domingo, h\u00e1 tamb\u00e9m a segunda tela, em parceria com a&nbsp;<strong>Voz do Esporte<\/strong>.<\/p>\n\n\n\n<p class=\"wp-block-paragraph\"><strong>\u25b6\ufe0f&nbsp;Inscreva-se nos dois canais do GRANDE PR\u00caMIO no YouTube:&nbsp;<a href=\"https:\/\/www.youtube.com\/channel\/UC9OlHEgxoaY6QY6nWPoiqQg?sub_confirmation=1\" target=\"_blank\" rel=\"noreferrer noopener\">GP<\/a>&nbsp;|&nbsp;<a href=\"https:\/\/www.youtube.com\/channel\/UC9csiS6q_C3C0FYhyr1rnFA?sub_confirmation=1\" target=\"_blank\" rel=\"noreferrer noopener\">GP2<\/a><\/strong><br><strong>\u25b6\ufe0f&nbsp;<a href=\"https:\/\/www.twitch.tv\/grandepremio\" target=\"_blank\" rel=\"noreferrer noopener\">Conhe\u00e7a o canal do GRANDE PR\u00caMIO na Twitch clicando aqui!<\/a><\/strong><\/p>\n","protected":false},"excerpt":{"rendered":"<p>A chuva tem tudo para ser um fator na defini\u00e7\u00e3o do grid do GP do Canad\u00e1 de F1. O s\u00e1bado em Montreal \u00e9 de frio e com risco alt\u00edssimo de chuva para o dia todo<\/p>\n","protected":false},"author":0,"featured_media":1000696095,"comment_status":"closed","ping_status":"closed","sticky":false,"template":"","format":"standard","meta":{"42wp_featured_image_caption":"","42wp_featured_image_credits":"","42wp_featured_video":"","42wp_featured_image_hidden":false,"42wp_authors_list":[],"footnotes":""},"categories":[2],"tags":[20491,309,546,3624,969,147,6533,642,160,207,180,30722,230,2957,213,996,1491,30103,28285,2306,159,547,87,203,90,82,1117,3724,1645,19348,510,1214,5074,2785,2636,2632,204,3132,35150,2036,2773,18713],"42wp_author":[47117],"class_list":["post-102041","post","type-post","status-publish","format-standard","has-post-thumbnail","hentry","category-f1","tag-alpine","tag-aston-martin","tag-carlos-sainz","tag-catalunha","tag-corrida","tag-f1","tag-f1-2023","tag-f1-ao-vivo","tag-f1-tv","tag-ferrari","tag-formula-1","tag-formula-1-2023","tag-gabriel-curty","tag-gp","tag-gp-as-10","tag-gp-da-espanha","tag-grande-premio","tag-grande-premio-f1","tag-grandepremio","tag-grid-de-largada","tag-horarios-da-f1","tag-lando-norris","tag-lewis-hamilton","tag-max-verstappen","tag-mclaren","tag-mercedes","tag-mundial-de-construtores","tag-mundial-de-f1","tag-mundial-de-pilotos","tag-podio","tag-pole","tag-pole-position","tag-principado","tag-q1","tag-q2","tag-q3","tag-red-bull","tag-sergio-perez","tag-setima-etapa-da-temporada-2023-da-f1","tag-treinos-livres","tag-vencedor","tag-vitoria","42wp_author-gabriel-curty"],"_links":{"self":[{"href":"https:\/\/grandepremio.com\/br\/wp-json\/wp\/v2\/posts\/102041","targetHints":{"allow":["GET"]}}],"collection":[{"href":"https:\/\/grandepremio.com\/br\/wp-json\/wp\/v2\/posts"}],"about":[{"href":"https:\/\/grandepremio.com\/br\/wp-json\/wp\/v2\/types\/post"}],"replies":[{"embeddable":true,"href":"https:\/\/grandepremio.com\/br\/wp-json\/wp\/v2\/comments?post=102041"}],"version-history":[{"count":0,"href":"https:\/\/grandepremio.com\/br\/wp-json\/wp\/v2\/posts\/102041\/revisions"}],"wp:featuredmedia":[{"embeddable":true,"href":"https:\/\/grandepremio.com\/br\/wp-json\/wp\/v2\/media\/1000696095"}],"wp:attachment":[{"href":"https:\/\/grandepremio.com\/br\/wp-json\/wp\/v2\/media?parent=102041"}],"wp:term":[{"taxonomy":"category","embeddable":true,"href":"https:\/\/grandepremio.com\/br\/wp-json\/wp\/v2\/categories?post=102041"},{"taxonomy":"post_tag","embeddable":true,"href":"https:\/\/grandepremio.com\/br\/wp-json\/wp\/v2\/tags?post=102041"},{"taxonomy":"42wp_author","embeddable":true,"href":"https:\/\/grandepremio.com\/br\/wp-json\/wp\/v2\/42wp_author?post=102041"}],"curies":[{"name":"wp","href":"https:\/\/api.w.org\/{rel}","templated":true}]}}