{"id":102055,"date":"2023-06-17T04:00:00","date_gmt":"2023-06-17T07:00:00","guid":{"rendered":"https:\/\/grandepremio.com\/br\/noticias\/gp-canada-passar-tv-hoje-saiba-onde-assistir-classificacao-formula-1\/"},"modified":"2023-06-16T15:47:23","modified_gmt":"2023-06-16T18:47:23","slug":"gp-canada-passar-tv-hoje-saiba-onde-assistir-classificacao-formula-1","status":"publish","type":"post","link":"https:\/\/grandepremio.com\/br\/f1\/gp-canada-passar-tv-hoje-saiba-onde-assistir-classificacao-formula-1\/","title":{"rendered":"GP do Canad\u00e1 vai passar na TV hoje? Saiba onde assistir \u00e0 classifica\u00e7\u00e3o da F\u00f3rmula 1"},"content":{"rendered":"\n<p class=\"wp-block-paragraph\">A <strong>F\u00f3rmula 1 <\/strong>d\u00e1 sequ\u00eancia \u00e0s atividades do final de semana em <strong>Montreal<\/strong>, que recebe a oitava etapa da temporada 2023, neste s\u00e1bado (17), com a defini\u00e7\u00e3o do grid de largada para o<strong> GP do Canad\u00e1<\/strong>. Confira a seguir por onde acompanhar a programa\u00e7\u00e3o completa do dia.<\/p>\n\n\n\n<p class=\"wp-block-paragraph\">Antes da defini\u00e7\u00e3o do grid de largada, os pilotos realizam o terceiro e \u00faltimo treino livre, com in\u00edcio previsto para as 13h30 (de Bras\u00edlia, GMT-3). O canal fechado <strong>BandSports <\/strong>e o streaming oficial da F1, o <strong>F1 TV<\/strong>, transmitem.<\/p>\n\n\n\n<p class=\"wp-block-paragraph\"><strong>\u25b6\ufe0f\u00a0Inscreva-se nos dois canais do GRANDE PR\u00caMIO no YouTube:\u00a0<a href=\"https:\/\/www.youtube.com\/channel\/UC9OlHEgxoaY6QY6nWPoiqQg?sub_confirmation=1\" target=\"_blank\" rel=\"noreferrer noopener\">GP<\/a>\u00a0|\u00a0<a href=\"https:\/\/www.youtube.com\/channel\/UC9csiS6q_C3C0FYhyr1rnFA?sub_confirmation=1\" target=\"_blank\" rel=\"noreferrer noopener\">GP2<\/a><\/strong><br><strong>\u25b6\ufe0f\u00a0<a href=\"https:\/\/www.twitch.tv\/grandepremio\" target=\"_blank\" rel=\"noreferrer noopener\">Conhe\u00e7a o canal do GRANDE PR\u00caMIO na Twitch clicando aqui!<\/a><\/strong><\/p>\n\n\n\n<figure class=\"wp-block-image size-large\"><img decoding=\"async\" src=\"https:\/\/www.grandepremio.com\/br\/wp-content\/uploads\/2022\/06\/SI202206190993_hires_jpeg_24bit_rgb-1024x692.jpg\" alt=\"\" class=\"wp-image-587274\"\/><figcaption>Verstappen venceu no ano passado, no Canad\u00e1 (Foto: Red Bull Content Pool)<\/figcaption><\/figure>\n\n\n\n<p class=\"wp-block-paragraph\">Na classifica\u00e7\u00e3o, o sinal aberto entra em cena, com a Band transmitindo a sess\u00e3o ao lado do BandSports e do F1 TV. A atividade come\u00e7a \u00e0s 17h. O <strong>GRANDE PR\u00caMIO <\/strong>tamb\u00e9m acompanha a forma\u00e7\u00e3o do grid em segunda tela com a <strong>Voz do Esporte<\/strong>, a partir das 16h45.<\/p>\n\n\n\n<p class=\"wp-block-paragraph\">O GP do Canad\u00e1 pode proporcionar dois feitos \u00e0 Red Bull: caso um de seus pilotos ven\u00e7a, ser\u00e1 a 100\u00aa vez que ela subir\u00e1 ao degrau mais alto do p\u00f3dio na categoria. E se esse piloto for <strong>Max Verstappen<\/strong>, ele igualar\u00e1 o recorde de vit\u00f3rias de <strong>Ayrton Senna<\/strong>: 41.<\/p>\n","protected":false},"excerpt":{"rendered":"<p>A F\u00f3rmula 1 d\u00e1 sequ\u00eancia \u00e0s atividades do final de semana no Canad\u00e1 com a classifica\u00e7\u00e3o deste s\u00e1bado (17). Confira os hor\u00e1rios e saiba onde assistir<\/p>\n","protected":false},"author":0,"featured_media":0,"comment_status":"closed","ping_status":"closed","sticky":false,"template":"","format":"standard","meta":{"42wp_featured_image_caption":"","42wp_featured_image_credits":"","42wp_featured_video":"","42wp_featured_image_hidden":false,"42wp_authors_list":[],"footnotes":""},"categories":[2],"tags":[20491,309,546,3624,969,147,6533,642,160,207,180,30722,230,2957,213,996,1491,30103,28285,2306,159,547,87,203,90,82,1117,3724,1645,19348,510,1214,5074,2785,2636,2632,204,3132,35150,2036,2773,18713],"42wp_author":[47147],"class_list":["post-102055","post","type-post","status-publish","format-standard","hentry","category-f1","tag-alpine","tag-aston-martin","tag-carlos-sainz","tag-catalunha","tag-corrida","tag-f1","tag-f1-2023","tag-f1-ao-vivo","tag-f1-tv","tag-ferrari","tag-formula-1","tag-formula-1-2023","tag-gabriel-curty","tag-gp","tag-gp-as-10","tag-gp-da-espanha","tag-grande-premio","tag-grande-premio-f1","tag-grandepremio","tag-grid-de-largada","tag-horarios-da-f1","tag-lando-norris","tag-lewis-hamilton","tag-max-verstappen","tag-mclaren","tag-mercedes","tag-mundial-de-construtores","tag-mundial-de-f1","tag-mundial-de-pilotos","tag-podio","tag-pole","tag-pole-position","tag-principado","tag-q1","tag-q2","tag-q3","tag-red-bull","tag-sergio-perez","tag-setima-etapa-da-temporada-2023-da-f1","tag-treinos-livres","tag-vencedor","tag-vitoria","42wp_author-luana-marino"],"_links":{"self":[{"href":"https:\/\/grandepremio.com\/br\/wp-json\/wp\/v2\/posts\/102055","targetHints":{"allow":["GET"]}}],"collection":[{"href":"https:\/\/grandepremio.com\/br\/wp-json\/wp\/v2\/posts"}],"about":[{"href":"https:\/\/grandepremio.com\/br\/wp-json\/wp\/v2\/types\/post"}],"replies":[{"embeddable":true,"href":"https:\/\/grandepremio.com\/br\/wp-json\/wp\/v2\/comments?post=102055"}],"version-history":[{"count":0,"href":"https:\/\/grandepremio.com\/br\/wp-json\/wp\/v2\/posts\/102055\/revisions"}],"wp:attachment":[{"href":"https:\/\/grandepremio.com\/br\/wp-json\/wp\/v2\/media?parent=102055"}],"wp:term":[{"taxonomy":"category","embeddable":true,"href":"https:\/\/grandepremio.com\/br\/wp-json\/wp\/v2\/categories?post=102055"},{"taxonomy":"post_tag","embeddable":true,"href":"https:\/\/grandepremio.com\/br\/wp-json\/wp\/v2\/tags?post=102055"},{"taxonomy":"42wp_author","embeddable":true,"href":"https:\/\/grandepremio.com\/br\/wp-json\/wp\/v2\/42wp_author?post=102055"}],"curies":[{"name":"wp","href":"https:\/\/api.w.org\/{rel}","templated":true}]}}