{"id":102066,"date":"2023-06-16T20:35:58","date_gmt":"2023-06-16T23:35:58","guid":{"rendered":"https:\/\/grandepremio.com\/br\/noticias\/red-bull-fala-carro-instavel-admite-temer-ferrari-canada-muito-impressionante\/"},"modified":"2023-06-16T20:36:04","modified_gmt":"2023-06-16T23:36:04","slug":"red-bull-fala-carro-instavel-admite-temer-ferrari-canada-muito-impressionante","status":"publish","type":"post","link":"https:\/\/grandepremio.com\/br\/f1\/red-bull-fala-carro-instavel-admite-temer-ferrari-canada-muito-impressionante\/","title":{"rendered":"Red Bull fala em carro inst\u00e1vel e admite temer Ferrari no Canad\u00e1: &#8220;Muito impressionante&#8221;"},"content":{"rendered":"\n<figure class=\"wp-block-embed is-type-video is-provider-youtube wp-block-embed-youtube wp-embed-aspect-16-9 wp-has-aspect-ratio\"><div class=\"wp-block-embed__wrapper\">\n<iframe loading=\"lazy\" title=\"F1 2023 NO CANAD\u00c1 AO VIVO: HAMILTON PUXA 1-2 DA MERCEDES. VERSTAPPEN 6\u00ba | Briefing\" width=\"500\" height=\"281\" src=\"https:\/\/www.youtube.com\/embed\/GsSFO_T66Gg?feature=oembed\" frameborder=\"0\" allow=\"accelerometer; autoplay; clipboard-write; encrypted-media; gyroscope; picture-in-picture; web-share\" referrerpolicy=\"strict-origin-when-cross-origin\" allowfullscreen><\/iframe>\n<\/div><figcaption>\ud83d\udd34F1 2023 NO CANAD\u00c1 AO VIVO: HAMILTON PUXA 1-2 DA MERCEDES. VERSTAPPEN 6\u00ba | Briefing<\/figcaption><\/figure>\n\n\n\n<p class=\"wp-block-paragraph\">Vitoriosa nas 7 corridas disputadas na temporada 2023 da F\u00f3rmula 1, a <strong>Red Bull<\/strong> ficou apenas em sexto lugar com <strong>Max Verstappen <\/strong>e em oitavo com <strong>Sergio P\u00e9rez <\/strong>no segundo treino livre do GP do Canad\u00e1, disputado nesta sexta-feira (16). Ap\u00f3s ser superado por <strong>Mercedes e Ferrari<\/strong> na sess\u00e3o, o consultor<strong> Helmut Marko <\/strong>revelou inconsist\u00eancia no RB19 nas voltas em Montreal e ficou impressionado com o ritmo imposto pela Scuderia.<\/p>\n\n\n\n<p class=\"wp-block-paragraph\">\u201cTemos algum trabalho a fazer no carro\u201d, come\u00e7ou Marko, em entrevista ap\u00f3s o TL2 do GP do Canad\u00e1. \u201cO carro est\u00e1 muito inst\u00e1vel. A sequ\u00eancia longa de voltas foi um pouco melhor, mas Leclerc estava muito r\u00e1pido tamb\u00e9m, ou pelo menos t\u00e3o r\u00e1pido quanto n\u00f3s. Ent\u00e3o, h\u00e1 muito a fazer&#8221;, revelou.<\/p>\n\n\n\n<p class=\"wp-block-paragraph\"><strong>\u25b6\ufe0f&nbsp;Inscreva-se nos dois canais do GRANDE PR\u00caMIO no YouTube:&nbsp;<a href=\"https:\/\/www.youtube.com\/channel\/UC9OlHEgxoaY6QY6nWPoiqQg?sub_confirmation=1\" target=\"_blank\" rel=\"noreferrer noopener\" class=\"ek-link\">GP&nbsp;|&nbsp;<\/a><a href=\"https:\/\/www.youtube.com\/channel\/UC9csiS6q_C3C0FYhyr1rnFA?sub_confirmation=1\" target=\"_blank\" rel=\"noreferrer noopener\" class=\"ek-link\">GP2<\/a><\/strong><\/p>\n\n\n\n<figure class=\"wp-block-image size-large\"><img decoding=\"async\" src=\"https:\/\/www.grandepremio.com\/br\/wp-content\/uploads\/2023\/06\/f1-2023-canada-treinos-livres-redbull-maxverstappen-afp-04-1-1024x683.jpg\" alt=\"\" class=\"wp-image-695651\"\/><figcaption>Max Verstappen ainda n\u00e3o est\u00e1 totalmente contente com o carro da Red Bull no Canad\u00e1 (Foto: AFP) <\/figcaption><\/figure>\n\n\n\n<p class=\"wp-block-paragraph\">Apesar da Mercedes ficar com os dois melhores tempos, com <strong>Lewis Hamilton <\/strong>em primeiro e <strong>George Russell <\/strong>em segundo, Marko preferiu destacar o desempenho da Ferrari, principalmente de <strong>Charles Leclerc<\/strong>, que mostrou-se competitivo e brigou constantemente pelo topo com Verstappen durante a primeira metade da segunda sess\u00e3o.<\/p>\n\n\n\n<p class=\"wp-block-paragraph\">&#8220;A Mercedes estava significativamente mais r\u00e1pida, mas tenho medo de que a Ferrari seja ainda mais forte aqui. Isso foi percept\u00edvel. Eles sa\u00edram mais ou menos na mesma hora que n\u00f3s. Em particular, a sequ\u00eancia longa de voltas do Leclerc foi muito impressionante&#8221;, avaliou.<\/p>\n\n\n\n<p class=\"wp-block-paragraph\">Marko tamb\u00e9m afirmou que a expectativa pela 100\u00aa vit\u00f3ria da Red Bull na F\u00f3rmula 1 tamb\u00e9m acabou gerando uma press\u00e3o extra no desempenho do time em Montreal.<\/p>\n\n\n\n<p class=\"wp-block-paragraph\">&#8220;Todos n\u00f3s estamos esperando a 100\u00aa vit\u00f3ria e, aparentemente, isso causou uma press\u00e3o extra. Portanto, ficamos um pouco surpresos por estarmos um pouco abaixo internamente, especialmente em termos de dirigibilidade&#8221;, completou.<\/p>\n\n\n\n<p class=\"wp-block-paragraph\">O\u00a0<strong>GRANDE PR\u00caMIO\u00a0<\/strong>acompanha todas as atividades do fim de semana da<strong>\u00a0<\/strong><a href=\"https:\/\/www.grandepremio.com\/formula-1\/\" target=\"_blank\" rel=\"noreferrer noopener\">F\u00f3rmula 1<\/a>\u00a0no Canad\u00e1\u00a0<strong>AO VIVO<\/strong>\u00a0e\u00a0<strong>EM\u00a0<a href=\"https:\/\/www.grandepremio.com\/br\/ao-vivo\/\" target=\"_blank\" rel=\"noreferrer noopener\">TEMPO REAL<\/a><\/strong>. O TL3, neste s\u00e1bado, est\u00e1 marcado para 13h30 (em Bras\u00edlia). No s\u00e1bado e no domingo, h\u00e1 tamb\u00e9m a segunda tela, em parceria com a\u00a0<strong>Voz do Esporte<\/strong>.<\/p>\n","protected":false},"excerpt":{"rendered":"<p>Consultor t\u00e9cnico da Red Bull, Helmut Marko exaltou o desempenho da Ferrari, mais especificamente de Charles Leclerc no treino livre 2 do GP do Canad\u00e1 e admite temer a equipe italiana<\/p>\n","protected":false},"author":0,"featured_media":1000695654,"comment_status":"closed","ping_status":"closed","sticky":false,"template":"","format":"standard","meta":{"42wp_featured_image_caption":"","42wp_featured_image_credits":"","42wp_featured_video":"","42wp_featured_image_hidden":false,"42wp_authors_list":[],"footnotes":""},"categories":[2],"tags":[147,6533,31793,25044,219,28285,258,203,27382,24863,33558,31447],"42wp_author":[47145],"class_list":["post-102066","post","type-post","status-publish","format-standard","has-post-thumbnail","hentry","category-f1","tag-f1","tag-f1-2023","tag-gp-canada","tag-gp-do-canada-2","tag-grande-prmio","tag-grandepremio","tag-helmut-marko","tag-max-verstappen","tag-perez","tag-sergio-perez-2","tag-temporada-2023-da-f1","tag-temporada-2023-f1","42wp_author-alessandro-pinheiro"],"_links":{"self":[{"href":"https:\/\/grandepremio.com\/br\/wp-json\/wp\/v2\/posts\/102066","targetHints":{"allow":["GET"]}}],"collection":[{"href":"https:\/\/grandepremio.com\/br\/wp-json\/wp\/v2\/posts"}],"about":[{"href":"https:\/\/grandepremio.com\/br\/wp-json\/wp\/v2\/types\/post"}],"replies":[{"embeddable":true,"href":"https:\/\/grandepremio.com\/br\/wp-json\/wp\/v2\/comments?post=102066"}],"version-history":[{"count":0,"href":"https:\/\/grandepremio.com\/br\/wp-json\/wp\/v2\/posts\/102066\/revisions"}],"wp:featuredmedia":[{"embeddable":true,"href":"https:\/\/grandepremio.com\/br\/wp-json\/wp\/v2\/media\/1000695654"}],"wp:attachment":[{"href":"https:\/\/grandepremio.com\/br\/wp-json\/wp\/v2\/media?parent=102066"}],"wp:term":[{"taxonomy":"category","embeddable":true,"href":"https:\/\/grandepremio.com\/br\/wp-json\/wp\/v2\/categories?post=102066"},{"taxonomy":"post_tag","embeddable":true,"href":"https:\/\/grandepremio.com\/br\/wp-json\/wp\/v2\/tags?post=102066"},{"taxonomy":"42wp_author","embeddable":true,"href":"https:\/\/grandepremio.com\/br\/wp-json\/wp\/v2\/42wp_author?post=102066"}],"curies":[{"name":"wp","href":"https:\/\/api.w.org\/{rel}","templated":true}]}}