{"id":102067,"date":"2023-06-16T20:13:23","date_gmt":"2023-06-16T23:13:23","guid":{"rendered":"https:\/\/grandepremio.com\/br\/noticias\/max-verstappen-lamenta-sexta-feira-abaixo-canada-nao-esta-ruim-precisamos-ajustar\/"},"modified":"2023-06-16T20:22:48","modified_gmt":"2023-06-16T23:22:48","slug":"max-verstappen-lamenta-sexta-feira-abaixo-canada-nao-esta-ruim-precisamos-ajustar","status":"publish","type":"post","link":"https:\/\/grandepremio.com\/br\/f1\/max-verstappen-lamenta-sexta-feira-abaixo-canada-nao-esta-ruim-precisamos-ajustar\/","title":{"rendered":"Verstappen reclama de zebras do Canad\u00e1 ap\u00f3s 6\u00ba lugar no TL2: &#8220;Precisamos ajustar&#8221;"},"content":{"rendered":"\n<figure class=\"wp-block-embed is-type-video is-provider-youtube wp-block-embed-youtube wp-embed-aspect-16-9 wp-has-aspect-ratio\"><div class=\"wp-block-embed__wrapper\">\n<iframe loading=\"lazy\" title=\"F1 2023 NO CANAD\u00c1 AO VIVO: HAMILTON PUXA 1-2 DA MERCEDES. VERSTAPPEN 6\u00ba | Briefing\" width=\"500\" height=\"281\" src=\"https:\/\/www.youtube.com\/embed\/GsSFO_T66Gg?feature=oembed\" frameborder=\"0\" allow=\"accelerometer; autoplay; clipboard-write; encrypted-media; gyroscope; picture-in-picture; web-share\" referrerpolicy=\"strict-origin-when-cross-origin\" allowfullscreen><\/iframe>\n<\/div><\/figure>\n\n\n\n<p class=\"wp-block-paragraph\"><strong>Max Verstappen <\/strong>enfrentou um dia desafiador nesta sexta-feira (16) de treinos livres para o <strong>GP do Canad\u00e1<\/strong>. O piloto da <strong>Red Bull <\/strong><a href=\"https:\/\/www.grandepremio.com\/br\/f1\/noticias\/lewis-hamilton-surpreende-puxa-1-2-mercedes-tl2-gp-do-canada-max-verstappen-6o\/\" target=\"_blank\" aria-label=\" (opens in a new tab)\" rel=\"noreferrer noopener\" class=\"ek-link\">fechou apenas em sexto lugar no TL2<\/a> e reconheceu que ainda h\u00e1 muito trabalho a ser feito pela equipe ap\u00f3s um in\u00edcio de fim de semana at\u00edpico em Montreal. No fim, o atual bicampe\u00e3o do mundo terminou <strong>0s424 <\/strong>atr\u00e1s do l\u00edder <strong>Lewis Hamilton<\/strong>.<\/p>\n\n\n\n<p class=\"wp-block-paragraph\">A primeira sess\u00e3o de treinos livres mal p\u00f4de ser realizada <a href=\"https:\/\/www.grandepremio.com\/br\/f1\/noticias\/f1-atrasa-reinicio-tl1-canada-problemas-cameras-seguranca-circuito\/\" target=\"_blank\" aria-label=\"devido a um problema com as c\u00e2meras de seguran\u00e7a (opens in a new tab)\" rel=\"noreferrer noopener\" class=\"ek-link\">devido a um problema com as c\u00e2meras de seguran\u00e7a<\/a>, o que fez com que a segunda parte dos treinos livres fosse antecipada. No entanto, o TL2 tamb\u00e9m n\u00e3o foi completamente aproveitado devido aos abandonos de <strong>Nico H\u00fclkenberg <\/strong>e <strong>Esteban Ocon<\/strong>, que provocaram duas bandeiras vermelhas, e a chuva \u2014 o que frustrou o piloto do carro #1.<\/p>\n\n\n\n<p class=\"wp-block-paragraph\">&#8220;N\u00e3o foi uma sexta-feira normal. Felizmente, conseguimos fazer nossas voltas na segunda sess\u00e3o de treinos. Acredito que ainda temos trabalho a fazer, porque o carro n\u00e3o est\u00e1 se comportando muito bem nas zebras no momento. N\u00e3o est\u00e1 ruim, mas precisamos ajustar alguns acertos&#8221;, afirmou o holand\u00eas.<\/p>\n\n\n\n<p class=\"wp-block-paragraph\"><strong><strong>\u25b6\ufe0f\u00a0Inscreva-se nos dois canais do GRANDE PR\u00caMIO no YouTube:\u00a0<a href=\"https:\/\/www.youtube.com\/channel\/UC9OlHEgxoaY6QY6nWPoiqQg?sub_confirmation=1\" target=\"_blank\" rel=\"noreferrer noopener\">GP<\/a>\u00a0|\u00a0<a href=\"https:\/\/www.youtube.com\/channel\/UC9csiS6q_C3C0FYhyr1rnFA?sub_confirmation=1\" target=\"_blank\" rel=\"noreferrer noopener\">GP2<\/a><\/strong><\/strong><\/p>\n\n\n\n<figure class=\"wp-block-image size-large\"><img decoding=\"async\" src=\"https:\/\/www.grandepremio.com\/br\/wp-content\/uploads\/2023\/06\/f1-2023-canada-treinos-livres-redbull-maxverstappen-afp-03-1-1024x622.jpg\" alt=\"\" class=\"wp-image-695650\"\/><figcaption>Verstappen ainda quer trabalhar com a Red Bull nos ajustes do carro para a classifica\u00e7\u00e3o (Foto: AFP) <\/figcaption><\/figure>\n\n\n\n<p class=\"wp-block-paragraph\"><strong><strong>\u25b6\ufe0f\u00a0<a href=\"https:\/\/www.twitch.tv\/grandepremio\" target=\"_blank\" rel=\"noreferrer noopener\">Conhe\u00e7a o canal do GRANDE PR\u00caMIO na Twitch clicando aqui!<\/a><\/strong><\/strong><\/p>\n\n\n\n<p class=\"wp-block-paragraph\">Verstappen j\u00e1 havia mencionado que as zebras elevadas no circuito Gilles Villeneuve seriam um dos maiores desafios para o RB19. A Red Bull tamb\u00e9m enfrentou problemas semelhantes em M\u00f4naco, mas Max estava esperan\u00e7oso de que, com as longas retas do circuito canadense, o desempenho seria mais equilibrado.\u00a0<\/p>\n\n\n\n<p class=\"wp-block-paragraph\">O piloto de 25 anos reconheceu que a sess\u00e3o de treinos foi dif\u00edcil, mas ressaltou que dias assim acontecem. &#8220;Sabemos quais s\u00e3o os pontos fracos do nosso carro, e as ondula\u00e7\u00f5es presentes aqui n\u00e3o se adequam a ele. Vamos tentar melhorar isso para amanh\u00e3\u201d, disse.<\/p>\n\n\n\n<p class=\"wp-block-paragraph\">Al\u00e9m disso, a possibilidade de chuva durante a sess\u00e3o de classifica\u00e7\u00e3o deixa o holand\u00eas na expectativa de uma atividade animada na pista. \u201cProvavelmente amanh\u00e3 vai estar muito molhado, ent\u00e3o isso normalmente sempre traz algumas surpresas na classifica\u00e7\u00e3o&#8221;, acrescentou. &#8220;Depois, vamos ver como o clima estar\u00e1 no domingo\u201d, finalizou.<\/p>\n\n\n\n<p class=\"wp-block-paragraph\">O&nbsp;<strong>GRANDE PR\u00caMIO&nbsp;<\/strong>acompanha todas as atividades do fim de semana da<strong>&nbsp;<\/strong><a href=\"https:\/\/www.grandepremio.com\/formula-1\/\" target=\"_blank\" rel=\"noreferrer noopener\">F\u00f3rmula 1<\/a>&nbsp;no Canad\u00e1&nbsp;<strong>AO VIVO<\/strong>&nbsp;e&nbsp;<strong>EM&nbsp;<a href=\"https:\/\/www.grandepremio.com\/br\/ao-vivo\/\" target=\"_blank\" rel=\"noreferrer noopener\">TEMPO REAL<\/a><\/strong>. No s\u00e1bado e no domingo, h\u00e1 tamb\u00e9m a segunda tela, em parceria com a&nbsp;<strong>Voz do Esporte<\/strong>.<\/p>\n","protected":false},"excerpt":{"rendered":"<p>Max Verstappen ainda busca ajustes no carro para lidar com as zebras do circuito do Canad\u00e1, mas disse se animar com possibilidade de chuva na classifica\u00e7\u00e3o<\/p>\n","protected":false},"author":0,"featured_media":1000695651,"comment_status":"closed","ping_status":"closed","sticky":false,"template":"","format":"standard","meta":{"42wp_featured_image_caption":"","42wp_featured_image_credits":"","42wp_featured_video":"","42wp_featured_image_hidden":false,"42wp_authors_list":[],"footnotes":""},"categories":[2],"tags":[147,180,30722,14357,35348,1491,30103,28285,203,204,25911],"42wp_author":[47157],"class_list":["post-102067","post","type-post","status-publish","format-standard","has-post-thumbnail","hentry","category-f1","tag-f1","tag-formula-1","tag-formula-1-2023","tag-gp-do-canada","tag-gp-do-canada-2023","tag-grande-premio","tag-grande-premio-f1","tag-grandepremio","tag-max-verstappen","tag-red-bull","tag-red-bull-max-verstappen","42wp_author-jonas-souza"],"_links":{"self":[{"href":"https:\/\/grandepremio.com\/br\/wp-json\/wp\/v2\/posts\/102067","targetHints":{"allow":["GET"]}}],"collection":[{"href":"https:\/\/grandepremio.com\/br\/wp-json\/wp\/v2\/posts"}],"about":[{"href":"https:\/\/grandepremio.com\/br\/wp-json\/wp\/v2\/types\/post"}],"replies":[{"embeddable":true,"href":"https:\/\/grandepremio.com\/br\/wp-json\/wp\/v2\/comments?post=102067"}],"version-history":[{"count":0,"href":"https:\/\/grandepremio.com\/br\/wp-json\/wp\/v2\/posts\/102067\/revisions"}],"wp:featuredmedia":[{"embeddable":true,"href":"https:\/\/grandepremio.com\/br\/wp-json\/wp\/v2\/media\/1000695651"}],"wp:attachment":[{"href":"https:\/\/grandepremio.com\/br\/wp-json\/wp\/v2\/media?parent=102067"}],"wp:term":[{"taxonomy":"category","embeddable":true,"href":"https:\/\/grandepremio.com\/br\/wp-json\/wp\/v2\/categories?post=102067"},{"taxonomy":"post_tag","embeddable":true,"href":"https:\/\/grandepremio.com\/br\/wp-json\/wp\/v2\/tags?post=102067"},{"taxonomy":"42wp_author","embeddable":true,"href":"https:\/\/grandepremio.com\/br\/wp-json\/wp\/v2\/42wp_author?post=102067"}],"curies":[{"name":"wp","href":"https:\/\/api.w.org\/{rel}","templated":true}]}}