{"id":102073,"date":"2023-06-16T18:23:32","date_gmt":"2023-06-16T21:23:32","guid":{"rendered":"https:\/\/grandepremio.com\/br\/noticias\/nico-hulkenberg-perde-potencia-quebra-motor-puxa-nova-bandeira-vermelha-canada\/"},"modified":"2023-06-16T18:25:09","modified_gmt":"2023-06-16T21:25:09","slug":"nico-hulkenberg-perde-potencia-quebra-motor-puxa-nova-bandeira-vermelha-canada","status":"publish","type":"post","link":"https:\/\/grandepremio.com\/br\/f1\/nico-hulkenberg-perde-potencia-quebra-motor-puxa-nova-bandeira-vermelha-canada\/","title":{"rendered":"H\u00fclkenberg perde pot\u00eancia, quebra motor e puxa nova bandeira vermelha no Canad\u00e1"},"content":{"rendered":"\n<figure class=\"wp-block-embed is-type-video is-provider-youtube wp-block-embed-youtube wp-embed-aspect-16-9 wp-has-aspect-ratio\"><div class=\"wp-block-embed__wrapper\">\n<iframe loading=\"lazy\" title=\"F1 23 ROMPE COM 2022 E ENFIM EVOLUI | REVIEW | GP \u00c0S 10\" width=\"500\" height=\"281\" src=\"https:\/\/www.youtube.com\/embed\/kP8H1TGhM7I?feature=oembed\" frameborder=\"0\" allow=\"accelerometer; autoplay; clipboard-write; encrypted-media; gyroscope; picture-in-picture; web-share\" referrerpolicy=\"strict-origin-when-cross-origin\" allowfullscreen><\/iframe>\n<\/div><\/figure>\n\n\n\n<p class=\"wp-block-paragraph\">O <strong>treino livre 2<\/strong> do <strong>GP do Canad\u00e1<\/strong> trouxe m\u00e1s noticias para <strong>Nico H\u00fclkenberg<\/strong>. Enquanto fazia uma simula\u00e7\u00e3o de corrida em prepara\u00e7\u00e3o para a prova do pr\u00f3ximo domingo (18), o piloto alem\u00e3o teve de parar seu carro devido a uma quebra de motor \u2014 que chegou a gerar um princ\u00edpio de inc\u00eandio em sua <strong>Haas<\/strong>.<\/p>\n\n\n\n<p class=\"wp-block-paragraph\">Faltando mais de uma hora para o fim do TL2, o carro #27 parou na reta principal do circuito Gilles Villeneuve e causou uma bandeira vermelha na sess\u00e3o. Ao contr\u00e1rio da primeira atividade do fim de semana, entretanto, o treino foi rapidamente retomado ap\u00f3s a retirada do monoposto.<\/p>\n\n\n\n<p class=\"wp-block-paragraph\"><strong>\u25b6\ufe0f\u00a0Inscreva-se nos dois canais do GRANDE PR\u00caMIO no YouTube:\u00a0<a href=\"https:\/\/www.youtube.com\/channel\/UC9OlHEgxoaY6QY6nWPoiqQg?sub_confirmation=1\" target=\"_blank\" rel=\"noreferrer noopener\">GP<\/a>\u00a0|\u00a0<a href=\"https:\/\/www.youtube.com\/channel\/UC9csiS6q_C3C0FYhyr1rnFA?sub_confirmation=1\" target=\"_blank\" rel=\"noreferrer noopener\">GP2<\/a><\/strong><\/p>\n\n\n\n<figure class=\"wp-block-video\"><video class=\"video-js vjs-big-play-centered\" data-gp-vjs=\"1\" controls src=\"https:\/\/www.grandepremio.com\/br\/wp-content\/uploads\/2023\/06\/Hulk.mp4\"><\/video><figcaption>H\u00fclkenberg abandonou TL2 ap\u00f3s motor da Haas quebrar no Canad\u00e1 (V\u00eddeo: DAZN)<\/figcaption><\/figure>\n\n\n\n<p class=\"wp-block-paragraph\"><br><strong>\u25b6\ufe0f\u00a0<a href=\"https:\/\/www.twitch.tv\/grandepremio\" target=\"_blank\" rel=\"noreferrer noopener\" class=\"ek-link\">Conhe\u00e7a o canal do GRANDE PR\u00caMIO na Twitch clicando aqui!<\/a><\/strong><\/p>\n\n\n\n<p class=\"wp-block-paragraph\">A sexta-feira em Montreal j\u00e1 tinha visto uma grande paralisa\u00e7\u00e3o no primeiro treinos livres, quando a <strong>Alpine <\/strong>de <strong>Pierre Gasly <\/strong><a href=\"https:\/\/www.grandepremio.com\/br\/video\/f1\/pierre-gasly-sofre-falha-mecanica-bandeira-vermelha-tl1-gp-do-canada\/\" target=\"_blank\" aria-label=\" (opens in a new tab)\" rel=\"noreferrer noopener\" class=\"ek-link\">tamb\u00e9m quebrou e ficou parada na pista<\/a>. Em seguida, a sess\u00e3o foi <a href=\"https:\/\/www.grandepremio.com\/br\/f1\/noticias\/f1-atrasa-reinicio-tl1-canada-problemas-cameras-seguranca-circuito\/\" target=\"_blank\" aria-label=\" (opens in a new tab)\" rel=\"noreferrer noopener\" class=\"ek-link\">encerrada por quest\u00f5es relacionadas<\/a> \u00e0s c\u00e2meras de seguran\u00e7a do circuito.<\/p>\n\n\n\n<p class=\"wp-block-paragraph\">O\u00a0<strong>GRANDE PR\u00caMIO\u00a0<\/strong>acompanha todas as atividades do fim de semana da<strong>\u00a0<\/strong><a href=\"https:\/\/www.grandepremio.com\/formula-1\/\" target=\"_blank\" rel=\"noreferrer noopener\" class=\"ek-link\">F\u00f3rmula 1<\/a>\u00a0no Canad\u00e1\u00a0<strong>AO VIVO<\/strong>\u00a0e\u00a0<strong>EM\u00a0<a href=\"https:\/\/www.grandepremio.com\/br\/ao-vivo\/\" target=\"_blank\" rel=\"noreferrer noopener\" class=\"ek-link\">TEMPO REAL<\/a><\/strong>. No s\u00e1bado e no domingo, h\u00e1 tamb\u00e9m a segunda tela, em parceria com a\u00a0<strong>Voz do Esporte<\/strong>.<\/p>\n","protected":false},"excerpt":{"rendered":"<p>Nico H\u00fclkenberg sofreu com uma quebra de motor durante o TL2 do GP do Canad\u00e1, o que o fez encostar o carro na reta principal e paralisar a sess\u00e3o com uma bandeira vermelha<\/p>\n","protected":false},"author":0,"featured_media":1000695565,"comment_status":"closed","ping_status":"closed","sticky":false,"template":"","format":"standard","meta":{"42wp_featured_image_caption":"","42wp_featured_image_credits":"","42wp_featured_video":"","42wp_featured_image_hidden":false,"42wp_authors_list":[],"footnotes":""},"categories":[2],"tags":[147,6533,24837,25044,35348,1491,30103,119,13814,1521],"42wp_author":[47157],"class_list":["post-102073","post","type-post","status-publish","format-standard","has-post-thumbnail","hentry","category-f1","tag-f1","tag-f1-2023","tag-formula-1-2","tag-gp-do-canada-2","tag-gp-do-canada-2023","tag-grande-premio","tag-grande-premio-f1","tag-haas","tag-hulkenberg","tag-nico-hulkenberg","42wp_author-jonas-souza"],"_links":{"self":[{"href":"https:\/\/grandepremio.com\/br\/wp-json\/wp\/v2\/posts\/102073","targetHints":{"allow":["GET"]}}],"collection":[{"href":"https:\/\/grandepremio.com\/br\/wp-json\/wp\/v2\/posts"}],"about":[{"href":"https:\/\/grandepremio.com\/br\/wp-json\/wp\/v2\/types\/post"}],"replies":[{"embeddable":true,"href":"https:\/\/grandepremio.com\/br\/wp-json\/wp\/v2\/comments?post=102073"}],"version-history":[{"count":0,"href":"https:\/\/grandepremio.com\/br\/wp-json\/wp\/v2\/posts\/102073\/revisions"}],"wp:featuredmedia":[{"embeddable":true,"href":"https:\/\/grandepremio.com\/br\/wp-json\/wp\/v2\/media\/1000695565"}],"wp:attachment":[{"href":"https:\/\/grandepremio.com\/br\/wp-json\/wp\/v2\/media?parent=102073"}],"wp:term":[{"taxonomy":"category","embeddable":true,"href":"https:\/\/grandepremio.com\/br\/wp-json\/wp\/v2\/categories?post=102073"},{"taxonomy":"post_tag","embeddable":true,"href":"https:\/\/grandepremio.com\/br\/wp-json\/wp\/v2\/tags?post=102073"},{"taxonomy":"42wp_author","embeddable":true,"href":"https:\/\/grandepremio.com\/br\/wp-json\/wp\/v2\/42wp_author?post=102073"}],"curies":[{"name":"wp","href":"https:\/\/api.w.org\/{rel}","templated":true}]}}