{"id":102092,"date":"2023-06-16T13:13:18","date_gmt":"2023-06-16T16:13:18","guid":{"rendered":"https:\/\/grandepremio.com\/br\/noticias\/f1-sexta-feira-nublada-chance-de-chuva-treinos-livres-montreal\/"},"modified":"2023-06-16T13:16:39","modified_gmt":"2023-06-16T16:16:39","slug":"f1-sexta-feira-nublada-chance-de-chuva-treinos-livres-montreal","status":"publish","type":"post","link":"https:\/\/grandepremio.com\/br\/f1\/f1-sexta-feira-nublada-chance-de-chuva-treinos-livres-montreal\/","title":{"rendered":"F1 tem sexta-feira nublada e chance de chuva para treinos livres em Montreal"},"content":{"rendered":"\n<figure class=\"wp-block-embed is-type-video is-provider-youtube wp-block-embed-youtube wp-embed-aspect-16-9 wp-has-aspect-ratio\"><div class=\"wp-block-embed__wrapper\">\n<iframe loading=\"lazy\" title=\"F1 SE CONFORMA COM 10 EQUIPES: POR QU\u00ca? | WGP\" width=\"500\" height=\"281\" src=\"https:\/\/www.youtube.com\/embed\/hW2bM_uk0ag?feature=oembed\" frameborder=\"0\" allow=\"accelerometer; autoplay; clipboard-write; encrypted-media; gyroscope; picture-in-picture; web-share\" referrerpolicy=\"strict-origin-when-cross-origin\" allowfullscreen><\/iframe>\n<\/div><\/figure>\n\n\n\n<p class=\"wp-block-paragraph\">A chuva pode aparecer j\u00e1 no primeiro dia de atividades da <strong>F1 <\/strong>no <strong>Canad\u00e1<\/strong>. Nesta sexta-feira (16), a previs\u00e3o do tempo em <strong>Montreal <\/strong>aponta c\u00e9u nublado durante a maior parte do tempo, mas chance grande de chuva a partir das 16h locais, ou seja, pouco antes do TL2.<\/p>\n\n\n\n<p class=\"wp-block-paragraph\">As temperaturas devem ficar amenas o dia inteiro, variando entre os 18\u00baC e os 23\u00baC durante as atividades. As chances de chuva, por\u00e9m, v\u00e3o subindo com o passar da tarde: no TL1, marcado para 14h30 (em Bras\u00edlia), apenas ali na casa dos 15%, enquanto que o TL2, \u00e0s 18h, j\u00e1 chega com 78% de chance de chuva. As informa\u00e7\u00f5es s\u00e3o do <strong>Weather Channel<\/strong>.<\/p>\n\n\n\n<figure class=\"wp-block-image size-large\"><img decoding=\"async\" src=\"https:\/\/www.grandepremio.com\/br\/wp-content\/uploads\/2022\/06\/2022-Canadian-Grand-Prix-Sunday-2-1024x684.jpg\" alt=\"\" class=\"wp-image-588604\"\/><figcaption>J\u00e1 tem chance de chuva na sexta-feira em Montreal (Foto: Alpine)<\/figcaption><\/figure>\n\n\n\n<p class=\"wp-block-paragraph\">A umidade \u00e9 alta o dia todo, acima da casa dos 75%, enquanto o vento \u00e9 apenas moderado, ali perto dos 3 km\/h. O p\u00f4r do sol acontece \u00e0s 20h45, quase 2 horas ap\u00f3s o fim das atividades do dia.<\/p>\n\n\n\n<p class=\"wp-block-paragraph\">O\u00a0<strong>GRANDE PR\u00caMIO\u00a0<\/strong>acompanha todas as atividades do fim de semana da<strong>\u00a0<\/strong><a href=\"https:\/\/www.grandepremio.com\/formula-1\/\" target=\"_blank\" rel=\"noreferrer noopener\">F\u00f3rmula 1<\/a>\u00a0no Canad\u00e1 <strong>AO VIVO<\/strong>\u00a0e\u00a0<strong>EM\u00a0<a href=\"https:\/\/www.grandepremio.com\/br\/ao-vivo\/\" target=\"_blank\" rel=\"noreferrer noopener\">TEMPO REAL<\/a><\/strong>. No s\u00e1bado e no domingo, h\u00e1 tamb\u00e9m a segunda tela, em parceria com a\u00a0<strong>Voz do Esporte<\/strong>.<\/p>\n\n\n\n<p class=\"wp-block-paragraph\"><strong>\u25b6\ufe0f\u00a0Inscreva-se nos dois canais do GRANDE PR\u00caMIO no YouTube:\u00a0<a href=\"https:\/\/www.youtube.com\/channel\/UC9OlHEgxoaY6QY6nWPoiqQg?sub_confirmation=1\" target=\"_blank\" rel=\"noreferrer noopener\">GP<\/a>\u00a0|\u00a0<a href=\"https:\/\/www.youtube.com\/channel\/UC9csiS6q_C3C0FYhyr1rnFA?sub_confirmation=1\" target=\"_blank\" rel=\"noreferrer noopener\">GP2<\/a><\/strong><br><strong>\u25b6\ufe0f\u00a0<a href=\"https:\/\/www.twitch.tv\/grandepremio\" target=\"_blank\" rel=\"noreferrer noopener\">Conhe\u00e7a o canal do GRANDE PR\u00caMIO na Twitch clicando aqui!<\/a><\/strong><\/p>\n\n\n\n<figure class=\"wp-block-embed is-type-video is-provider-youtube wp-block-embed-youtube wp-embed-aspect-16-9 wp-has-aspect-ratio\"><div class=\"wp-block-embed__wrapper\">\n<iframe loading=\"lazy\" title=\"F1 NO CANAD\u00c1, MOTOGP NA ALEMANHA E INDY EM ELKHART LAKE: ONDE ASSISTIR AO VIVO?\" width=\"500\" height=\"281\" src=\"https:\/\/www.youtube.com\/embed\/dTmfaq21nBY?feature=oembed\" frameborder=\"0\" allow=\"accelerometer; autoplay; clipboard-write; encrypted-media; gyroscope; picture-in-picture; web-share\" referrerpolicy=\"strict-origin-when-cross-origin\" allowfullscreen><\/iframe>\n<\/div><\/figure>\n","protected":false},"excerpt":{"rendered":"<p>O primeiro dia de atividades de pista do GP do Canad\u00e1 em Montreal pode ter chuva. De acordo com o Weather Channel, o clima fica nublado e a \u00e1gua pode vir, especialmente no TL2<\/p>\n","protected":false},"author":0,"featured_media":1000587187,"comment_status":"closed","ping_status":"closed","sticky":false,"template":"","format":"standard","meta":{"42wp_featured_image_caption":"","42wp_featured_image_credits":"","42wp_featured_video":"","42wp_featured_image_hidden":false,"42wp_authors_list":[],"footnotes":""},"categories":[2],"tags":[20491,309,546,3624,969,147,6533,642,160,207,180,30722,230,2957,213,996,1491,30103,28285,2306,159,547,87,203,90,82,1117,3724,1645,19348,510,1214,5074,2785,2636,2632,204,3132,35150,2036,2773,18713],"42wp_author":[47117],"class_list":["post-102092","post","type-post","status-publish","format-standard","has-post-thumbnail","hentry","category-f1","tag-alpine","tag-aston-martin","tag-carlos-sainz","tag-catalunha","tag-corrida","tag-f1","tag-f1-2023","tag-f1-ao-vivo","tag-f1-tv","tag-ferrari","tag-formula-1","tag-formula-1-2023","tag-gabriel-curty","tag-gp","tag-gp-as-10","tag-gp-da-espanha","tag-grande-premio","tag-grande-premio-f1","tag-grandepremio","tag-grid-de-largada","tag-horarios-da-f1","tag-lando-norris","tag-lewis-hamilton","tag-max-verstappen","tag-mclaren","tag-mercedes","tag-mundial-de-construtores","tag-mundial-de-f1","tag-mundial-de-pilotos","tag-podio","tag-pole","tag-pole-position","tag-principado","tag-q1","tag-q2","tag-q3","tag-red-bull","tag-sergio-perez","tag-setima-etapa-da-temporada-2023-da-f1","tag-treinos-livres","tag-vencedor","tag-vitoria","42wp_author-gabriel-curty"],"_links":{"self":[{"href":"https:\/\/grandepremio.com\/br\/wp-json\/wp\/v2\/posts\/102092","targetHints":{"allow":["GET"]}}],"collection":[{"href":"https:\/\/grandepremio.com\/br\/wp-json\/wp\/v2\/posts"}],"about":[{"href":"https:\/\/grandepremio.com\/br\/wp-json\/wp\/v2\/types\/post"}],"replies":[{"embeddable":true,"href":"https:\/\/grandepremio.com\/br\/wp-json\/wp\/v2\/comments?post=102092"}],"version-history":[{"count":0,"href":"https:\/\/grandepremio.com\/br\/wp-json\/wp\/v2\/posts\/102092\/revisions"}],"wp:featuredmedia":[{"embeddable":true,"href":"https:\/\/grandepremio.com\/br\/wp-json\/wp\/v2\/media\/1000587187"}],"wp:attachment":[{"href":"https:\/\/grandepremio.com\/br\/wp-json\/wp\/v2\/media?parent=102092"}],"wp:term":[{"taxonomy":"category","embeddable":true,"href":"https:\/\/grandepremio.com\/br\/wp-json\/wp\/v2\/categories?post=102092"},{"taxonomy":"post_tag","embeddable":true,"href":"https:\/\/grandepremio.com\/br\/wp-json\/wp\/v2\/tags?post=102092"},{"taxonomy":"42wp_author","embeddable":true,"href":"https:\/\/grandepremio.com\/br\/wp-json\/wp\/v2\/42wp_author?post=102092"}],"curies":[{"name":"wp","href":"https:\/\/api.w.org\/{rel}","templated":true}]}}