{"id":102153,"date":"2023-06-14T05:00:00","date_gmt":"2023-06-14T08:00:00","guid":{"rendered":"https:\/\/grandepremio.com\/br\/noticias\/canada-vai-provar-aston-martin-pode-ficar-frente-mercedes-diz-gabriel-curty\/"},"modified":"2023-06-13T13:01:34","modified_gmt":"2023-06-13T16:01:34","slug":"canada-vai-provar-aston-martin-pode-ficar-frente-mercedes-diz-gabriel-curty","status":"publish","type":"post","link":"https:\/\/grandepremio.com\/br\/f1\/canada-vai-provar-aston-martin-pode-ficar-frente-mercedes-diz-gabriel-curty\/","title":{"rendered":"&#8220;Canad\u00e1 vai provar se Aston Martin pode ficar \u00e0 frente da Mercedes&#8221;, diz Gabriel Curty"},"content":{"rendered":"\n<p class=\"wp-block-paragraph\">Enquanto a Mercedes parece ter acertado com as atualiza\u00e7\u00f5es do W14 &#8216;B&#8217; em Barcelona, a Aston Martins teve seu pior fim de semana em 2023. Por isso, para Gabriel Curty, as atualiza\u00e7\u00f5es dos carros verdes no Canad\u00e1 v\u00e3o provar se ela vai conseguir segurar o \u00edmpeto dos alem\u00e3es. <\/p>\n\n\n\n<p class=\"wp-block-paragraph\"><strong>Confira!<\/strong><\/p>\n\n\n\n<figure class=\"wp-block-embed is-type-rich is-provider-incorporar-manipulador wp-block-embed-incorporar-manipulador wp-embed-aspect-16-9 wp-has-aspect-ratio\"><div class=\"wp-block-embed__wrapper\">\nhttps:\/\/www.youtube.com\/watch?v=0csbEO6jhzg?t=1187\n<\/div><\/figure>\n","protected":false},"excerpt":{"rendered":"<p>Para Gabriel Curty, as atualiza\u00e7\u00f5es dos carros verdes no Canad\u00e1 v\u00e3o provar se ela vai conseguir segurar o \u00edmpeto dos alem\u00e3es<\/p>\n","protected":false},"author":0,"featured_media":1000690388,"comment_status":"closed","ping_status":"closed","sticky":false,"template":"","format":"standard","meta":{"42wp_featured_image_caption":"","42wp_featured_image_credits":"","42wp_featured_video":"","42wp_featured_image_hidden":false,"42wp_authors_list":[],"footnotes":""},"categories":[2],"tags":[2154,6533,207,180,30722,1492,230,14357,1491,30103,28285,82,4486,31785,1537,27357,204,31447,486],"42wp_author":[47139],"class_list":["post-102153","post","type-post","status-publish","format-standard","has-post-thumbnail","hentry","category-f1","tag-evelyn-guimaraes","tag-f1-2023","tag-ferrari","tag-formula-1","tag-formula-1-2023","tag-gabriel-carvalho","tag-gabriel-curty","tag-gp-do-canada","tag-grande-premio","tag-grande-premio-f1","tag-grandepremio","tag-mercedes","tag-montreal","tag-montreal-f1","tag-paddock-gp","tag-programas-grande-premio","tag-red-bull","tag-temporada-2023-f1","tag-victor-martins","42wp_author-ana-cerveira"],"_links":{"self":[{"href":"https:\/\/grandepremio.com\/br\/wp-json\/wp\/v2\/posts\/102153","targetHints":{"allow":["GET"]}}],"collection":[{"href":"https:\/\/grandepremio.com\/br\/wp-json\/wp\/v2\/posts"}],"about":[{"href":"https:\/\/grandepremio.com\/br\/wp-json\/wp\/v2\/types\/post"}],"replies":[{"embeddable":true,"href":"https:\/\/grandepremio.com\/br\/wp-json\/wp\/v2\/comments?post=102153"}],"version-history":[{"count":0,"href":"https:\/\/grandepremio.com\/br\/wp-json\/wp\/v2\/posts\/102153\/revisions"}],"wp:featuredmedia":[{"embeddable":true,"href":"https:\/\/grandepremio.com\/br\/wp-json\/wp\/v2\/media\/1000690388"}],"wp:attachment":[{"href":"https:\/\/grandepremio.com\/br\/wp-json\/wp\/v2\/media?parent=102153"}],"wp:term":[{"taxonomy":"category","embeddable":true,"href":"https:\/\/grandepremio.com\/br\/wp-json\/wp\/v2\/categories?post=102153"},{"taxonomy":"post_tag","embeddable":true,"href":"https:\/\/grandepremio.com\/br\/wp-json\/wp\/v2\/tags?post=102153"},{"taxonomy":"42wp_author","embeddable":true,"href":"https:\/\/grandepremio.com\/br\/wp-json\/wp\/v2\/42wp_author?post=102153"}],"curies":[{"name":"wp","href":"https:\/\/api.w.org\/{rel}","templated":true}]}}