{"id":102193,"date":"2023-06-12T09:40:15","date_gmt":"2023-06-12T12:40:15","guid":{"rendered":"https:\/\/grandepremio.com\/br\/noticias\/logan-sargeant-progresso-desempenho-diz-erro-tl3-espanha-custou-caro\/"},"modified":"2023-06-12T11:25:34","modified_gmt":"2023-06-12T14:25:34","slug":"logan-sargeant-progresso-desempenho-diz-erro-tl3-espanha-custou-caro","status":"publish","type":"post","link":"https:\/\/grandepremio.com\/br\/f1\/logan-sargeant-progresso-desempenho-diz-erro-tl3-espanha-custou-caro\/","title":{"rendered":"Sargeant v\u00ea progresso em desempenho, mas diz que erro no TL3 da Espanha &#8220;custou caro&#8221;"},"content":{"rendered":"\n<figure class=\"wp-block-embed is-type-video is-provider-youtube wp-block-embed-youtube wp-embed-aspect-16-9 wp-has-aspect-ratio\"><div class=\"wp-block-embed__wrapper\">\n<iframe loading=\"lazy\" title=\"ALONSO TEM RAZ\u00c3O! ASTON MARTIN ARRISCA VIRAR AB\u00d3BORA NA F1 2023 | GP \u00e0s 10\" width=\"500\" height=\"281\" src=\"https:\/\/www.youtube.com\/embed\/_Prl07XYd4I?feature=oembed\" frameborder=\"0\" allow=\"accelerometer; autoplay; clipboard-write; encrypted-media; gyroscope; picture-in-picture; web-share\" referrerpolicy=\"strict-origin-when-cross-origin\" allowfullscreen><\/iframe>\n<\/div><\/figure>\n\n\n\n<p class=\"wp-block-paragraph\"><strong>Logan Sargeant<\/strong> <a href=\"https:\/\/www.grandepremio.com\/br\/f1\/noticias\/espanha-cirque-du-soleil-choca-mostrar-simplicidade-assoalho-williams\/\" class=\"ek-link\">fez a alegria dos fot\u00f3grafos ap\u00f3s bater no <strong>treino livre 3<\/strong><\/a> na <strong>Espanha <\/strong>e revelar ao mundo o assoalho da <strong>Williams<\/strong>, mas o novato lamentou bastante o erro que o impediu de buscar um resultado melhor na classifica\u00e7\u00e3o. Nas palavras do americano, &#8220;custou muito, muito caro&#8221;.<\/p>\n\n\n\n<p class=\"wp-block-paragraph\">Sargeant acabou tendo uma classifica\u00e7\u00e3o bastante complicada, pois o time de <strong>Grove <\/strong>teve pouco tempo para reparar o carro #2 para o Q1. O piloto caiu ainda na primeira parte, mas a equipe optou por mexer no carro, fazendo o piloto largar do pit-lane.<\/p>\n\n\n\n<p class=\"wp-block-paragraph\"><strong>\u25b6\ufe0f\u00a0Inscreva-se nos dois canais do GRANDE PR\u00caMIO no YouTube:\u00a0<a href=\"https:\/\/www.youtube.com\/channel\/UC9OlHEgxoaY6QY6nWPoiqQg?sub_confirmation=1\" target=\"_blank\" rel=\"noreferrer noopener\">GP<\/a>\u00a0|\u00a0<a href=\"https:\/\/www.youtube.com\/channel\/UC9csiS6q_C3C0FYhyr1rnFA?sub_confirmation=1\" target=\"_blank\" rel=\"noreferrer noopener\">GP2<\/a><\/strong><br><strong>\u25b6\ufe0f\u00a0<a href=\"https:\/\/www.twitch.tv\/grandepremio\" target=\"_blank\" rel=\"noreferrer noopener\">Conhe\u00e7a o canal do GRANDE PR\u00caMIO na Twitch clicando aqui!<\/a><\/strong><\/p>\n\n\n\n<figure class=\"wp-block-image size-large\"><img decoding=\"async\" src=\"https:\/\/www.grandepremio.com\/br\/wp-content\/uploads\/2023\/06\/f1-2023-monaco-treinos-livres-williams-logansargeant-01-1024x576.png\" alt=\"\" class=\"wp-image-690020\"\/><figcaption>Logan Sargeant bateu no TL3 da Espanha (Foto: Reprodu\u00e7\u00e3o\/F1)<\/figcaption><\/figure>\n\n\n\n<p class=\"wp-block-paragraph\">&#8220;Acho que a prepara\u00e7\u00e3o na sexta-feira foi muito boa&#8221;, avaliou Logan. &#8220;O \u00fanico erro custou muito, muito caro&#8221;, ressaltou.<\/p>\n\n\n\n<p class=\"wp-block-paragraph\">&#8220;Acho que foi o mais pr\u00f3ximo que j\u00e1 estive [em desempenho], embora n\u00e3o tenha mostrado na classifica\u00e7\u00e3o. S\u00f3 acredito que o erro no treino livre 3, ter de apressar a reconstru\u00e7\u00e3o do carro, custou muito, muito caro. Acho que sem isso, ter\u00edamos chegado perto de extrair tudo [do carro]&#8221;, concluiu Sargeant, que ainda busca os seus primeiros pontos na F1. Ele e <strong>Nyck de Vries<\/strong> s\u00e3o os \u00fanicos que ainda n\u00e3o terminaram uma corrida entre os dez primeiros.<\/p>\n\n\n\n<p class=\"wp-block-paragraph\">A F\u00f3rmula 1 volta \u00e0s pistas neste final de semana, de 16 a 18 de junho, no <strong>Canad\u00e1<\/strong>.<\/p>\n","protected":false},"excerpt":{"rendered":"<p>Logan Sargeant ainda persegue os seus primeiros pontos na F\u00f3rmula 1, mas o erro no TL3 da Espanha o impediu de mais uma vez buscar um resultado melhor na temporada 2023<\/p>\n","protected":false},"author":0,"featured_media":1000686350,"comment_status":"closed","ping_status":"closed","sticky":false,"template":"","format":"standard","meta":{"42wp_featured_image_caption":"","42wp_featured_image_credits":"","42wp_featured_video":"","42wp_featured_image_hidden":false,"42wp_authors_list":[],"footnotes":""},"categories":[2],"tags":[304,26271,5273,1877,147,6533,180,30722,996,1491,28285,30840,25553,31447,1693,215],"42wp_author":[47147],"class_list":["post-102193","post","type-post","status-publish","format-standard","has-post-thumbnail","hentry","category-f1","tag-barcelona","tag-calendario-f1","tag-classificacao-f1","tag-espanha","tag-f1","tag-f1-2023","tag-formula-1","tag-formula-1-2023","tag-gp-da-espanha","tag-grande-premio","tag-grandepremio","tag-horarios-f1","tag-logan-sargeant","tag-temporada-2023-f1","tag-tl3","tag-williams","42wp_author-luana-marino"],"_links":{"self":[{"href":"https:\/\/grandepremio.com\/br\/wp-json\/wp\/v2\/posts\/102193","targetHints":{"allow":["GET"]}}],"collection":[{"href":"https:\/\/grandepremio.com\/br\/wp-json\/wp\/v2\/posts"}],"about":[{"href":"https:\/\/grandepremio.com\/br\/wp-json\/wp\/v2\/types\/post"}],"replies":[{"embeddable":true,"href":"https:\/\/grandepremio.com\/br\/wp-json\/wp\/v2\/comments?post=102193"}],"version-history":[{"count":0,"href":"https:\/\/grandepremio.com\/br\/wp-json\/wp\/v2\/posts\/102193\/revisions"}],"wp:featuredmedia":[{"embeddable":true,"href":"https:\/\/grandepremio.com\/br\/wp-json\/wp\/v2\/media\/1000686350"}],"wp:attachment":[{"href":"https:\/\/grandepremio.com\/br\/wp-json\/wp\/v2\/media?parent=102193"}],"wp:term":[{"taxonomy":"category","embeddable":true,"href":"https:\/\/grandepremio.com\/br\/wp-json\/wp\/v2\/categories?post=102193"},{"taxonomy":"post_tag","embeddable":true,"href":"https:\/\/grandepremio.com\/br\/wp-json\/wp\/v2\/tags?post=102193"},{"taxonomy":"42wp_author","embeddable":true,"href":"https:\/\/grandepremio.com\/br\/wp-json\/wp\/v2\/42wp_author?post=102193"}],"curies":[{"name":"wp","href":"https:\/\/api.w.org\/{rel}","templated":true}]}}