{"id":102257,"date":"2023-06-09T17:47:13","date_gmt":"2023-06-09T20:47:13","guid":{"rendered":"https:\/\/grandepremio.com\/br\/noticias\/charles-leclerc-quebra-recorde-ayrton-senna-leilao-auxiliar-vitimas-enchentes-italia\/"},"modified":"2023-06-09T22:03:59","modified_gmt":"2023-06-10T01:03:59","slug":"charles-leclerc-quebra-recorde-ayrton-senna-leilao-auxiliar-vitimas-enchentes-italia","status":"publish","type":"post","link":"https:\/\/grandepremio.com\/br\/f1\/charles-leclerc-quebra-recorde-ayrton-senna-leilao-auxiliar-vitimas-enchentes-italia\/","title":{"rendered":"Leclerc quebra recorde de Senna em leil\u00e3o voltado para v\u00edtimas das enchentes na It\u00e1lia"},"content":{"rendered":"\n<figure class=\"wp-block-embed is-type-video is-provider-youtube wp-block-embed-youtube wp-embed-aspect-16-9 wp-has-aspect-ratio\"><div class=\"wp-block-embed__wrapper\">\n<iframe loading=\"lazy\" title=\"&quot;FERRARI E LECLERC S\u00c3O COMO \u00d3LEO E \u00c1GUA NA F1 2023&quot; | GP \u00e0s 10\" width=\"500\" height=\"281\" src=\"https:\/\/www.youtube.com\/embed\/0t8Aeeu2_aI?feature=oembed\" frameborder=\"0\" allow=\"accelerometer; autoplay; clipboard-write; encrypted-media; gyroscope; picture-in-picture; web-share\" referrerpolicy=\"strict-origin-when-cross-origin\" allowfullscreen><\/iframe>\n<\/div><figcaption>&#8220;FERRARI E LECLERC S\u00c3O COMO \u00d3LEO E \u00c1GUA NA F1 2023&#8221; | GP \u00e0s 10<\/figcaption><\/figure>\n\n\n\n<p class=\"wp-block-paragraph\">O capacete usado por <strong>Charles Leclerc<\/strong> no \u00faltimo <strong>GP de M\u00f4naco<\/strong> foi arrematado por \u20ac 306 mil \u2014 mais de R$ 1,6 milh\u00e3o na cota\u00e7\u00e3o atual \u2014 em leil\u00e3o realizado com intuito de arrecadar fundos para as v\u00edtimas das enchentes que ocorreram no m\u00eas de maio no norte da It\u00e1lia e causaram at\u00e9 o cancelamento do <strong>GP da Em\u00edlia-Romanha<\/strong> de <strong>F\u00f3rmula 1<\/strong>. Com o valor da aquisi\u00e7\u00e3o, a pe\u00e7a quebrou o recorde de capacete mais caro de pilotos da F1: batendo um recorde que era de <strong>Ayrton Senna<\/strong>.<\/p>\n\n\n\n<p class=\"wp-block-paragraph\"><strong>\u25b6\ufe0f\u00a0Inscreva-se nos dois canais do GRANDE PR\u00caMIO no YouTube:\u00a0<a href=\"https:\/\/www.youtube.com\/channel\/UC9OlHEgxoaY6QY6nWPoiqQg?sub_confirmation=1\" target=\"_blank\" rel=\"noreferrer noopener\">GP<\/a>\u00a0|\u00a0<a href=\"https:\/\/www.youtube.com\/channel\/UC9csiS6q_C3C0FYhyr1rnFA?sub_confirmation=1\" target=\"_blank\" rel=\"noreferrer noopener\">GP2<\/a><\/strong><br><strong>\u25b6\ufe0f\u00a0<a href=\"https:\/\/www.twitch.tv\/grandepremio\" target=\"_blank\" rel=\"noreferrer noopener\">Conhe\u00e7a o canal do GRANDE PR\u00caMIO na Twitch clicando aqui!<\/a><\/strong><\/p>\n\n\n\n<p class=\"wp-block-paragraph\">A empresa de leil\u00f5es <strong>RM Sotheby&#8217;s<\/strong> revelou, em comunicado oficial, que o valor foi superior a um capacete usado por Senna em 1990, leiloado em 2019. O item, com o r\u00e1dio da equipe ainda fixo, tinha o recorde anterior quando foi arrematado por \u20ac 162 mil, mais de R$ 900 mil.<\/p>\n\n\n\n<p class=\"wp-block-paragraph\">Durante o leil\u00e3o beneficente &#8216;Charles Leclerc pela Em\u00edlia-Romanha&#8217; mais itens do piloto foram colocados \u00e0 venda. Um dos macac\u00f5es que ele tamb\u00e9m usou no GP nas ruas de Monte Carlo, arrecadou R$ 320 mil, as sapatilhas sa\u00edram por R$ 106 mil e as luvas foram arrematadas por R$ 220 mil&#8217;. O total dos itens rendeu \u20ac 429,6 mil euros, aproximadamente R$ 2,2 milh\u00f5es.<\/p>\n\n\n\n<figure class=\"wp-block-image size-large\"><img decoding=\"async\" src=\"https:\/\/www.grandepremio.com\/br\/wp-content\/uploads\/2023\/06\/f1-2023-monaco-treinos-livres-ferrari-charlesleclerc-01-1024x683.jpg\" alt=\"\" class=\"wp-image-689391\"\/><figcaption>Charles Leclerc bateu recorde de Ayrton Senna (Foto: Ferrari)<\/figcaption><\/figure>\n\n\n\n<p class=\"wp-block-paragraph\">&#8220;Os fundos arrecadados com os itens ser\u00e3o doados diretamente ao munic\u00edpio de \u00cdmola e todos os territ\u00f3rios e cidades mais afetados, que foram devastados pelas enchentes que atingiram uma vasta \u00e1rea da regi\u00e3o da Em\u00edlia-Romanha, na It\u00e1lia, com aten\u00e7\u00e3o especial para as fam\u00edlias com crian\u00e7as que, infelizmente, perderam suas casas&#8221;, falou um porta-voz da RM Sotheby&#8217;s antes do leil\u00e3o desta semana.<\/p>\n\n\n\n<p class=\"wp-block-paragraph\">O capacete <strong>Bell HP77<\/strong> vermelho e branco \u00e9 uma pe\u00e7a \u00fanica e foi criado para Leclerc usar na prova em sua cidade natal, a qual terminou em sexto. Em suas redes sociais, o piloto da Ferrari agradeceu aos compradores. &#8220;Muito obrigado a todas as pessoas que participaram do leil\u00e3o, \u20ac 358 mil \u00e9 um valor incr\u00edvel que tenho certeza que vai ajudar muitas pessoas\u201d.<\/p>\n\n\n\n<p class=\"wp-block-paragraph\">Estima-se que as enchentes de meados de maio, que cancelaram o GP da Em\u00edlia-Romanha, tenham tirado 20 mil pessoas de seus lares. A regi\u00e3o onde fica \u00cdmola foi de longe a parte mais afetada do pa\u00eds, com mais de 40 cidades, incluindo a cidade natal de Ferrari, Maranello, afetadas por inunda\u00e7\u00f5es repentinas e deslizamentos de terra. A trag\u00e9dia causou 15 pessoas no que se acredita que seja o pior evento clim\u00e1tico com estas caracter\u00edsticas ocorrido na It\u00e1lia nos \u00faltimos 100 anos.<\/p>\n\n\n\n<p class=\"wp-block-paragraph\">Com 42 pontos na s\u00e9tima posi\u00e7\u00e3o na tabela de pilotos, Charles Leclerc retorna \u00e0 pista no&nbsp;<strong>GP do Canad\u00e1<\/strong>, oitava etapa da temporada. As atividades acontecem entre os dias 16 e 18 de junho. E o&nbsp;<strong>GRANDE PR\u00caMIO<\/strong>&nbsp;acompanha tudo.<\/p>\n\n\n\n<figure class=\"wp-block-embed is-type-video is-provider-youtube wp-block-embed-youtube wp-embed-aspect-16-9 wp-has-aspect-ratio\"><div class=\"wp-block-embed__wrapper\">\n<iframe loading=\"lazy\" title=\"24 HORAS DE LE MANS + MOTOGP NA IT\u00c1LIA: ONDE ASSISTIR?\" width=\"500\" height=\"281\" src=\"https:\/\/www.youtube.com\/embed\/H4TeLe8mcTk?feature=oembed\" frameborder=\"0\" allow=\"accelerometer; autoplay; clipboard-write; encrypted-media; gyroscope; picture-in-picture; web-share\" referrerpolicy=\"strict-origin-when-cross-origin\" allowfullscreen><\/iframe>\n<\/div><figcaption>24 HORAS DE LE MANS + MOTOGP NA IT\u00c1LIA: ONDE ASSISTIR?<\/figcaption><\/figure>\n","protected":false},"excerpt":{"rendered":"<p>A empresa de leil\u00f5es RM Sotheby&#8217;s disse que o capacete que Charles Leclerc usou \u00e9 o item usado por um piloto mais carro j\u00e1 comprado. Valor ser\u00e1 revertido para v\u00edtimas das enchentes na It\u00e1lia<\/p>\n","protected":false},"author":0,"featured_media":1000686342,"comment_status":"closed","ping_status":"closed","sticky":false,"template":"","format":"standard","meta":{"42wp_featured_image_caption":"","42wp_featured_image_credits":"","42wp_featured_video":"","42wp_featured_image_hidden":false,"42wp_authors_list":[],"footnotes":""},"categories":[2],"tags":[699,209,26134,147,6533,207,25606,1491,30103,3324],"42wp_author":[47157],"class_list":["post-102257","post","type-post","status-publish","format-standard","has-post-thumbnail","hentry","category-f1","tag-ayrton-senna","tag-charles-leclerc","tag-emilia-romanha","tag-f1","tag-f1-2023","tag-ferrari","tag-gp-da-emilia-romanha","tag-grande-premio","tag-grande-premio-f1","tag-senna","42wp_author-jonas-souza"],"_links":{"self":[{"href":"https:\/\/grandepremio.com\/br\/wp-json\/wp\/v2\/posts\/102257","targetHints":{"allow":["GET"]}}],"collection":[{"href":"https:\/\/grandepremio.com\/br\/wp-json\/wp\/v2\/posts"}],"about":[{"href":"https:\/\/grandepremio.com\/br\/wp-json\/wp\/v2\/types\/post"}],"replies":[{"embeddable":true,"href":"https:\/\/grandepremio.com\/br\/wp-json\/wp\/v2\/comments?post=102257"}],"version-history":[{"count":0,"href":"https:\/\/grandepremio.com\/br\/wp-json\/wp\/v2\/posts\/102257\/revisions"}],"wp:featuredmedia":[{"embeddable":true,"href":"https:\/\/grandepremio.com\/br\/wp-json\/wp\/v2\/media\/1000686342"}],"wp:attachment":[{"href":"https:\/\/grandepremio.com\/br\/wp-json\/wp\/v2\/media?parent=102257"}],"wp:term":[{"taxonomy":"category","embeddable":true,"href":"https:\/\/grandepremio.com\/br\/wp-json\/wp\/v2\/categories?post=102257"},{"taxonomy":"post_tag","embeddable":true,"href":"https:\/\/grandepremio.com\/br\/wp-json\/wp\/v2\/tags?post=102257"},{"taxonomy":"42wp_author","embeddable":true,"href":"https:\/\/grandepremio.com\/br\/wp-json\/wp\/v2\/42wp_author?post=102257"}],"curies":[{"name":"wp","href":"https:\/\/api.w.org\/{rel}","templated":true}]}}