{"id":102262,"date":"2023-06-09T14:09:26","date_gmt":"2023-06-09T17:09:26","guid":{"rendered":"https:\/\/grandepremio.com\/br\/noticias\/ferrari-admite-surpresa-ritmo-para-pole-24h-le-mans-nao-esperavamos\/"},"modified":"2023-06-09T14:09:32","modified_gmt":"2023-06-09T17:09:32","slug":"ferrari-admite-surpresa-ritmo-para-pole-24h-le-mans-nao-esperavamos","status":"publish","type":"post","link":"https:\/\/grandepremio.com\/br\/endurance\/ferrari-admite-surpresa-ritmo-para-pole-24h-le-mans-nao-esperavamos\/","title":{"rendered":"Ferrari admite surpresa com ritmo para pole nas 24H de Le Mans: \u201cN\u00e3o esper\u00e1vamos\u201d"},"content":{"rendered":"\n<figure class=\"wp-block-embed is-type-video is-provider-youtube wp-block-embed-youtube wp-embed-aspect-16-9 wp-has-aspect-ratio\"><div class=\"wp-block-embed__wrapper\">\n<iframe loading=\"lazy\" title=\"24 HORAS DE LE MANS + MOTOGP NA IT\u00c1LIA: ONDE ASSISTIR?\" width=\"500\" height=\"281\" src=\"https:\/\/www.youtube.com\/embed\/H4TeLe8mcTk?feature=oembed\" frameborder=\"0\" allow=\"accelerometer; autoplay; clipboard-write; encrypted-media; gyroscope; picture-in-picture; web-share\" referrerpolicy=\"strict-origin-when-cross-origin\" allowfullscreen><\/iframe>\n<\/div><figcaption>24 HORAS DE LE MANS + MOTOGP NA IT\u00c1LIA: ONDE ASSISTIR?<\/figcaption><\/figure>\n\n\n\n<p class=\"wp-block-paragraph\">O bom desempenho da <strong>Ferrari<\/strong> na <strong><a href=\"https:\/\/www.grandepremio.com\/br\/endurance\/noticias\/antonio-fuoco-quebra-jejum-50-anos-coloca-ferrari-pole-24-horas-le-mans\/\" class=\"ek-link\">classifica\u00e7\u00e3o das 24 Horas de Le Mans<\/a><\/strong> foi uma surpresa at\u00e9 mesmo para os integrantes da equipe. <strong>Ferdinando Cannizzo<\/strong>, diretor-t\u00e9cnico de corridas de carros esportivos da Ferrari, comentou que a volta de 3m22min982s superou as expectativas internas.<\/p>\n\n\n\n<p class=\"wp-block-paragraph\">O carro guiado por <strong>Antonio Fuoco<\/strong> foi 0.7s mais r\u00e1pido que o de seu companheiro de equipe, <strong>Alessandro Pier Guidi<\/strong>, e com isso as duas Ferrari fecharam a primeira fila na prova que ser\u00e1 realizada neste s\u00e1bado (10), em la Sarthe.<\/p>\n\n\n\n<p class=\"wp-block-paragraph\">&#8220;Para ser honesto, n\u00e3o esper\u00e1vamos esse tempo de volta&#8221;, reconheceu Cannizzo. &#8220;Apenas preparamos o carro da melhor forma poss\u00edvel, mas temos que dizer que Antonio fez uma de suas melhores voltas. Estamos muito felizes por termos dado a ele um bom carro\u201d, seguiu.<\/p>\n\n\n\n<p class=\"wp-block-paragraph\"><strong>\u25b6\ufe0f&nbsp;Inscreva-se nos dois canais do GRANDE PR\u00caMIO no YouTube:&nbsp;<a href=\"https:\/\/www.youtube.com\/channel\/UC9OlHEgxoaY6QY6nWPoiqQg?sub_confirmation=1\" target=\"_blank\" rel=\"noreferrer noopener\">GP<\/a>&nbsp;|&nbsp;<a href=\"https:\/\/www.youtube.com\/channel\/UC9csiS6q_C3C0FYhyr1rnFA?sub_confirmation=1\" target=\"_blank\" rel=\"noreferrer noopener\">GP2<\/a><\/strong><br><strong>\u25b6\ufe0f&nbsp;<a href=\"https:\/\/www.twitch.tv\/grandepremio\" target=\"_blank\" rel=\"noreferrer noopener\">Conhe\u00e7a o canal do GRANDE PR\u00caMIO na Twitch clicando aqui!<\/a><\/strong><\/p>\n\n\n\n<figure class=\"wp-block-image size-full\"><img decoding=\"async\" src=\"https:\/\/www.grandepremio.com\/br\/wp-content\/uploads\/2023\/06\/GPF2-4.jpg\" alt=\"\" class=\"wp-image-693149\"\/><figcaption>A Ferrari #51 em Le Mans: liderou \u00faltimo treino e larga em segundo (Foto: ACO)<\/figcaption><\/figure>\n\n\n\n<p class=\"wp-block-paragraph\">Pier Guidi havia sido mais r\u00e1pido ap\u00f3s as primeiras voltas, com o tempo de 3m23.897s. Com as posi\u00e7\u00f5es trocadas, Fuoco conseguiu percorrer todo o circuito com uma vantagem maior que 1s em rela\u00e7\u00e3o \u00e0 primeira tentativa.<\/p>\n\n\n\n<p class=\"wp-block-paragraph\">&#8220;Estou muito feliz com nossa estrat\u00e9gia na hiperpole. Decidimos sair atr\u00e1s dos <strong>Toyota<\/strong> para conseguir andar no v\u00e1cuo deles e nossos carros tamb\u00e9m estavam se ajudando\u201d, explicou Cannizzo.<\/p>\n\n\n\n<p class=\"wp-block-paragraph\">O chefe do setor de carros esportivos da Ferrari, <strong>Antonello Coletta<\/strong>, afirmou que a dobradinha da Ferrari para a corrida \u00e9 um &#8220;momento inacredit\u00e1vel&#8221;. Mas ressaltou que o trabalho \u00e1rduo continua \u00e0 frente da equipe. &#8220;Este \u00e9 apenas o primeiro passo de um longo caminho em Le Mans. Sabemos que a situa\u00e7\u00e3o na corrida ser\u00e1 muito diferente: a classifica\u00e7\u00e3o \u00e9 uma quest\u00e3o e a corrida \u00e9 outra hist\u00f3ria. A chave ser\u00e1 a confiabilidade: este \u00e9 o verdadeiro jogo a ser observado em Le Mans\u201d, disse.<\/p>\n\n\n\n<p class=\"wp-block-paragraph\">Coletta ainda ressaltou que seu objetivo da Ferrari continua sendo um p\u00f3dio em seu retorno \u00e0s 24H de Le Mans com um prot\u00f3tipo de f\u00e1brica ap\u00f3s 50 anos de aus\u00eancia. E tamb\u00e9m comentou como o time italiano ainda est\u00e1 atr\u00e1s dos favoritos da rival japonesa, principalmente em termos de bagagem na pista francesa. &#8220;Temos de respeitar a Toyota, que tem mais experi\u00eancia do que n\u00f3s. Os japoneses continuam sendo o topo da categoria neste momento\u201d, completou.<\/p>\n\n\n\n<p class=\"wp-block-paragraph\">O WEC est\u00e1 no circuito de Sarthe, na Fran\u00e7a, para a disputa da 91\u00aa edi\u00e7\u00e3o das 24 Horas de Le Mans, que tem in\u00edcio neste s\u00e1bado, \u00e0s 11h. O Brasil ser\u00e1 representado por seis pilotos na tradicional prova do automobilismo mundial,&nbsp;<strong><a href=\"https:\/\/www.grandepremio.com\/br\/piloto\/felipe-nasr\/\" target=\"_blank\" rel=\"noreferrer noopener\">Felipe Nasr<\/a><\/strong>, da&nbsp;<strong>Porsche Penske<\/strong>,&nbsp;<strong>Luis Felipe Derani<\/strong>, da&nbsp;<strong>Action Express<\/strong>,&nbsp;<strong>Pietro Fittipaldi<\/strong>, da&nbsp;<strong>JOTA<\/strong>,&nbsp;<strong>Andr\u00e9 Negr\u00e3o<\/strong>, da&nbsp;<strong>Alpine<\/strong>, e&nbsp;<strong><a href=\"https:\/\/www.grandepremio.com\/br\/piloto\/daniel-serra\/\" target=\"_blank\" rel=\"noreferrer noopener\">Daniel Serra<\/a><\/strong>, da&nbsp;<strong>Kessel<\/strong>.<\/p>\n\n\n\n<p class=\"wp-block-paragraph\"><strong>SAIBA MAIS<br>+<\/strong>\u00a0<strong><a href=\"https:\/\/www.grandepremio.com\/br\/endurance\/noticias\/quais-horarios-edicao-marca-centenario-24-horas-le-mans\/\">Quais os hor\u00e1rios da edi\u00e7\u00e3o que marca centen\u00e1rio das 24 Horas de Le Mans<\/a><\/strong><br><strong>+\u00a0<a href=\"https:\/\/www.grandepremio.com\/br\/endurance\/noticias\/historia-em-100-anos-quem-sao-maiores-vencedores-24-horas-de-le-mans\/\">Hist\u00f3ria em 100 anos: quem s\u00e3o os maiores vencedores das 24 Horas de Le Mans<\/a><br>+\u00a0<a href=\"https:\/\/www.grandepremio.com\/br\/endurance\/noticias\/23-participacoes-4-vitorias-quinteto-brasileiro-24-horas-le-mans-2023\/\">23 participa\u00e7\u00f5es, 4 vit\u00f3rias: o quinteto brasileiro nas 24 Horas de Le Mans de 2023<\/a><br>+<\/strong>\u00a0<strong><a href=\"https:\/\/www.grandepremio.com\/br\/endurance\/noticias\/24h-de-le-mans-vive-centenario-toyota-dominante-classe-hipercarros-lotada\/\">24h de Le Mans vive centen\u00e1rio com Toyota dominante e classe dos hipercarros lotada<\/a><\/strong><\/p>\n","protected":false},"excerpt":{"rendered":"<p>A Ferrari se surpreendeu com o bom desempenho na classifica\u00e7\u00e3o e garantiu a primeira fila mas, Ferdinando Cannizzo ressaltou que o objetivo \u00e9 um p\u00f3dio, e a Toyota ainda \u00e9 favorita<\/p>\n","protected":false},"author":0,"featured_media":1000693150,"comment_status":"closed","ping_status":"closed","sticky":false,"template":"","format":"standard","meta":{"42wp_featured_image_caption":"","42wp_featured_image_credits":"","42wp_featured_video":"","42wp_featured_image_hidden":false,"42wp_authors_list":[],"footnotes":""},"categories":[18],"tags":[28876,5200,427,207,24836,30103,1208],"42wp_author":[47157],"class_list":["post-102262","post","type-post","status-publish","format-standard","has-post-thumbnail","hentry","category-endurance","tag-24h-le-mans","tag-antonio-fuoco","tag-endurance","tag-ferrari","tag-grande-premio-2","tag-grande-premio-f1","tag-le-mans","42wp_author-jonas-souza"],"_links":{"self":[{"href":"https:\/\/grandepremio.com\/br\/wp-json\/wp\/v2\/posts\/102262","targetHints":{"allow":["GET"]}}],"collection":[{"href":"https:\/\/grandepremio.com\/br\/wp-json\/wp\/v2\/posts"}],"about":[{"href":"https:\/\/grandepremio.com\/br\/wp-json\/wp\/v2\/types\/post"}],"replies":[{"embeddable":true,"href":"https:\/\/grandepremio.com\/br\/wp-json\/wp\/v2\/comments?post=102262"}],"version-history":[{"count":0,"href":"https:\/\/grandepremio.com\/br\/wp-json\/wp\/v2\/posts\/102262\/revisions"}],"wp:featuredmedia":[{"embeddable":true,"href":"https:\/\/grandepremio.com\/br\/wp-json\/wp\/v2\/media\/1000693150"}],"wp:attachment":[{"href":"https:\/\/grandepremio.com\/br\/wp-json\/wp\/v2\/media?parent=102262"}],"wp:term":[{"taxonomy":"category","embeddable":true,"href":"https:\/\/grandepremio.com\/br\/wp-json\/wp\/v2\/categories?post=102262"},{"taxonomy":"post_tag","embeddable":true,"href":"https:\/\/grandepremio.com\/br\/wp-json\/wp\/v2\/tags?post=102262"},{"taxonomy":"42wp_author","embeddable":true,"href":"https:\/\/grandepremio.com\/br\/wp-json\/wp\/v2\/42wp_author?post=102262"}],"curies":[{"name":"wp","href":"https:\/\/api.w.org\/{rel}","templated":true}]}}