{"id":102283,"date":"2023-06-09T04:15:00","date_gmt":"2023-06-09T07:15:00","guid":{"rendered":"https:\/\/grandepremio.com\/br\/noticias\/onde-assistir-ao-vivo-24-horas-le-mans-2023\/"},"modified":"2023-06-08T19:42:53","modified_gmt":"2023-06-08T22:42:53","slug":"onde-assistir-ao-vivo-24-horas-le-mans-2023","status":"publish","type":"post","link":"https:\/\/grandepremio.com\/br\/endurance\/onde-assistir-ao-vivo-24-horas-le-mans-2023\/","title":{"rendered":"Onde assistir ao vivo \u00e0s 24 Horas de Le Mans 2023"},"content":{"rendered":"\n<p class=\"wp-block-paragraph\">A temporada 2023 do <strong>Mundial de Endurance <\/strong>ter\u00e1 neste fim de semana a sua prova mais emblem\u00e1tica: as <strong>24 Horas de Le Mans<\/strong>, e este ano, o evento marca os 100 anos daquela que \u00e9 considerada uma das competi\u00e7\u00f5es mais importantes do esporte a motor, compondo a chamada tr\u00edplice coroa do automobilismo ao lado das <strong>500 Milhas de Indian\u00e1polis<\/strong> e do <strong>GP de M\u00f4naco de F\u00f3rmula 1<\/strong>.<\/p>\n\n\n\n<p class=\"wp-block-paragraph\">Este ano, o torcedor poder\u00e1 acompanhar a prova completa pelo canal do <strong>BandSports <\/strong>no <strong>YouTube<\/strong>, al\u00e9m de parciais da corrida no canal fechado da emissora na televis\u00e3o.<\/p>\n\n\n\n<p class=\"wp-block-paragraph\"><strong>\u25b6\ufe0f&nbsp;Inscreva-se nos dois canais do GRANDE PR\u00caMIO no YouTube:&nbsp;<a href=\"https:\/\/www.youtube.com\/channel\/UC9OlHEgxoaY6QY6nWPoiqQg?sub_confirmation=1\" target=\"_blank\" rel=\"noreferrer noopener\">GP<\/a>&nbsp;|&nbsp;<a href=\"https:\/\/www.youtube.com\/channel\/UC9csiS6q_C3C0FYhyr1rnFA?sub_confirmation=1\" target=\"_blank\" rel=\"noreferrer noopener\">GP2<\/a><\/strong><br><strong>\u25b6\ufe0f&nbsp;<a href=\"https:\/\/www.twitch.tv\/grandepremio\" target=\"_blank\" rel=\"noreferrer noopener\">Conhe\u00e7a o canal do GRANDE PR\u00caMIO na Twitch clicando aqui!<\/a><\/strong><\/p>\n\n\n\n<figure class=\"wp-block-image size-large\"><img decoding=\"async\" src=\"https:\/\/www.grandepremio.com\/br\/wp-content\/uploads\/2023\/06\/GPF2-1-1024x683.jpg\" alt=\"\" class=\"wp-image-692536\"\/><figcaption>O brasileiro Pipo Derani est\u00e1 no #311 da Action Express (Foto: 24 Horas de Le Mans)<\/figcaption><\/figure>\n\n\n\n<p class=\"wp-block-paragraph\">No s\u00e1bado (10), a largada est\u00e1 marcada para as 11h (de Bras\u00edlia, GMT-3). O BandSports no YouTube transmite, e apenas na internet haver\u00e1 a exibi\u00e7\u00e3o na \u00edntegra. No canal por assinatura, ser\u00e3o mais duas parciais ao longo do dia, \u00e0s 14h30 e \u00e0s 10h15.<\/p>\n\n\n\n<p class=\"wp-block-paragraph\">No domingo, a partir das 8h, o p\u00fablico ter\u00e1 a chance de acompanhar pela televis\u00e3o toda a parte final do evento.<\/p>\n\n\n\n<p class=\"wp-block-paragraph\">Apesar de ser a 91\u00aa edi\u00e7\u00e3o da corrida, Le Mans celebra o centen\u00e1rio da primeira realiza\u00e7\u00e3o do evento, em 1923. Depois da introdu\u00e7\u00e3o do regulamento dos hipercarros e a fus\u00e3o de regulamento com o <strong>IMSA<\/strong>, mais marcas optaram por participar de Le Mans neste ano. Na classe principal, por exemplo, ser\u00e3o 18 inscri\u00e7\u00f5es, o maior n\u00famero desde 2012.<\/p>\n","protected":false},"excerpt":{"rendered":"<p>A largada da edi\u00e7\u00e3o que marca o centen\u00e1rio das 24 Horas de Le Mans acontece no s\u00e1bado, \u00e0s 11h (de Bras\u00edlia, GMT-3). Saiba onde acompanhar a prova na \u00edntegra e tamb\u00e9m as parciais<\/p>\n","protected":false},"author":0,"featured_media":1000692534,"comment_status":"closed","ping_status":"closed","sticky":false,"template":"","format":"standard","meta":{"42wp_featured_image_caption":"","42wp_featured_image_credits":"","42wp_featured_video":"","42wp_featured_image_hidden":false,"42wp_authors_list":[],"footnotes":""},"categories":[18],"tags":[20491,25129,77,73,1491,28285,9048,27659,31921,32087,408,756,35235,35233,27344],"42wp_author":[47147],"class_list":["post-102283","post","type-post","status-publish","format-standard","has-post-thumbnail","hentry","category-endurance","tag-alpine","tag-andre-negrao","tag-daniel-serra","tag-felipe-nasr","tag-grande-premio","tag-grandepremio","tag-jota","tag-le-mans-2023","tag-mundial-de-endurance-2023","tag-onde-assistir","tag-pietro-fittipaldi","tag-pipo-derani","tag-porsche-penske","tag-sarthe-2023","tag-wec-2023","42wp_author-luana-marino"],"_links":{"self":[{"href":"https:\/\/grandepremio.com\/br\/wp-json\/wp\/v2\/posts\/102283","targetHints":{"allow":["GET"]}}],"collection":[{"href":"https:\/\/grandepremio.com\/br\/wp-json\/wp\/v2\/posts"}],"about":[{"href":"https:\/\/grandepremio.com\/br\/wp-json\/wp\/v2\/types\/post"}],"replies":[{"embeddable":true,"href":"https:\/\/grandepremio.com\/br\/wp-json\/wp\/v2\/comments?post=102283"}],"version-history":[{"count":0,"href":"https:\/\/grandepremio.com\/br\/wp-json\/wp\/v2\/posts\/102283\/revisions"}],"wp:featuredmedia":[{"embeddable":true,"href":"https:\/\/grandepremio.com\/br\/wp-json\/wp\/v2\/media\/1000692534"}],"wp:attachment":[{"href":"https:\/\/grandepremio.com\/br\/wp-json\/wp\/v2\/media?parent=102283"}],"wp:term":[{"taxonomy":"category","embeddable":true,"href":"https:\/\/grandepremio.com\/br\/wp-json\/wp\/v2\/categories?post=102283"},{"taxonomy":"post_tag","embeddable":true,"href":"https:\/\/grandepremio.com\/br\/wp-json\/wp\/v2\/tags?post=102283"},{"taxonomy":"42wp_author","embeddable":true,"href":"https:\/\/grandepremio.com\/br\/wp-json\/wp\/v2\/42wp_author?post=102283"}],"curies":[{"name":"wp","href":"https:\/\/api.w.org\/{rel}","templated":true}]}}