{"id":102308,"date":"2023-06-08T04:30:00","date_gmt":"2023-06-08T07:30:00","guid":{"rendered":"https:\/\/grandepremio.com\/br\/noticias\/mercedes-vice-lider-fator-lance-stroll-mas-vai-manter-ritmo-ve-gabriel-curty\/"},"modified":"2023-06-06T15:08:09","modified_gmt":"2023-06-06T18:08:09","slug":"mercedes-vice-lider-fator-lance-stroll-mas-vai-manter-ritmo-ve-gabriel-curty","status":"publish","type":"post","link":"https:\/\/grandepremio.com\/br\/f1\/mercedes-vice-lider-fator-lance-stroll-mas-vai-manter-ritmo-ve-gabriel-curty\/","title":{"rendered":"&#8220;Mercedes \u00e9 vice-l\u00edder por &#8216;fator Stroll&#8217;, mas vai manter por ritmo&#8221;, v\u00ea Gabriel Curty"},"content":{"rendered":"\n<p class=\"wp-block-paragraph\">A Mercedes ainda \u00e9 inc\u00f3gnita. Afinal, ainda que aparente ter um melhor ritmo com o &#8216;novo&#8217; W14, a pista de Barcelona sempre foi boa para os alem\u00e3es. A chance de ocupar o papel de segunda for\u00e7a \u00e9 se realmente for constante, para Gabriel Curty. E Lance Stroll seguir longe de Fernando Alonso. <\/p>\n\n\n\n<p class=\"wp-block-paragraph\"><strong>Confira:<\/strong><\/p>\n\n\n\n<figure class=\"wp-block-embed is-type-rich is-provider-incorporar-manipulador wp-block-embed-incorporar-manipulador wp-embed-aspect-16-9 wp-has-aspect-ratio\"><div class=\"wp-block-embed__wrapper\">\nhttps:\/\/www.youtube.com\/watch?v=hgZuByARQ-c?t=4147\n<\/div><\/figure>\n","protected":false},"excerpt":{"rendered":"<p>A chance de ocupar o papel de segunda for\u00e7a \u00e9 se realmente for constante, para Gabriel Curty. E Lance Stroll seguir longe de Fernando Alonso<\/p>\n","protected":false},"author":0,"featured_media":1000691165,"comment_status":"closed","ping_status":"closed","sticky":false,"template":"","format":"standard","meta":{"42wp_featured_image_caption":"","42wp_featured_image_credits":"","42wp_featured_video":"","42wp_featured_image_hidden":false,"42wp_authors_list":[],"footnotes":""},"categories":[2],"tags":[304,2154,6533,207,180,30722,1492,230,996,5100,1491,30103,28285,82,4993,1537,27357,204,31447,486],"42wp_author":[47139],"class_list":["post-102308","post","type-post","status-publish","format-standard","has-post-thumbnail","hentry","category-f1","tag-barcelona","tag-evelyn-guimaraes","tag-f1-2023","tag-ferrari","tag-formula-1","tag-formula-1-2023","tag-gabriel-carvalho","tag-gabriel-curty","tag-gp-da-espanha","tag-gp-de-monaco","tag-grande-premio","tag-grande-premio-f1","tag-grandepremio","tag-mercedes","tag-monaco-f1","tag-paddock-gp","tag-programas-grande-premio","tag-red-bull","tag-temporada-2023-f1","tag-victor-martins","42wp_author-ana-cerveira"],"_links":{"self":[{"href":"https:\/\/grandepremio.com\/br\/wp-json\/wp\/v2\/posts\/102308","targetHints":{"allow":["GET"]}}],"collection":[{"href":"https:\/\/grandepremio.com\/br\/wp-json\/wp\/v2\/posts"}],"about":[{"href":"https:\/\/grandepremio.com\/br\/wp-json\/wp\/v2\/types\/post"}],"replies":[{"embeddable":true,"href":"https:\/\/grandepremio.com\/br\/wp-json\/wp\/v2\/comments?post=102308"}],"version-history":[{"count":0,"href":"https:\/\/grandepremio.com\/br\/wp-json\/wp\/v2\/posts\/102308\/revisions"}],"wp:featuredmedia":[{"embeddable":true,"href":"https:\/\/grandepremio.com\/br\/wp-json\/wp\/v2\/media\/1000691165"}],"wp:attachment":[{"href":"https:\/\/grandepremio.com\/br\/wp-json\/wp\/v2\/media?parent=102308"}],"wp:term":[{"taxonomy":"category","embeddable":true,"href":"https:\/\/grandepremio.com\/br\/wp-json\/wp\/v2\/categories?post=102308"},{"taxonomy":"post_tag","embeddable":true,"href":"https:\/\/grandepremio.com\/br\/wp-json\/wp\/v2\/tags?post=102308"},{"taxonomy":"42wp_author","embeddable":true,"href":"https:\/\/grandepremio.com\/br\/wp-json\/wp\/v2\/42wp_author?post=102308"}],"curies":[{"name":"wp","href":"https:\/\/api.w.org\/{rel}","templated":true}]}}