{"id":102315,"date":"2023-06-07T13:23:50","date_gmt":"2023-06-07T16:23:50","guid":{"rendered":"https:\/\/grandepremio.com\/br\/noticias\/carpenter-rompe-conor-daly-busca-novo-piloto-gp-elkhart-lake\/"},"modified":"2023-06-07T14:20:14","modified_gmt":"2023-06-07T17:20:14","slug":"carpenter-rompe-conor-daly-busca-novo-piloto-gp-elkhart-lake","status":"publish","type":"post","link":"https:\/\/grandepremio.com\/br\/indy\/carpenter-rompe-conor-daly-busca-novo-piloto-gp-elkhart-lake\/","title":{"rendered":"Carpenter rompe com Daly e j\u00e1 busca novo piloto para GP de Elkhart Lake"},"content":{"rendered":"\n<p class=\"wp-block-paragraph\">O v\u00ednculo de <strong>Conor Daly<\/strong> com a <strong>Carpenter <\/strong>chegou ao fim. O an\u00fancio foi feito pela equipe \u00e0s 13h30 (de <strong>Bras\u00edlia<\/strong>, GMT-3) desta quarta-feira (7) e sacramentou a \u00faltima apari\u00e7\u00e3o do piloto de 31 anos com o carro <strong>#20<\/strong> da equipe de <strong>Ed Carpenter<\/strong> no \u00faltimo domingo (4), no <strong>GP de Detroit<\/strong> da <strong>Indy<\/strong>. O substituto deve ser revelado antes do <strong>GP de Elkhart Lake<\/strong>, que acontecer\u00e1 nos dias 16 a 18 de junho.<\/p>\n\n\n\n<p class=\"wp-block-paragraph\">A informa\u00e7\u00e3o foi divulgada na manh\u00e3 desta quarta pela revista americana <em>Racer<\/em>. Pouco tempo depois, a Carpenter confirmou por meio de uma nota divulgada nas redes sociais e assinada pelo propriet\u00e1rio da escuderia.<\/p>\n\n\n\n<p class=\"wp-block-paragraph\">&#8220;Esta \u00e9 a decis\u00e3o mais dif\u00edcil que tomei como propriet\u00e1rio de equipe, porque eu respeito o Conor [Daly] e sei o que ele significa para a Indy e seus f\u00e3s. Nossa equipe n\u00e3o tem alcan\u00e7ado o n\u00edvel que somos capazes de atingir neste ano, e apesar de fazer mudan\u00e7as t\u00e9cnicas e investimentos na pr\u00e9-temporada, 2023 tem sido extremamente desafiador&#8221;, escreveu Carpenter.<\/p>\n\n\n\n<p class=\"wp-block-paragraph\">&#8220;Refleti bastante sobre o estado atual da nossa equipe e percebo que \u00e9 minha obriga\u00e7\u00e3o com nossos funcion\u00e1rios, parceiros e apoiadores fazer o que for necess\u00e1rio para elevar a competitividade da nossa equipe. Desejamos sinceramente a Conor sucesso cont\u00ednuo e o apoiaremos onde quer que ele v\u00e1 a seguir&#8221;, finalizou. A equipe ainda afirmou que divulgar\u00e1 o substituto no &#8220;momento oportuno&#8221;.<\/p>\n\n\n\n<figure class=\"wp-block-image size-large\"><img decoding=\"async\" src=\"https:\/\/www.grandepremio.com\/br\/wp-content\/uploads\/2023\/06\/FyCFplKWYAwUcii-1024x1024.jpg\" alt=\"\" class=\"wp-image-692398\"\/><figcaption>Carpenter confirmou o rompimento com Conor Daly nesta quarta-feira (7) (Foto: Carpenter)<\/figcaption><\/figure>\n\n\n\n<p class=\"wp-block-paragraph\">Tamb\u00e9m por meio das redes sociais, Daly se manifestou sobre o rompimento do v\u00ednculo com a Carpenter e agradeceu \u00e0 equipe pelas \u00faltimas tr\u00eas temporadas e meia.<\/p>\n\n\n\n<p class=\"wp-block-paragraph\">&#8220;Embora tenhamos decidido mutuamente que \u00e9 do nosso melhor interesse seguir caminhos diferentes, gostaria de agradecer \u00e0 Carpenter pelas \u00faltimas tr\u00eas temporadas e meia. Sou grato a todos que me apoiaram &#8211; passado, presente e futuro. Estou ansioso para enfrentar as pr\u00f3ximas oportunidades que surgirem e quero agradecer aos f\u00e3s por estarem comigo nessa jornada&#8221;, discorreu.<\/p>\n\n\n\n<p class=\"wp-block-paragraph\">Daly disputa provas da <strong>Indy<\/strong> desde 2013. Ao todo, s\u00e3o 104 corridas e um p\u00f3dio conquistado em 2016, tamb\u00e9m em <strong>Detroit<\/strong>, quando era piloto da <strong>Dale Coyne<\/strong>. O americano ainda acumulou passagens por <strong>Foyt<\/strong>, <strong>Schmidt Peterson<\/strong> (a atual <strong>McLaren<\/strong>), <strong>Harding<\/strong>, <strong>Andretti <\/strong>e <strong>Carlin <\/strong>antes de assinar em definitivo com a Carpenter em 2022, ap\u00f3s conseguir o patroc\u00ednio fixo da <strong>BitNile<\/strong>.<\/p>\n\n\n\n<p class=\"wp-block-paragraph\"><strong>\u25b6\ufe0f&nbsp;Inscreva-se nos dois canais do GRANDE PR\u00caMIO no YouTube:&nbsp;<a href=\"https:\/\/www.youtube.com\/channel\/UC9OlHEgxoaY6QY6nWPoiqQg?sub_confirmation=1\" target=\"_blank\" rel=\"noreferrer noopener\">GP<\/a>&nbsp;|&nbsp;<a href=\"https:\/\/www.youtube.com\/channel\/UC9csiS6q_C3C0FYhyr1rnFA?sub_confirmation=1\" target=\"_blank\" rel=\"noreferrer noopener\">GP2<\/a><\/strong><br><strong>\u25b6\ufe0f&nbsp;<a href=\"https:\/\/www.twitch.tv\/grandepremio\" target=\"_blank\" rel=\"noreferrer noopener\">Conhe\u00e7a o canal do GRANDE PR\u00caMIO na Twitch clicando aqui!<\/a><\/strong><\/p>\n\n\n\n<figure class=\"wp-block-image size-large\"><img decoding=\"async\" src=\"https:\/\/www.grandepremio.com\/br\/wp-content\/uploads\/2023\/06\/Conor-Daly-Chevrolet-Detroit-Grand-Prix-presented-by-Lear-By_-James-Black_Large-Image-Without-Watermark_m83723-1024x683.jpg\" alt=\"\" class=\"wp-image-692390\"\/><figcaption>Conor Daly foi o 15\u00ba no GP de Detroit, realizado no \u00faltimo domingo (4) (Foto: Indy)<\/figcaption><\/figure>\n\n\n\n<p class=\"wp-block-paragraph\">No ano passado, Daly foi o 17\u00ba na classifica\u00e7\u00e3o da Indy com 267 pontos. O seu melhor resultado foi o quinto lugar nas <strong>500 Milhas de Indian\u00e1polis<\/strong>. Por sua vez, na atual temporada, o ent\u00e3o dono do carro #20 ocupa <a href=\"https:\/\/www.grandepremio.com\/br\/indy\/noticias\/alex-palou-dispara-abre-51-pontos-marcus-ericsson-detroit-confira-classificacao\/\" class=\"ek-link\">a 20\u00aa posi\u00e7\u00e3o com 88 pontos<\/a> e a melhor performance foi, novamente, na <strong>Indy 500<\/strong>: oitavo. O desempenho ficou abaixo do companheiro de equipe, <strong>Rinus VeeKay<\/strong>, que ocupa a 15\u00aa coloca\u00e7\u00e3o no ranking da temporada.<\/p>\n\n\n\n<p class=\"wp-block-paragraph\">Segundo o jornalista <strong>Janne Blomqvist<\/strong>, do grupo de TV sueco <em>Viaplay<\/em>, <strong>Linus Lundqvist<\/strong>, campe\u00e3o da <strong>Indy Lights<\/strong> (atual <strong>Indy NXT<\/strong>) em 2022, far\u00e1 testes com o carro da Carpenter nesta quinta-feira (8), em <strong>Sebring<\/strong>. O piloto de 24 anos surge como forte nome para substituir Daly, embora n\u00e3o confirmado pela equipe.<\/p>\n\n\n\n<p class=\"wp-block-paragraph\">O <strong>GRANDE PR\u00caMIO<\/strong> acompanha todas as atividades da temporada 2023.<\/p>\n\n\n\n<p class=\"wp-block-paragraph\"><strong><em>Mat\u00e9ria atualizada \u00e0s 14h05 desta quarta-feira (7)<\/em><\/strong><\/p>\n","protected":false},"excerpt":{"rendered":"<p>A equipe Carpenter anunciou, nesta quarta-feira (7), o rompimento com Conor Daly  e disse que est\u00e1 em busca de substituto j\u00e1 para o GP de Elkhart Lake, a pr\u00f3xima etapa da temporada 2023 da Indy<\/p>\n","protected":false},"author":0,"featured_media":1000692389,"comment_status":"closed","ping_status":"closed","sticky":false,"template":"","format":"standard","meta":{"42wp_featured_image_caption":"","42wp_featured_image_credits":"","42wp_featured_video":"","42wp_featured_image_hidden":false,"42wp_authors_list":[],"footnotes":""},"categories":[3],"tags":[1824,619,25222,1491,28285,93,25977,28095],"42wp_author":[47153],"class_list":["post-102315","post","type-post","status-publish","format-standard","has-post-thumbnail","hentry","category-indy","tag-conor-daly","tag-formula-indy","tag-gp-de-elkhart-lake","tag-grande-premio","tag-grandepremio","tag-indy","tag-indy-2023","tag-indycar-series","42wp_author-gabriel-pitor"],"_links":{"self":[{"href":"https:\/\/grandepremio.com\/br\/wp-json\/wp\/v2\/posts\/102315","targetHints":{"allow":["GET"]}}],"collection":[{"href":"https:\/\/grandepremio.com\/br\/wp-json\/wp\/v2\/posts"}],"about":[{"href":"https:\/\/grandepremio.com\/br\/wp-json\/wp\/v2\/types\/post"}],"replies":[{"embeddable":true,"href":"https:\/\/grandepremio.com\/br\/wp-json\/wp\/v2\/comments?post=102315"}],"version-history":[{"count":0,"href":"https:\/\/grandepremio.com\/br\/wp-json\/wp\/v2\/posts\/102315\/revisions"}],"wp:featuredmedia":[{"embeddable":true,"href":"https:\/\/grandepremio.com\/br\/wp-json\/wp\/v2\/media\/1000692389"}],"wp:attachment":[{"href":"https:\/\/grandepremio.com\/br\/wp-json\/wp\/v2\/media?parent=102315"}],"wp:term":[{"taxonomy":"category","embeddable":true,"href":"https:\/\/grandepremio.com\/br\/wp-json\/wp\/v2\/categories?post=102315"},{"taxonomy":"post_tag","embeddable":true,"href":"https:\/\/grandepremio.com\/br\/wp-json\/wp\/v2\/tags?post=102315"},{"taxonomy":"42wp_author","embeddable":true,"href":"https:\/\/grandepremio.com\/br\/wp-json\/wp\/v2\/42wp_author?post=102315"}],"curies":[{"name":"wp","href":"https:\/\/api.w.org\/{rel}","templated":true}]}}