{"id":102358,"date":"2023-06-06T04:30:00","date_gmt":"2023-06-06T07:30:00","guid":{"rendered":"https:\/\/grandepremio.com\/br\/noticias\/falta-punicao-troca-sopapos-nova-evidencia-volatilidade-comissarios\/"},"modified":"2023-06-05T11:50:00","modified_gmt":"2023-06-05T14:50:00","slug":"falta-punicao-troca-sopapos-nova-evidencia-volatilidade-comissarios","status":"publish","type":"post","link":"https:\/\/grandepremio.com\/br\/motogp\/falta-punicao-troca-sopapos-nova-evidencia-volatilidade-comissarios\/","title":{"rendered":"Falta de puni\u00e7\u00e3o por troca de sopapos \u00e9 nova evid\u00eancia da volatilidade dos comiss\u00e1rios"},"content":{"rendered":"\n<p class=\"wp-block-paragraph\">\u00c9 dif\u00edcil entender a postura do <strong>Painel de Comiss\u00e1rios<\/strong> da <strong>MotoGP<\/strong>. Alvo de muitas cr\u00edticas ao longo da temporada 2023, o grupo que \u00e9 respons\u00e1vel por aplicar o regulamento da FIM<strong> <\/strong>(Federa\u00e7\u00e3o Internacional de Motociclismo) deu mais uma evid\u00eancia de volatilidade no GP da <strong>Fran\u00e7a<\/strong>, deixando passar uma <a href=\"https:\/\/www.grandepremio.com\/br\/motogp\/noticias\/maverick-vinales-enrosca-francesco-bagnaia-gp-franca-trocam-empurroes-tapas-pista\/\" class=\"ek-link\">troca de sopapos<\/a>.<\/p>\n\n\n\n<p class=\"wp-block-paragraph\">Na corrida de <strong>Le Mans<\/strong>, <strong>Maverick Vi\u00f1ales <\/strong>e <strong>Francesco Bagnaia <\/strong>ca\u00edram juntos ap\u00f3s um toque. J\u00e1 na \u00e1rea de escape, o espanhol levantou e seguiu na dire\u00e7\u00e3o de Pecco, mas ao inv\u00e9s de checar o bem-estar do colega, como parecia que ia acontecer, o titular da <strong>Aprilia <\/strong>j\u00e1 chegou socando o bra\u00e7o do #1, que revidou. Os dois tiveram de ser separados pelos fiscais de pista e, logo em seguida, seguiram de volta ao paddock de carona em uma mesma moto.<\/p>\n\n\n\n<p class=\"wp-block-paragraph\"><strong>LEIA TAMB\u00c9M<br>#\u00a0<a href=\"https:\/\/www.grandepremio.com\/br\/motogp\/noticias\/marco-bezzecchi-lider-marc-marquez-zerado-como-estaria-temporada-2023-motogp-sem-sprint\/\">Bezzecchi l\u00edder e\u00a0<\/a><a href=\"https:\/\/www.grandepremio.com\/br\/piloto\/marc-marquez\/\" target=\"_blank\" rel=\"noreferrer noopener\">Marc M\u00e1rquez<\/a><a href=\"https:\/\/www.grandepremio.com\/br\/motogp\/noticias\/marco-bezzecchi-lider-marc-marquez-zerado-como-estaria-temporada-2023-motogp-sem-sprint\/\">\u00a0zerado: como estaria a MotoGP sem sprint<\/a><\/strong><br>#\u00a0<strong><a href=\"https:\/\/www.grandepremio.com\/br\/motogp\/noticias\/fabio-quartararo-somou-so-1-ponto-sprints-2023-outros-cinco-pilotos-nem-isso\/\">Quartararo somou s\u00f3 1 ponto nas sprints em 2023. Outros 5 pilotos, nem isso<\/a><\/strong><br>#\u00a0<strong><a href=\"https:\/\/www.grandepremio.com\/br\/motogp\/noticias\/joan-mir-paga-pecados-com-honda-e-ja-comeca-a-temer-destino-a-la-lorenzo-e-pol-espargaro\/\">Mir paga pecados com Honda e j\u00e1 teme destino \u00e0 la Lorenzo e\u00a0<\/a><a href=\"https:\/\/www.grandepremio.com\/br\/piloto\/pol-espargaro\/\" target=\"_blank\" rel=\"noreferrer noopener\"><\/a><a href=\"https:\/\/www.grandepremio.com\/br\/piloto\/pol-espargaro\/\" target=\"_blank\" rel=\"noreferrer noopener\"><\/a><a href=\"https:\/\/www.grandepremio.com\/br\/piloto\/pol-espargaro\/\" target=\"_blank\" rel=\"noreferrer noopener\">Pol Espargar\u00f3<\/a><\/strong><br>#\u00a0<strong><a href=\"https:\/\/www.grandepremio.com\/br\/motogp\/noticias\/corridas-sprint-respondem-mais-18-quedas-motogp-2023\/\">Corridas sprint respondem por mais de 18% das quedas da MotoGP em 2023<\/a><\/strong><\/p>\n\n\n\n<figure class=\"wp-block-video\"><video class=\"video-js vjs-big-play-centered\" data-gp-vjs=\"1\" controls poster=\"https:\/\/www.grandepremio.com\/br\/wp-content\/uploads\/2023\/05\/Acidente-e-briga-Vinales-Bagnaia-Franca-poster.jpeg\" src=\"https:\/\/www.grandepremio.com\/br\/wp-content\/uploads\/2023\/05\/Acidente-e-briga-Vinales-Bagnaia-Franca.mp4\"><\/video><figcaption>Francesco Bagnaia e Maverick Vi\u00f1ales trocaram tapas e empurr\u00f5es ap\u00f3s acidente (V\u00eddeo: Reprodu\u00e7\u00e3o \/ Redes sociais)<\/figcaption><\/figure>\n\n\n\n<p class=\"wp-block-paragraph\"><strong>\u25b6\ufe0f\u00a0Inscreva-se nos dois canais do GRANDE PR\u00caMIO no YouTube:\u00a0<a href=\"https:\/\/www.youtube.com\/channel\/UC9OlHEgxoaY6QY6nWPoiqQg?sub_confirmation=1\" target=\"_blank\" rel=\"noreferrer noopener\">GP<\/a>\u00a0|\u00a0<a href=\"https:\/\/www.youtube.com\/channel\/UC9csiS6q_C3C0FYhyr1rnFA?sub_confirmation=1\" target=\"_blank\" rel=\"noreferrer noopener\">GP2<\/a><\/strong><br><strong>\u25b6\ufe0f\u00a0<a href=\"https:\/\/www.twitch.tv\/grandepremio\" target=\"_blank\" rel=\"noreferrer noopener\">Conhe\u00e7a o canal do GRANDE PR\u00caMIO na Twitch clicando aqui!<\/a><\/strong><\/p>\n\n\n\n<p class=\"wp-block-paragraph\">Os dois pilotos foram ouvidos pelo Painel de Comiss\u00e1rios. Francesco quis a presen\u00e7a de Maverick ao conversar com os \u00e1rbitros justamente para que tudo ficasse compreendido. O veredito foi de que se tratava de um lance de corrida, portanto, n\u00e3o pass\u00edvel de puni\u00e7\u00e3o.<\/p>\n\n\n\n<p class=\"wp-block-paragraph\">At\u00e9 a\u00ed, tudo bem. N\u00e3o havia mesmo motivo para punir se a culpa era compartilhada, ambos abandonaram e, por isso, ningu\u00e9m levou vantagem com o acidente. Mas a troca de sopapos era pass\u00edvel de puni\u00e7\u00e3o!<\/p>\n\n\n\n<p class=\"wp-block-paragraph\">E, mais do que isso, <a href=\"https:\/\/www.grandepremio.com\/br\/motogp\/noticias\/john-mcphee-e-jeremy-alcoba-punidos-briga-largam-boxes-gp-portugal-moto3\/\" class=\"ek-link\">existe precedente<\/a>. Em abril de <strong>2021<\/strong>, durante o GP de <strong>Doha <\/strong>de <strong>Moto3<\/strong>, <strong>John McPhee <\/strong>e <strong>Jeremy Alcoba<\/strong> foram punidos pelo Painel de Comiss\u00e1rios \u2014 ent\u00e3o composto por <strong>Bill Cumbow<\/strong>, <strong>Freddie Spencer <\/strong>e <strong>Andres Somolinos <\/strong>\u2014 justamente por uma troca de agress\u00f5es.<\/p>\n\n\n\n<p class=\"wp-block-paragraph\">Naquele dia em Lusail, Alcoba foi tocado por <strong>Darryn Binder <\/strong>na volta 13 da corrida, perdeu o controle da moto e decolou. A moto da Gresini, por\u00e9m, bateu na cabe\u00e7a de McPhee. Ainda na \u00e1rea de escape, os dois protagonizaram cenas de luta livre.<\/p>\n\n\n\n<p class=\"wp-block-paragraph\">Os dois se desculparam, mas a arbitragem n\u00e3o deixou passar. No entender do Painel de Comiss\u00e1rios, a briga entre os dois era uma infra\u00e7\u00e3o ao Artigo 3.3.2.2 do Regulamento do Mundial de Grand Prix, que fala de \u201cqualquer ato corrupto ou fraudulento, ou qualquer a\u00e7\u00e3o prejudicial aos interesses do esporte, cometido por uma pessoa ou grupo de pessoas durante um evento\u201d.<\/p>\n\n\n\n<figure class=\"wp-block-video\"><video class=\"video-js vjs-big-play-centered\" data-gp-vjs=\"1\" controls src=\"https:\/\/www.grandepremio.com\/br\/wp-content\/uploads\/2021\/04\/alcoba-x-mcphee.mp4\"><\/video><figcaption>Jeremy Alcoba e John McPhee em momento UFC na Moto3 (V\u00eddeo: Reprodu\u00e7\u00e3o\/Twitter\/DAZN)<\/figcaption><\/figure>\n\n\n\n<p class=\"wp-block-paragraph\">Assim, McPhee, que iniciou a troca de chutes e empurr\u00f5es, foi punido com uma multa de \u20ac 1000 (cerca de R$ 6700 em valores da \u00e9poca) e teve de largar do pit-lane 10s depois do que seria normal. Alcoba, por sua vez, levou uma multa de \u20ac 1000 e tamb\u00e9m teve de largar do pit-lane, mas com s\u00f3 5s de delay.<\/p>\n\n\n\n<p class=\"wp-block-paragraph\">Desta vez, todavia, a agress\u00e3o passou em branco. Semanas ap\u00f3s a corrida, n\u00e3o houve nenhuma manifesta\u00e7\u00e3o do Painel formalizando uma san\u00e7\u00e3o.<\/p>\n\n\n\n<p class=\"wp-block-paragraph\">Em Le Mans, o Painel de Comiss\u00e1rios era composto por Andres Somolinos, Freddie Spencer e <strong>Tamara Matko<\/strong>. Ou seja, dois dos tr\u00eas \u00e1rbitros eram os mesmos que puniram Alcoba e McPhee. Al\u00e9m disso, o artigo que motivou a puni\u00e7\u00e3o segue presente no regulamento atual.<\/p>\n\n\n\n<figure class=\"wp-block-image size-large\"><img decoding=\"async\" src=\"https:\/\/www.grandepremio.com\/br\/wp-content\/uploads\/2023\/06\/GP2_DOH_21_McPhee_M3_17_Fighting_with_rider-1024x791.jpg\" alt=\"\" class=\"wp-image-691801\"\/><figcaption>John McPhee e Jeremy Alcoba foram punidos por briga (Foto: Reprodu\u00e7\u00e3o)<\/figcaption><\/figure>\n\n\n\n<p class=\"wp-block-paragraph\">Assim, fica dif\u00edcil entender a aus\u00eancia de uma puni\u00e7\u00e3o a Vi\u00f1ales e Bagnaia. O que mudou? O <strong>GRANDE PR\u00caMIO <\/strong>procurou o Painel de Comiss\u00e1rios, mas n\u00e3o obteve resposta. O grupo n\u00e3o costuma falar com a imprensa para explicar as decis\u00f5es.<\/p>\n\n\n\n<p class=\"wp-block-paragraph\">Essa, no entanto, \u00e9 apenas mais uma evid\u00eancia de que o par\u00e2metro para punir ou n\u00e3o um piloto \u00e9 vol\u00e1til. E o crit\u00e9rio tampouco \u00e9 claro e transparente. Como deveria ser.<\/p>\n\n\n\n<p class=\"wp-block-paragraph\">A\u00a0<strong><a href=\"https:\/\/grandepremio.com\/motovelocidade\/\" target=\"_blank\" rel=\"noreferrer noopener\">MotoGP<\/a>\u00a0<\/strong>volta \u00e0s pistas no dia 11 de junho, para o GP da\u00a0<strong>It\u00e1lia, em\u00a0<a href=\"https:\/\/www.grandepremio.com\/br\/circuito\/mugello\/\" target=\"_blank\" rel=\"noreferrer noopener\">Mugello<\/a>.\u00a0<\/strong>O\u00a0<strong>GRANDE PR\u00caMIO<\/strong>\u00a0acompanha todas as atividades do\u00a0<strong>Mundial de\u00a0<a href=\"https:\/\/www.grandepremio.com\/motovelocidade\/\" target=\"_blank\" rel=\"noreferrer noopener\">Motovelocidade<\/a>\u00a02023<\/strong>.<\/p>\n\n\n\n<figure class=\"wp-block-embed is-type-video is-provider-youtube wp-block-embed-youtube wp-embed-aspect-16-9 wp-has-aspect-ratio\"><div class=\"wp-block-embed__wrapper\">\n<iframe loading=\"lazy\" title=\"M\u00c1 FASE N\u00c3O \u00c9 MOTIVO PARA YAMAHA ABANDONAR MOTOGP | GP \u00c0S 10\" width=\"500\" height=\"281\" src=\"https:\/\/www.youtube.com\/embed\/vfU9qNqQwLs?feature=oembed\" frameborder=\"0\" allow=\"accelerometer; autoplay; clipboard-write; encrypted-media; gyroscope; picture-in-picture; web-share\" referrerpolicy=\"strict-origin-when-cross-origin\" allowfullscreen><\/iframe>\n<\/div><figcaption>M\u00e1 fase n\u00e3o \u00e9 motivo para Yamaha abandonar MotoGP<\/figcaption><\/figure>\n","protected":false},"excerpt":{"rendered":"<p>Maverick Vi\u00f1ales e Francesco Bagnaia trocaram sopapos na \u00e1rea de escape de Le Mans ap\u00f3s um acidente de corrida no GP da Fran\u00e7a, mas escaparam de puni\u00e7\u00f5es. No entanto, j\u00e1 existe precedente de penas aplicadas por agress\u00f5es<\/p>\n","protected":false},"author":0,"featured_media":1000682849,"comment_status":"closed","ping_status":"closed","sticky":false,"template":"","format":"standard","meta":{"42wp_featured_image_caption":"","42wp_featured_image_credits":"","42wp_featured_video":"","42wp_featured_image_hidden":false,"42wp_authors_list":[],"footnotes":""},"categories":[8],"tags":[5214,312,2327,28285,2286,5689,79,78,27538,33202,33200,33201,25819,29345,28766,33203,26690],"42wp_author":[47113],"class_list":["post-102358","post","type-post","status-publish","format-standard","has-post-thumbnail","hentry","category-motogp","tag-classificacao-motogp","tag-fim","tag-francesco-bagnaia","tag-grandepremio","tag-john-mcphee","tag-maverick-vinales","tag-moto-gp","tag-motogp","tag-motogp-2023","tag-motogp-2023-calendario","tag-motogp-calendario-2023","tag-motogp-classificacao-2023","tag-motogp-hoje","tag-motogp-horario","tag-motogp-standings","tag-onde-assistir-motogp-2023","tag-pilotos-motogp","42wp_author-juliana-tesser"],"_links":{"self":[{"href":"https:\/\/grandepremio.com\/br\/wp-json\/wp\/v2\/posts\/102358","targetHints":{"allow":["GET"]}}],"collection":[{"href":"https:\/\/grandepremio.com\/br\/wp-json\/wp\/v2\/posts"}],"about":[{"href":"https:\/\/grandepremio.com\/br\/wp-json\/wp\/v2\/types\/post"}],"replies":[{"embeddable":true,"href":"https:\/\/grandepremio.com\/br\/wp-json\/wp\/v2\/comments?post=102358"}],"version-history":[{"count":0,"href":"https:\/\/grandepremio.com\/br\/wp-json\/wp\/v2\/posts\/102358\/revisions"}],"wp:featuredmedia":[{"embeddable":true,"href":"https:\/\/grandepremio.com\/br\/wp-json\/wp\/v2\/media\/1000682849"}],"wp:attachment":[{"href":"https:\/\/grandepremio.com\/br\/wp-json\/wp\/v2\/media?parent=102358"}],"wp:term":[{"taxonomy":"category","embeddable":true,"href":"https:\/\/grandepremio.com\/br\/wp-json\/wp\/v2\/categories?post=102358"},{"taxonomy":"post_tag","embeddable":true,"href":"https:\/\/grandepremio.com\/br\/wp-json\/wp\/v2\/tags?post=102358"},{"taxonomy":"42wp_author","embeddable":true,"href":"https:\/\/grandepremio.com\/br\/wp-json\/wp\/v2\/42wp_author?post=102358"}],"curies":[{"name":"wp","href":"https:\/\/api.w.org\/{rel}","templated":true}]}}