{"id":102359,"date":"2023-06-06T04:15:00","date_gmt":"2023-06-06T07:15:00","guid":{"rendered":"https:\/\/grandepremio.com\/br\/noticias\/scott-mclaughlin-diz-romain-grosjean-destruiu-corrida-detroit-ele-me-atropelou\/"},"modified":"2023-06-05T19:34:22","modified_gmt":"2023-06-05T22:34:22","slug":"scott-mclaughlin-diz-romain-grosjean-destruiu-corrida-detroit-ele-me-atropelou","status":"publish","type":"post","link":"https:\/\/grandepremio.com\/br\/indy\/scott-mclaughlin-diz-romain-grosjean-destruiu-corrida-detroit-ele-me-atropelou\/","title":{"rendered":"McLaughlin diz que Grosjean &#8220;destruiu&#8221; corrida em Detroit: &#8220;Ele me atropelou&#8221;"},"content":{"rendered":"\n<p class=\"wp-block-paragraph\">A temporada 2023 da <strong>Indy<\/strong>, ap\u00f3s sete etapas, j\u00e1 registrou <a href=\"https:\/\/www.grandepremio.com\/br\/indy\/noticias\/romain-grosjean-scott-mclaughlin-promovem-rivalidade-mais-quente-indy\/\" class=\"ek-link\">muitas emo\u00e7\u00f5es que envolveram <strong>Scott McLaughlin<\/strong> e <strong>Romain Grosjean<\/strong><\/a>. Ambos foram protagonistas nos GPs de <strong>St. Pete<\/strong> e do <strong>Alabama<\/strong>, inclusive com <a href=\"https:\/\/www.grandepremio.com\/br\/indy\/noticias\/scott-mclaughlin-assume-culpa-acidente-romain-grosjean-st-pete-cometi-grande-erro\/\" class=\"ek-link\">um acidente na primeira etapa deste ano<\/a>. Na volta 69 da corrida do <strong>GP de Detroit<\/strong>, neste domingo (4), mais um cap\u00edtulo da nova rivalidade foi escrito.<\/p>\n\n\n\n<p class=\"wp-block-paragraph\">Grosjean tinha acabado de sair dos boxes, quando encontrou, na curva 1, McLaughlin vindo em alta velocidade e por dentro. O fran\u00e7o-su\u00ed\u00e7o n\u00e3o titubeou e fechou a porta para o neozeland\u00eas \u2014 que teve de desacelerar, mas n\u00e3o conseguiu evitar o contato. De acordo com o piloto da <strong>Penske<\/strong>, as perdas de posi\u00e7\u00e3o e de tempo com o acidente prejudicaram o restante da corrida.<\/p>\n\n\n\n<figure class=\"wp-block-video\"><video class=\"video-js vjs-big-play-centered\" data-gp-vjs=\"1\" controls src=\"https:\/\/www.grandepremio.com\/br\/wp-content\/uploads\/2023\/06\/ssstwitter.com_1686002049593.mp4\"><\/video><figcaption>Romain Grosjean fecha a porta para Scott McLaughlin durante o GP de Detroit da Indy 2023 (V\u00eddeo: Reprodu\u00e7\u00e3o \/ Indy)<\/figcaption><\/figure>\n\n\n\n<p class=\"wp-block-paragraph\">&#8220;Isso destruiu [a corrida]. Basicamente, chegamos na curva 1, a sa\u00edda dos boxes \u00e9 um pouco complicada, mas ele simplesmente me atropelou, ent\u00e3o me comprometi, freando o mais tarde que pude, e ele foi direto para a tang\u00eancia e eu n\u00e3o tinha para onde ir. \u00c9 dever de todos n\u00f3s cuidarmos para sairmos da corrida de forma limpa, mas acho que ele realmente n\u00e3o se importou com onde eu estava e apenas cortou minha frente&#8221;, afirmou McLaughlin em entrevista \u00e0 emissora americana <em>NBC<\/em>.<\/p>\n\n\n\n<p class=\"wp-block-paragraph\">&#8220;O carro estava r\u00e1pido e nas \u00faltimas voltas conseguimos avan\u00e7ar bem ap\u00f3s a \u00faltima relargada, acho que est\u00e1vamos em 12\u00ba ou algo assim, e chegamos em s\u00e9timo. Foi uma recupera\u00e7\u00e3o razo\u00e1vel, mas, no geral, estou arrasado com o dia&#8221;, completou.<\/p>\n\n\n\n<p class=\"wp-block-paragraph\">Na sequ\u00eancia da entrevista, McLaughlin mudou a sua vers\u00e3o e disse que viu com bons olhos o s\u00e9timo lugar conquistado em <strong>Detroit<\/strong>, principalmente ap\u00f3s ter terminado em 14\u00ba nas <strong>500 Milhas de Indian\u00e1polis<\/strong>, no dia 28 de maio. Para o neozeland\u00eas, foi uma boa recupera\u00e7\u00e3o no circuito de rua, mas que poderia ter sido melhor se os acidentes n\u00e3o atrapalhassem a sua performance.<\/p>\n\n\n\n<p class=\"wp-block-paragraph\"><strong>\u25b6\ufe0f\u00a0Inscreva-se nos dois canais do GRANDE PR\u00caMIO no YouTube:\u00a0<a href=\"https:\/\/www.youtube.com\/channel\/UC9OlHEgxoaY6QY6nWPoiqQg?sub_confirmation=1\" target=\"_blank\" rel=\"noreferrer noopener\">GP<\/a>\u00a0|\u00a0<a href=\"https:\/\/www.youtube.com\/channel\/UC9csiS6q_C3C0FYhyr1rnFA?sub_confirmation=1\" target=\"_blank\" rel=\"noreferrer noopener\">GP2<\/a><\/strong><br><strong>\u25b6\ufe0f\u00a0<a href=\"https:\/\/www.twitch.tv\/grandepremio\" target=\"_blank\" rel=\"noreferrer noopener\">Conhe\u00e7a o canal do GRANDE PR\u00caMIO na Twitch clicando aqui!<\/a><\/strong><\/p>\n\n\n\n<figure class=\"wp-block-image size-large\"><img decoding=\"async\" src=\"https:\/\/www.grandepremio.com\/br\/wp-content\/uploads\/2023\/06\/INDY-2023-GP-DE-DETROIT-SEXTA-PENSKE-SCOTT-MCLAUGHLIN-1024x683.jpg\" alt=\"\" class=\"wp-image-690236\"\/><figcaption>Scott McLaughlin terminou em s\u00e9timo no GP de Detroit (Foto: Indy)<\/figcaption><\/figure>\n\n\n\n<p class=\"wp-block-paragraph\">&#8220;Na largada, acho que algu\u00e9m me acertou, n\u00e3o consigo lembrar quem, e isso me afetou, ent\u00e3o o Grosjean me ultrapassou. Ele estava muito lento com seus pneus verdes [macios] e isso nos colocou no meio dos carros com pneus pretos [duros] e foi uma luta, mas acho que poder\u00edamos ter disputado com <strong>[Alexander, o quinto colocado] Rossi<\/strong>, algo assim&#8221;, ponderou.<\/p>\n\n\n\n<p class=\"wp-block-paragraph\">&#8220;Ent\u00e3o, foi um fim de semana de recupera\u00e7\u00e3o realmente bom [ap\u00f3s terminar em 14\u00ba na <strong>Indy 500<\/strong>], apenas poderia ter sido melhor&#8221;, finalizou.<\/p>\n\n\n\n<p class=\"wp-block-paragraph\">Al\u00e9m do s\u00e9timo lugar no GP de Detroit, McLaughlin ocupa a mesma coloca\u00e7\u00e3o no campeonato com 175 pontos. O piloto Penske, por\u00e9m, est\u00e1 distante do l\u00edder <strong>\u00c1lex Palou<\/strong>, que tem 273. <\/p>\n\n\n\n<p class=\"wp-block-paragraph\">A Indy retorna nos dias 16 a 18 de junho, com o <strong>GP de Elkhart Lake<\/strong>, no circuito de <strong>Road America<\/strong>. O <strong>GRANDE PR\u00caMIO<\/strong> acompanha todas as atividades da temporada 2023.<\/p>\n","protected":false},"excerpt":{"rendered":"<p>Scott McLaughlin se envolveu em um toque com Romain Grosjean na volta 69 do GP de Detroit da Indy 2023. Piloto neozeland\u00eas criticou o rival que &#8220;apenas cortou a sua frente&#8221;<\/p>\n","protected":false},"author":0,"featured_media":1000690234,"comment_status":"closed","ping_status":"closed","sticky":false,"template":"","format":"standard","meta":{"42wp_featured_image_caption":"","42wp_featured_image_credits":"","42wp_featured_video":"","42wp_featured_image_hidden":false,"42wp_authors_list":[],"footnotes":""},"categories":[3],"tags":[487,417,619,4938,1491,28285,23917,93,25977,28095,265,1731,120,266],"42wp_author":[47153],"class_list":["post-102359","post","type-post","status-publish","format-standard","has-post-thumbnail","hentry","category-indy","tag-acidente","tag-andretti","tag-formula-indy","tag-gp-de-detroit","tag-grande-premio","tag-grandepremio","tag-grosjean","tag-indy","tag-indy-2023","tag-indycar-series","tag-penske","tag-rivalidade","tag-romain-grosjean","tag-scott-mclaughlin","42wp_author-gabriel-pitor"],"_links":{"self":[{"href":"https:\/\/grandepremio.com\/br\/wp-json\/wp\/v2\/posts\/102359","targetHints":{"allow":["GET"]}}],"collection":[{"href":"https:\/\/grandepremio.com\/br\/wp-json\/wp\/v2\/posts"}],"about":[{"href":"https:\/\/grandepremio.com\/br\/wp-json\/wp\/v2\/types\/post"}],"replies":[{"embeddable":true,"href":"https:\/\/grandepremio.com\/br\/wp-json\/wp\/v2\/comments?post=102359"}],"version-history":[{"count":0,"href":"https:\/\/grandepremio.com\/br\/wp-json\/wp\/v2\/posts\/102359\/revisions"}],"wp:featuredmedia":[{"embeddable":true,"href":"https:\/\/grandepremio.com\/br\/wp-json\/wp\/v2\/media\/1000690234"}],"wp:attachment":[{"href":"https:\/\/grandepremio.com\/br\/wp-json\/wp\/v2\/media?parent=102359"}],"wp:term":[{"taxonomy":"category","embeddable":true,"href":"https:\/\/grandepremio.com\/br\/wp-json\/wp\/v2\/categories?post=102359"},{"taxonomy":"post_tag","embeddable":true,"href":"https:\/\/grandepremio.com\/br\/wp-json\/wp\/v2\/tags?post=102359"},{"taxonomy":"42wp_author","embeddable":true,"href":"https:\/\/grandepremio.com\/br\/wp-json\/wp\/v2\/42wp_author?post=102359"}],"curies":[{"name":"wp","href":"https:\/\/api.w.org\/{rel}","templated":true}]}}