{"id":102380,"date":"2023-06-05T09:24:10","date_gmt":"2023-06-05T12:24:10","guid":{"rendered":"https:\/\/grandepremio.com\/br\/noticias\/piquet-tem-embargos-negados-e-multa-de-r-5-mi-por-racismo-contra-hamilton-e-mantida\/"},"modified":"2023-06-05T14:24:46","modified_gmt":"2023-06-05T17:24:46","slug":"piquet-tem-embargos-negados-e-multa-de-r-5-mi-por-racismo-contra-hamilton-e-mantida","status":"publish","type":"post","link":"https:\/\/grandepremio.com\/br\/f1\/piquet-tem-embargos-negados-e-multa-de-r-5-mi-por-racismo-contra-hamilton-e-mantida\/","title":{"rendered":"Piquet tem embargos negados, e multa de R$ 5 mi por racismo contra Hamilton \u00e9 mantida"},"content":{"rendered":"\n<p class=\"wp-block-paragraph\">Tricampe\u00e3o mundial de <strong>F\u00f3rmula 1<\/strong>, <strong>Nelson Piquet <\/strong>teve embargos apresentados negados sobre a decis\u00e3o que o condenou a pagar R$ 5 milh\u00f5es por falas racistas e homof\u00f3bicas contra o heptacampe\u00e3o mundial <strong>Lewis Hamilton<\/strong>. A informa\u00e7\u00e3o foi publicada inicialmente pelo colunista Ancelmo Gois, do jornal O Globo.<\/p>\n\n\n\n<p class=\"wp-block-paragraph\">O <strong>GRANDE PR\u00caMIO <\/strong>teve acesso \u00e0 decis\u00e3o publicada no dia 31 de maio no Di\u00e1rio de Justi\u00e7a do Distrito Federal. Piquet entrou com embargos de declara\u00e7\u00e3o, n\u00e3o questionando o fundamento usado pela parte processante, mas alegando omiss\u00e3o no ato judicial da senten\u00e7a proferida. A juiza Thaissa de Moura Guimar\u00e3es explica que a omiss\u00e3o alegada n\u00e3o existe, j\u00e1 que a senten\u00e7a aborda claramente todos os pontos levantados pelo autor. Ela tamb\u00e9m ressalta que embargos de declara\u00e7\u00e3o n\u00e3o s\u00e3o adequados para modificar uma decis\u00e3o, e sem elementos de omiss\u00e3o, obscuridade ou contradi\u00e7\u00e3o, negou provimento aos embargos.<\/p>\n\n\n\n<p class=\"wp-block-paragraph\">Nelson Piquet foi condenado em mar\u00e7o a pagar R$ 5 milh\u00f5es em indeniza\u00e7\u00e3o, em decis\u00e3o publicada pela 20\u00aa Vara C\u00edvel de Bras\u00edlia, com o juiz Pedro Matos de Arruda. De acordo com o julgador, o termo \u201cneguinho\u201d, utilizado por Piquet para se referir de forma pejorativa ao ingl\u00eas, \u00e9 uma \u201cofensa intoler\u00e1vel, mais ainda quando se considera a proje\u00e7\u00e3o que \u00e9 dada quando \u00e9 uma pessoa t\u00e3o reconhecida e t\u00e3o admirada como o r\u00e9u\u201d. Ainda segundo o magistrado, o dano moral coletivo ficou caracterizado porque \u201chouve ofensa grave aos valores fundamentais da sociedade\u201d.<\/p>\n\n\n\n<figure class=\"wp-block-image size-large\"><img decoding=\"async\" src=\"https:\/\/www.grandepremio.com\/br\/wp-content\/uploads\/2020\/05\/image-29-1024x573.png\" alt=\"\" class=\"wp-image-593377\"\/><figcaption>Nelson Piquet teve embargos negados (Foto: AFP)<\/figcaption><\/figure>\n\n\n\n<p class=\"wp-block-paragraph\">A declara\u00e7\u00e3o de Piquet foi publicada em 3 de novembro de 2021 ao canal \u2018Motorsport Talks\u2019, mas s\u00f3 veio \u00e0 tona em 2022. Na ocasi\u00e3o, o jornalista Ricardo Oliveira compara o acidente de Hamilton com&nbsp;<a href=\"https:\/\/www.grandepremio.com\/br\/piloto\/max-verstappen\/\" target=\"_blank\" rel=\"noreferrer noopener\">Max Verstappen<\/a>, no GP da Inglaterra de 2021, com uma manobra de Ayrton Senna. Nelson respondeu: \u201cO \u2018neguinho\u2019 meteu o carro e n\u00e3o deixou [Verstappen passar]. [\u2026] O \u2018neguinho\u2019 deixou o carro, porque n\u00e3o tinha como passar dois carros naquela curva. [\u2026] O \u2018neguinho\u2019 fez de sacanagem\u201d.<\/p>\n\n\n\n<p class=\"wp-block-paragraph\">A declara\u00e7\u00e3o rendeu rep\u00fadios do pr\u00f3prio Hamilton, da&nbsp;<a href=\"https:\/\/www.grandepremio.com\/formula-1\/\" target=\"_blank\" rel=\"noreferrer noopener\">F\u00f3rmula 1<\/a>&nbsp;e tamb\u00e9m da Mercedes. Posteriormente,&nbsp;<a href=\"https:\/\/www.grandepremio.com\/br\/f1\/noticias\/neguinho-devia-estar-dando-cu-nelson-piquet-derrota-lewis-hamilton-nico-rosberg\/\">um outro trecho publicado pelo&nbsp;<strong>GRANDE PR\u00caMIO<\/strong>&nbsp;mostrou Piquet se referindo ao heptacampe\u00e3o de forma homof\u00f3bica<\/a>, buscando justificar a derrota para Nico Rosberg no Mundial de 2016. \u201cO Keke [Rosberg]? Era um bosta, n\u00e3o tinha valor nenhum. \u00c9 que nem o filho dele [Nico]. Ganhou um campeonato\u2026 O neguinho devia estar dando mais cu naquela \u00e9poca, a\u00ed tava meio ruim\u201d, afirmou, em meio \u00e0s gargalhadas.<\/p>\n\n\n\n<p class=\"wp-block-paragraph\"><strong>\u25b6\ufe0f&nbsp;Inscreva-se nos dois canais do GRANDE PR\u00caMIO no YouTube:&nbsp;<a href=\"https:\/\/www.youtube.com\/channel\/UC9OlHEgxoaY6QY6nWPoiqQg?sub_confirmation=1\" target=\"_blank\" rel=\"noreferrer noopener\">GP<\/a>&nbsp;|&nbsp;<a href=\"https:\/\/www.youtube.com\/channel\/UC9csiS6q_C3C0FYhyr1rnFA?sub_confirmation=1\" target=\"_blank\" rel=\"noreferrer noopener\">GP2<\/a><\/strong><br><strong>\u25b6\ufe0f&nbsp;<a href=\"https:\/\/www.twitch.tv\/grandepremio\" target=\"_blank\" rel=\"noreferrer noopener\">Conhe\u00e7a o canal do GRANDE PR\u00caMIO na Twitch clicando aqui!<\/a><\/strong><\/p>\n\n\n\n<figure class=\"wp-block-image size-large\"><img decoding=\"async\" src=\"https:\/\/www.grandepremio.com\/br\/wp-content\/uploads\/2020\/05\/Piquet2-1024x747.jpg\" alt=\"\" class=\"wp-image-595249\"\/><figcaption>Nelson Piquet \u00e9 visto no hospitality da Red Bull durante o GP da \u00c1ustria de 2015 (Foto: Red Bull Content Pool\/Getty Images)<\/figcaption><\/figure>\n\n\n\n<p class=\"wp-block-paragraph\"><a href=\"https:\/\/www.grandepremio.com\/br\/f1\/noticias\/ministerio-publico-df-condenacao-nelson-piquet-declaracao-racista-lewis-hamilton\/\">Em julho de 2022, o MP-DF recebeu uma den\u00fancia feita pela bancada do PSOL na C\u00e3mara dos Deputados por conta da declara\u00e7\u00e3o racista<\/a>. As entidades Francisco de Assis: Educa\u00e7\u00e3o, Cidadania, Inclus\u00e3o e Direitos Humanos; o Centro Santo Dias de Direitos Humanos da Arquidiocese de&nbsp;<a href=\"https:\/\/www.grandepremio.com\/br\/circuito\/sao-paulo\/\" target=\"_blank\" rel=\"noreferrer noopener\">S\u00e3o Paulo<\/a>; a Alian\u00e7a Nacional LGBTI; e a Associa\u00e7\u00e3o Brasileira de Fam\u00edlias Homoafetivas (Abrafh) tamb\u00e9m entraram com a\u00e7\u00e3o.<\/p>\n\n\n\n<p class=\"wp-block-paragraph\">Em 7 de mar\u00e7o, o Minist\u00e9rio P\u00fablico do Distrito Federal apresentou o parecer \u00e0 Justi\u00e7a pela condena\u00e7\u00e3o de Nelson Piquet, que seria obrigado a pagar uma indeniza\u00e7\u00e3o de R$ 10 milh\u00f5es. Na vis\u00e3o do MP, a atitude do tricampe\u00e3o mundial \u201ctraduz claramente a sua concep\u00e7\u00e3o do profissional de cor negra, incapaz de ser bem-sucedido em raz\u00e3o de sua compet\u00eancia, fazendo-se necess\u00e1ria a utiliza\u00e7\u00e3o de outros meios, tais como a subjuga\u00e7\u00e3o, a humilha\u00e7\u00e3o e a inferioriza\u00e7\u00e3o diante de pessoas brancas que seguem os padr\u00f5es heteronormativos\u201d.<\/p>\n\n\n\n<p class=\"wp-block-paragraph\">A indeniza\u00e7\u00e3o, apesar de ter sido reduzida em 50% na decis\u00e3o de mar\u00e7o, ser\u00e1 destinada a fundos de promo\u00e7\u00e3o da igualdade racial e contra a discrimina\u00e7\u00e3o da comunidade LGBTQIA+. O c\u00e1lculo do valor levou em considera\u00e7\u00e3o uma doa\u00e7\u00e3o de Piquet para a campanha de reelei\u00e7\u00e3o do ex-presidente Jair Bolsonaro, no pleito de 2022, no valor de R$ 501 mil.<\/p>\n\n\n\n<p class=\"wp-block-paragraph\">\u201cConsiderando que o r\u00e9u se prop\u00f4s a pagar mais de R$ 500.000,00 (quinhentos mil reais) para ajudar na campanha eleitoral de um candidato \u00e0 presid\u00eancia rep\u00fablica, objetivando certamente a melhoria do pa\u00eds segundo as suas ideologias, nada mais justo que fixar a quantia de R$ 5.000.000,00 (cinco milh\u00f5es de reais) \u2013 que \u00e9 o valor m\u00ednimo de sua renda bruta anual \u2013 para auxiliar o pa\u00eds a se desenvolver como na\u00e7\u00e3o e para estimular a mais r\u00e1pida expurga\u00e7\u00e3o de atos discriminat\u00f3rios\u201d, escreveu o juiz no documento.<\/p>\n","protected":false},"excerpt":{"rendered":"<p>Nelson Piquet entrou com embargos de declara\u00e7\u00e3o ap\u00f3s condena\u00e7\u00e3o em mar\u00e7o por falas homof\u00f3bicas e racistas. Por\u00e9m, decis\u00e3o acabou negada por ju\u00edza, j\u00e1 que n\u00e3o houve omiss\u00e3o ou contradi\u00e7\u00e3o<\/p>\n","protected":false},"author":0,"featured_media":1000593380,"comment_status":"closed","ping_status":"closed","sticky":false,"template":"","format":"standard","meta":{"42wp_featured_image_caption":"","42wp_featured_image_credits":"","42wp_featured_video":"","42wp_featured_image_hidden":false,"42wp_authors_list":[],"footnotes":""},"categories":[2],"tags":[147,6533,180,30722,1491,28285,26078,87,1316,2545],"42wp_author":[47119],"class_list":["post-102380","post","type-post","status-publish","format-standard","has-post-thumbnail","hentry","category-f1","tag-f1","tag-f1-2023","tag-formula-1","tag-formula-1-2023","tag-grande-premio","tag-grandepremio","tag-homofobia","tag-lewis-hamilton","tag-nelson-piquet","tag-racismo","42wp_author-gabriel-carvalho"],"_links":{"self":[{"href":"https:\/\/grandepremio.com\/br\/wp-json\/wp\/v2\/posts\/102380","targetHints":{"allow":["GET"]}}],"collection":[{"href":"https:\/\/grandepremio.com\/br\/wp-json\/wp\/v2\/posts"}],"about":[{"href":"https:\/\/grandepremio.com\/br\/wp-json\/wp\/v2\/types\/post"}],"replies":[{"embeddable":true,"href":"https:\/\/grandepremio.com\/br\/wp-json\/wp\/v2\/comments?post=102380"}],"version-history":[{"count":0,"href":"https:\/\/grandepremio.com\/br\/wp-json\/wp\/v2\/posts\/102380\/revisions"}],"wp:featuredmedia":[{"embeddable":true,"href":"https:\/\/grandepremio.com\/br\/wp-json\/wp\/v2\/media\/1000593380"}],"wp:attachment":[{"href":"https:\/\/grandepremio.com\/br\/wp-json\/wp\/v2\/media?parent=102380"}],"wp:term":[{"taxonomy":"category","embeddable":true,"href":"https:\/\/grandepremio.com\/br\/wp-json\/wp\/v2\/categories?post=102380"},{"taxonomy":"post_tag","embeddable":true,"href":"https:\/\/grandepremio.com\/br\/wp-json\/wp\/v2\/tags?post=102380"},{"taxonomy":"42wp_author","embeddable":true,"href":"https:\/\/grandepremio.com\/br\/wp-json\/wp\/v2\/42wp_author?post=102380"}],"curies":[{"name":"wp","href":"https:\/\/api.w.org\/{rel}","templated":true}]}}