{"id":102423,"date":"2023-06-04T12:18:12","date_gmt":"2023-06-04T15:18:12","guid":{"rendered":"https:\/\/grandepremio.com\/br\/noticias\/george-russell-podio-surpreendente-elogia-mercedes-prova-estamos-melhorando\/"},"modified":"2023-06-04T12:21:52","modified_gmt":"2023-06-04T15:21:52","slug":"george-russell-podio-surpreendente-elogia-mercedes-prova-estamos-melhorando","status":"publish","type":"post","link":"https:\/\/grandepremio.com\/br\/f1\/george-russell-podio-surpreendente-elogia-mercedes-prova-estamos-melhorando\/","title":{"rendered":"Russell v\u00ea p\u00f3dio &#8220;surpreendente&#8221;, mas elogia Mercedes: &#8220;Prova que estamos melhorando"},"content":{"rendered":"\n<figure class=\"wp-block-embed is-type-video is-provider-youtube wp-block-embed-youtube wp-embed-aspect-16-9 wp-has-aspect-ratio\"><div class=\"wp-block-embed__wrapper\">\n<iframe loading=\"lazy\" title=\"\ud83d\udd34F1 2023 AO VIVO: VERSTAPPEN VENCE, HAMILTON E RUSSELL NO P\u00d3DIO: O GP DA ESPANHA | Briefing\" width=\"500\" height=\"281\" src=\"https:\/\/www.youtube.com\/embed\/pGgI288lssI?feature=oembed\" frameborder=\"0\" allow=\"accelerometer; autoplay; clipboard-write; encrypted-media; gyroscope; picture-in-picture; web-share\" referrerpolicy=\"strict-origin-when-cross-origin\" allowfullscreen><\/iframe>\n<\/div><\/figure>\n\n\n\n<p class=\"wp-block-paragraph\">Ap\u00f3s uma classifica\u00e7\u00e3o para se esquecer,<strong> George Russell<\/strong> conseguiu tirar o m\u00e1ximo do seu <strong>Mercedes<\/strong>, escalou o pelot\u00e3o e chegou ao terceiro lugar no <strong>GP da Espanha<\/strong>, s\u00e9tima etapa da <strong>temporada 2023<\/strong>, realizado neste domingo (4). E mesmo surpreso, disse que o resultado \u00e9 sinal de que a equipes est\u00e1, sim, melhorando.<\/p>\n\n\n\n<p class=\"wp-block-paragraph\">O piloto ingl\u00eas largou apenas em 12\u00ba, mas ficou impressionado com o ritmo forte e conseguiu, com ultrapassagens e uma boa t\u00e1tica de pit-stops, superar inclusive a <strong>Red Bull<\/strong> de <strong>Sergio P\u00e9rez<\/strong> garantindo que os dois <strong>Mercedes <\/strong>chegassem ao p\u00f3dio, com <strong>Lewis Hamilton<\/strong> sendo o segundo somente atr\u00e1s de <strong>Max Verstappen<\/strong>.<\/p>\n\n\n\n<figure class=\"wp-block-image size-large\"><img decoding=\"async\" src=\"https:\/\/www.grandepremio.com\/br\/wp-content\/uploads\/2023\/06\/f1-2023-espanha-corrida-mercedes-georgerussell-04-1024x683.jpg\" alt=\"\" class=\"wp-image-691200\"\/><figcaption>George Russell fez uma boa corrida e foi ao p\u00f3dio na Espanha (Foto: Mercedes)<\/figcaption><\/figure>\n\n\n\n<p class=\"wp-block-paragraph\">&#8220;Estou surpreso com o resultado e queria agradecer muito \u00e0 equipe por me dar um \u00f3timo carro hoje. Foi uma corrida divertida para n\u00f3s, largando de 12\u00ba e chegando em terceiro. Espero que seja um sinal de que coisas que vir\u00e3o em nosso futuro&#8221;, declarou o piloto #63 em entrevista a Nico Rosberg.<\/p>\n\n\n\n<p class=\"wp-block-paragraph\"><strong>\u25b6\ufe0f\u00a0Inscreva-se nos dois canais do GRANDE PR\u00caMIO no YouTube:\u00a0<a href=\"https:\/\/www.youtube.com\/channel\/UC9OlHEgxoaY6QY6nWPoiqQg?sub_confirmation=1\" target=\"_blank\" rel=\"noreferrer noopener\">GP<\/a>\u00a0|\u00a0<a href=\"https:\/\/www.youtube.com\/channel\/UC9csiS6q_C3C0FYhyr1rnFA?sub_confirmation=1\" target=\"_blank\" rel=\"noreferrer noopener\">GP2<\/a><\/strong><br><strong>\u25b6\ufe0f\u00a0<a href=\"https:\/\/www.twitch.tv\/grandepremio\" target=\"_blank\" rel=\"noreferrer noopener\" class=\"ek-link\">Conhe\u00e7a o canal do GRANDE PR\u00caMIO na Twitch clicando aqui!<\/a><\/strong><\/p>\n\n\n\n<p class=\"wp-block-paragraph\">Russell tamb\u00e9m falou sobre como as atualiza\u00e7\u00f5es que a Mercedes fez no W14 e estrearam no GP de M\u00f4naco melhoram a dirigibilidade. &#8220;Definitivamente me sinto melhor [no carro]. Estava fazendo boas voltas e na compara\u00e7\u00e3o com as equipes mais pr\u00f3ximas da gente, Ferrari e Aston Martin, estamos cada vez mais r\u00e1pidos&#8221;, analisou.<\/p>\n\n\n\n<p class=\"wp-block-paragraph\">O ingl\u00eas ainda falou sobre como a equipe decidiu enfrentar as 66 voltas da prova no Circuito de Barcelona-Catalunha. &#8220;Sabemos que trouxemos um pouco mais de downforce para o carro e estamos em uma janela de aproveitamento melhor, ent\u00e3o estou feliz por estar no p\u00f3dio.&#8221;<\/p>\n\n\n\n<p class=\"wp-block-paragraph\">O\u00a0<strong>GRANDE PR\u00caMIO<\/strong>\u00a0acompanha todas as atividades do GP da\u00a0<a href=\"https:\/\/es.grandepremio.com\/\" target=\"_blank\" rel=\"noreferrer noopener\">Espanha<\/a>\u00a0de\u00a0<strong><a href=\"https:\/\/www.grandepremio.com\/br\/f1\"><\/a><a href=\"https:\/\/www.grandepremio.com\/formula-1\/\" target=\"_blank\" rel=\"noreferrer noopener\">F\u00f3rmula 1<\/a><\/strong>, na\u00a0<strong>Catalunha<\/strong>,\u00a0<strong><a href=\"https:\/\/www.grandepremio.com\/br\/ao-vivo\/f1\/\">AO VIVO e EM TEMPO<\/a><\/strong>\u00a0<strong>REAL<\/strong>. O rep\u00f3rter\u00a0<strong>Eric Calduch<\/strong>\u00a0faz a cobertura \u2018in loco\u2019 de todo o fim de semana. A F1 volta em duas semanas, entre os dias 16 e 18 de junho, com o\u00a0<strong>GP do Canad\u00e1<\/strong>.<\/p>\n","protected":false},"excerpt":{"rendered":"<p>George Russell se disse extremamente feliz com o p\u00f3dio no GP da Espanha e louvou todo o esfor\u00e7o da Mercedes nas atualiza\u00e7\u00f5es do W14<\/p>\n","protected":false},"author":0,"featured_media":1000691179,"comment_status":"closed","ping_status":"closed","sticky":false,"template":"","format":"standard","meta":{"42wp_featured_image_caption":"","42wp_featured_image_credits":"","42wp_featured_video":"","42wp_featured_image_hidden":false,"42wp_authors_list":[],"footnotes":""},"categories":[2],"tags":[969,6533,800,996,1491,30103,82,19348],"42wp_author":[47157,47158],"class_list":["post-102423","post","type-post","status-publish","format-standard","has-post-thumbnail","hentry","category-f1","tag-corrida","tag-f1-2023","tag-george-russell","tag-gp-da-espanha","tag-grande-premio","tag-grande-premio-f1","tag-mercedes","tag-podio","42wp_author-jonas-souza","42wp_author-warm-up"],"_links":{"self":[{"href":"https:\/\/grandepremio.com\/br\/wp-json\/wp\/v2\/posts\/102423","targetHints":{"allow":["GET"]}}],"collection":[{"href":"https:\/\/grandepremio.com\/br\/wp-json\/wp\/v2\/posts"}],"about":[{"href":"https:\/\/grandepremio.com\/br\/wp-json\/wp\/v2\/types\/post"}],"replies":[{"embeddable":true,"href":"https:\/\/grandepremio.com\/br\/wp-json\/wp\/v2\/comments?post=102423"}],"version-history":[{"count":0,"href":"https:\/\/grandepremio.com\/br\/wp-json\/wp\/v2\/posts\/102423\/revisions"}],"wp:featuredmedia":[{"embeddable":true,"href":"https:\/\/grandepremio.com\/br\/wp-json\/wp\/v2\/media\/1000691179"}],"wp:attachment":[{"href":"https:\/\/grandepremio.com\/br\/wp-json\/wp\/v2\/media?parent=102423"}],"wp:term":[{"taxonomy":"category","embeddable":true,"href":"https:\/\/grandepremio.com\/br\/wp-json\/wp\/v2\/categories?post=102423"},{"taxonomy":"post_tag","embeddable":true,"href":"https:\/\/grandepremio.com\/br\/wp-json\/wp\/v2\/tags?post=102423"},{"taxonomy":"42wp_author","embeddable":true,"href":"https:\/\/grandepremio.com\/br\/wp-json\/wp\/v2\/42wp_author?post=102423"}],"curies":[{"name":"wp","href":"https:\/\/api.w.org\/{rel}","templated":true}]}}