{"id":102454,"date":"2023-06-03T21:00:00","date_gmt":"2023-06-04T00:00:00","guid":{"rendered":"https:\/\/grandepremio.com\/br\/noticias\/ep-de-jacarta-2-vai-passar-tv-hoje-saiba-onde-assistir-ao-vivo-formula-e\/"},"modified":"2023-06-03T08:31:57","modified_gmt":"2023-06-03T11:31:57","slug":"ep-de-jacarta-2-vai-passar-tv-hoje-saiba-onde-assistir-ao-vivo-formula-e","status":"publish","type":"post","link":"https:\/\/grandepremio.com\/br\/formula-e\/ep-de-jacarta-2-vai-passar-tv-hoje-saiba-onde-assistir-ao-vivo-formula-e\/","title":{"rendered":"eP de Jacarta 2 vai passar na TV hoje? Saiba onde assistir ao vivo \u00e0 F\u00f3rmula E"},"content":{"rendered":"\n<p class=\"wp-block-paragraph\">Na madrugada deste domingo (4), a\u00a0<strong><a href=\"https:\/\/www.grandepremio.com\/br\/formula-e\/\" target=\"_blank\" rel=\"noreferrer noopener\">F\u00f3rmula E<\/a><\/strong>\u00a0realiza a segunda corrida da rodada dupla de\u00a0<strong>Jacarta,<\/strong>\u00a0na Indon\u00e9sia. E voc\u00ea confere aqui onde acompanhar todas as atividades da categoria. Na primeira prova, <a href=\"https:\/\/www.grandepremio.com\/br\/formula-e\/noticias\/pascal-wehrlein-segura-pressao-jake-dennis-fatura-ep-de-jacarta-1-formula-e\/\" class=\"ek-link\">vit\u00f3ria apertada<\/a> de <strong>Pascal Wehrlein<\/strong>, da <strong>Porsche<\/strong>.<\/p>\n\n\n\n<p class=\"wp-block-paragraph\">Ainda no s\u00e1bado (3), \u00e0s\u00a0<strong>22h<\/strong>, a\u00a0<a href=\"https:\/\/www.grandepremio.com\/br\/formula-e\/\" target=\"_blank\" rel=\"noreferrer noopener\" class=\"ek-link\">F\u00f3rmula E<\/a>\u00a0vai disputar o\u00a0<strong>TL3<\/strong>, \u00faltima sess\u00e3o de testes do fim de semana. No domingo, assim como no dia anterior, a classifica\u00e7\u00e3o est\u00e1 agendada para\u00a0<strong>0h40<\/strong>, enquanto a corrida acontece \u00e0s\u00a0<strong>5h<\/strong>. <\/p>\n\n\n\n<figure class=\"wp-block-image size-large\"><img decoding=\"async\" src=\"https:\/\/www.grandepremio.com\/br\/wp-content\/uploads\/2023\/06\/GPF3-1024x683.jpeg\" alt=\"\" class=\"wp-image-689985\"\/><figcaption>Pascal Wehrlein com o trof\u00e9u no centro do p\u00f3dio da F\u00f3rmula E em Jacarta. Jake Dennis e Maximilian G\u00fcnther acompanham (Foto: Porsche)<\/figcaption><\/figure>\n\n\n\n<p class=\"wp-block-paragraph\">O\u00a0<strong>GRANDE PR\u00caMIO<\/strong>, emissora oficial da\u00a0<a href=\"https:\/\/www.grandepremio.com\/br\/formula-e\/\" target=\"_blank\" rel=\"noreferrer noopener\"><\/a><a href=\"https:\/\/www.grandepremio.com\/br\/formula-e\/\" target=\"_blank\" rel=\"noreferrer noopener\">F\u00f3rmula E<\/a>\u00a0no Brasil, vai transmitir todas as atividades de pista\u00a0<strong>AO VIVO<\/strong>\u00a0e com imagens diretamente do\u00a0<strong>YouTube\u00a0<\/strong>e do aplicativo\u00a0<strong>Kwai<\/strong>. A\u00a0<a href=\"https:\/\/formula1aovivo.com\/\" target=\"_blank\" rel=\"noreferrer noopener\"><\/a><a href=\"https:\/\/formula1aovivo.com\/\" target=\"_blank\" rel=\"noreferrer noopener\">transmiss\u00e3o<\/a>\u00a0abre pouco antes do in\u00edcio de cada sess\u00e3o, ent\u00e3o, aten\u00e7\u00e3o aos hor\u00e1rios:\u00a0<strong>TL2\u00a0<\/strong>\u00e0s\u00a0<strong>21h55<\/strong>,\u00a0<strong>classifica\u00e7\u00e3o\u00a0<\/strong>\u00e0s\u00a0<strong>0h30\u00a0<\/strong>e\u00a0<strong>corrida\u00a0<\/strong>a partir das\u00a0<strong>4h30<\/strong>.\u00a0<\/p>\n\n\n\n<p class=\"wp-block-paragraph\"><strong>Gefferson Kern\u00a0<\/strong>comanda a narra\u00e7\u00e3o, com coment\u00e1rios de\u00a0<strong>JP Nascimento\u00a0<\/strong>e\u00a0<strong>Pedro Henrique Marum<\/strong>, al\u00e9m da produ\u00e7\u00e3o de\u00a0<strong>Rodrigo Berton\u00a0<\/strong>em conjunto com a\u00a0<strong>LiveSports<\/strong>.<\/p>\n\n\n\n<p class=\"wp-block-paragraph\"><strong>\u25b6\ufe0f\u00a0Inscreva-se nos dois canais do GRANDE PR\u00caMIO no YouTube:\u00a0<a href=\"https:\/\/www.youtube.com\/channel\/UC9OlHEgxoaY6QY6nWPoiqQg?sub_confirmation=1\" target=\"_blank\" rel=\"noreferrer noopener\">GP<\/a>\u00a0|\u00a0<a href=\"https:\/\/www.youtube.com\/channel\/UC9csiS6q_C3C0FYhyr1rnFA?sub_confirmation=1\" target=\"_blank\" rel=\"noreferrer noopener\">GP2<\/a><\/strong><br><strong>\u25b6\ufe0f\u00a0<a href=\"https:\/\/www.twitch.tv\/grandepremio\" target=\"_blank\" rel=\"noreferrer noopener\">Conhe\u00e7a o canal do GRANDE PR\u00caMIO na Twitch clicando aqui!<\/a><\/strong><\/p>\n\n\n\n<p class=\"wp-block-paragraph\">Com a vit\u00f3ria, Pascal sobe para a segunda coloca\u00e7\u00e3o no campeonato, com 126 pontos, atr\u00e1s apenas dois pontos de\u00a0<strong><a href=\"https:\/\/www.grandepremio.com\/br\/piloto\/nick-cassidy\/\" target=\"_blank\" rel=\"noreferrer noopener\">Nick Cassidy<\/a><\/strong>, da\u00a0<strong>Envision<\/strong>, que estacionou nos 128 pontos ap\u00f3s um discreto s\u00e9timo lugar na\u00a0<strong>Indon\u00e9sia<\/strong>. Na sequ\u00eancia, outro que subiu ao p\u00f3dio na corrida 1,\u00a0<strong><a href=\"https:\/\/www.grandepremio.com\/br\/piloto\/jake-dennis\/\" target=\"_blank\" rel=\"noreferrer noopener\">Jake Dennis<\/a><\/strong>\u00a0(114), da\u00a0<strong>Andretti<\/strong>.<\/p>\n","protected":false},"excerpt":{"rendered":"<p>A F\u00f3rmula E fecha a rodada dupla em Jacarta, na Indon\u00e9sia, e o GRANDE PR\u00caMIO separou todos os hor\u00e1rios e onde acompanhar para voc\u00ea n\u00e3o perder nada<\/p>\n","protected":false},"author":0,"featured_media":1000689987,"comment_status":"closed","ping_status":"closed","sticky":false,"template":"","format":"standard","meta":{"42wp_featured_image_caption":"","42wp_featured_image_credits":"","42wp_featured_video":"","42wp_featured_image_hidden":false,"42wp_authors_list":[],"footnotes":""},"categories":[19],"tags":[35122,189,31435,34647,34649,34648,31109,35121,1491,33855,34646,28285,34650],"42wp_author":[47128],"class_list":["post-102454","post","type-post","status-publish","format-standard","has-post-thumbnail","hentry","category-formula-e","tag-ep-da-indonesia","tag-ep-de-jacarta","tag-formula-e-2023","tag-formula-e-ao-vivo","tag-formula-e-ao-vivo-e-com-imagens","tag-formula-e-com-imagens","tag-gp-da-indonesia","tag-gp-de-jacarta","tag-grande-premio","tag-grande-premio-fe","tag-grande-premio-transmite-formula-e","tag-grandepremio","tag-transmissao-formula-e","42wp_author-guilherme-bloisi"],"_links":{"self":[{"href":"https:\/\/grandepremio.com\/br\/wp-json\/wp\/v2\/posts\/102454","targetHints":{"allow":["GET"]}}],"collection":[{"href":"https:\/\/grandepremio.com\/br\/wp-json\/wp\/v2\/posts"}],"about":[{"href":"https:\/\/grandepremio.com\/br\/wp-json\/wp\/v2\/types\/post"}],"replies":[{"embeddable":true,"href":"https:\/\/grandepremio.com\/br\/wp-json\/wp\/v2\/comments?post=102454"}],"version-history":[{"count":0,"href":"https:\/\/grandepremio.com\/br\/wp-json\/wp\/v2\/posts\/102454\/revisions"}],"wp:featuredmedia":[{"embeddable":true,"href":"https:\/\/grandepremio.com\/br\/wp-json\/wp\/v2\/media\/1000689987"}],"wp:attachment":[{"href":"https:\/\/grandepremio.com\/br\/wp-json\/wp\/v2\/media?parent=102454"}],"wp:term":[{"taxonomy":"category","embeddable":true,"href":"https:\/\/grandepremio.com\/br\/wp-json\/wp\/v2\/categories?post=102454"},{"taxonomy":"post_tag","embeddable":true,"href":"https:\/\/grandepremio.com\/br\/wp-json\/wp\/v2\/tags?post=102454"},{"taxonomy":"42wp_author","embeddable":true,"href":"https:\/\/grandepremio.com\/br\/wp-json\/wp\/v2\/42wp_author?post=102454"}],"curies":[{"name":"wp","href":"https:\/\/api.w.org\/{rel}","templated":true}]}}