{"id":102471,"date":"2023-06-03T16:13:00","date_gmt":"2023-06-03T19:13:00","guid":{"rendered":"https:\/\/grandepremio.com\/br\/noticias\/5-coisas-que-aprendemos-no-sabado-do-gp-da-espanha-de-formula-1-2023\/"},"modified":"2023-06-03T16:14:10","modified_gmt":"2023-06-03T19:14:10","slug":"5-coisas-que-aprendemos-no-sabado-do-gp-da-espanha-de-formula-1-2023","status":"publish","type":"post","link":"https:\/\/grandepremio.com\/br\/f1\/5-coisas-que-aprendemos-no-sabado-do-gp-da-espanha-de-formula-1-2023\/","title":{"rendered":"5 coisas que aprendemos no s\u00e1bado do GP da Espanha de F\u00f3rmula 1 2023"},"content":{"rendered":"\n<figure class=\"wp-block-video\"><video class=\"video-js vjs-big-play-centered\" data-gp-vjs=\"1\" controls poster=\"https:\/\/www.grandepremio.com\/br\/wp-content\/uploads\/2023\/06\/Hamilton-Russell-poster.jpeg\" src=\"https:\/\/www.grandepremio.com\/br\/wp-content\/uploads\/2023\/06\/Hamilton-Russell.mp4\"><\/video><\/figure>\n\n\n\n<p class=\"wp-block-paragraph\">Em um ano totalmente dominado por&nbsp;<strong><a href=\"https:\/\/www.grandepremio.com\/br\/piloto\/max-verstappen\/\" target=\"_blank\" rel=\"noreferrer noopener\">Max Verstappen<\/a><\/strong>, o&nbsp;<strong>GP da&nbsp;<a href=\"https:\/\/es.grandepremio.com\/\" target=\"_blank\" rel=\"noreferrer noopener\">Espanha<\/a>&nbsp;<\/strong>tem conseguido ser o de maior dist\u00e2ncia para o resto do grid. Neste s\u00e1bado (3), o <a href=\"https:\/\/www.grandepremio.com\/br\/f1\/noticias\/max-verstappen-crava-pole-dominante-caos-espanha-lewis-hamilton-george-russell-batem\/\" class=\"ek-link\">holand\u00eas confirmou o enorme favoritismo<\/a>, virou uma grande volta em 1min12s272 e buscou mais uma pole dominante na&nbsp;<strong><a href=\"https:\/\/www.grandepremio.com\/formula-1\/\" target=\"_blank\" rel=\"noreferrer noopener\">F1&nbsp;<\/a>2023<\/strong>.<\/p>\n\n\n\n<p class=\"wp-block-paragraph\">Verstappen enfiou mais de 0s4 em cima de\u00a0<strong><a href=\"https:\/\/www.grandepremio.com\/br\/piloto\/carlos-sainz\/\" target=\"_blank\" rel=\"noreferrer noopener\">Carlos Sainz<\/a><\/strong>, segundo colocado. Tanta vantagem que nem precisou completar o giro da \u00faltima tentativa, recolheu para os boxes, poupou equipamento. A segunda fila estava uma loucura:\u00a0<strong><a href=\"https:\/\/www.grandepremio.com\/br\/piloto\/lando-norris\/\" target=\"_blank\" rel=\"noreferrer noopener\">Lando Norris<\/a><\/strong>\u00a0e\u00a0<strong><a href=\"https:\/\/www.grandepremio.com\/br\/piloto\/pierre-gasly\/\" target=\"_blank\" rel=\"noreferrer noopener\">Pierre Gasly<\/a><\/strong>. O franc\u00eas, no entanto, despencou no grid, perdendo seis posi\u00e7\u00f5es em dois incidentes diferentes, atrapalhando Verstappen e Sainz.<\/p>\n\n\n\n<p class=\"wp-block-paragraph\"><strong><a href=\"https:\/\/www.grandepremio.com\/br\/piloto\/lewis-hamilton\/\" target=\"_blank\" rel=\"noreferrer noopener\">Lewis Hamilton<\/a><\/strong>&nbsp;ficou em quinto, mas sobe para quarto, seguido por&nbsp;<strong><a href=\"https:\/\/www.grandepremio.com\/br\/piloto\/lance-stroll\/\" target=\"_blank\" rel=\"noreferrer noopener\">Lance Stroll<\/a><\/strong>, que finalmente bateu&nbsp;<strong><a href=\"https:\/\/es.grandepremio.com\/\" target=\"_blank\" rel=\"noreferrer noopener\">Fernando Alonso<\/a><\/strong>, em um decepcionante oitavo lugar.&nbsp;<strong>Esteban Ocon&nbsp;<\/strong>larga em sexto,&nbsp;<strong>Nico H\u00fclkenberg<\/strong>&nbsp;\u00e9 o s\u00e9timo.&nbsp;<strong><a href=\"https:\/\/www.grandepremio.com\/br\/piloto\/oscar-piastri\/\" target=\"_blank\" rel=\"noreferrer noopener\">Oscar Piastri<\/a><\/strong>&nbsp;subiu para nono, com Gasly completando o top-10 da sess\u00e3o.<\/p>\n\n\n\n<p class=\"wp-block-paragraph\">Foi uma das classifica\u00e7\u00f5es mais confusas do ano at\u00e9 aqui. Cheia de caos, incidentes, at\u00e9 acidente entre Mercedes, que certamente vai dar o que falar, al\u00e9m de muitos favoritos pelo caminho.\u00a0<strong>Sergio P\u00e9rez<\/strong>\u00a0e\u00a0<strong><a href=\"https:\/\/www.grandepremio.com\/br\/piloto\/george-russell\/\" target=\"_blank\" rel=\"noreferrer noopener\">George Russell<\/a><\/strong>\u00a0v\u00e3o dividir a sexta fila, enquanto<strong>\u00a0<a href=\"https:\/\/www.grandepremio.com\/br\/piloto\/charles-leclerc\/\" target=\"_blank\" rel=\"noreferrer noopener\">Charles Leclerc<\/a><\/strong>\u00a0sai de 19\u00ba, pen\u00faltimo lugar.<\/p>\n\n\n\n<figure class=\"wp-block-image size-large\"><img decoding=\"async\" src=\"https:\/\/www.grandepremio.com\/br\/wp-content\/uploads\/2023\/06\/f1-2023-espanha-classificacao-redbull-maxverstappen-03-1024x683.jpg\" alt=\"\" class=\"wp-image-690420\"\/><figcaption>Max Verstappen garantiu mais uma pole (Foto: Red Bull Content Pool)<\/figcaption><\/figure>\n\n\n\n<p class=\"wp-block-paragraph\">Diante deste cen\u00e1rio, o&nbsp;<strong>GRANDE PR\u00caMIO<\/strong>&nbsp;aponta&nbsp;<strong>cinco coisas que aprendemos<\/strong>&nbsp;no s\u00e1bado da s\u00e9tima etapa da temporada da&nbsp;<a href=\"https:\/\/www.grandepremio.com\/formula-1\/\" target=\"_blank\" rel=\"noreferrer noopener\">F1&nbsp;<\/a>2023, na Espanha:<\/p>\n\n\n\n<p class=\"wp-block-paragraph\"><strong>Verstappen nunca esteve t\u00e3o na frente quanto agora. E n\u00e3o deve recuar<\/strong><\/p>\n\n\n\n<p class=\"wp-block-paragraph\">Sabemos que \u00e9 repetitivo falar de Verstappen, mas s\u00e3o duas coisas aqui: a primeira \u00e9 \u00f3bvia, n\u00e3o tem como fazer uma an\u00e1lise ampla da F1 atual sem passar pelo cara que a domina. E a segunda \u00e9 na mesma esteira: o dom\u00ednio est\u00e1 cada vez maior e a sensa\u00e7\u00e3o \u00e9 de que nunca foi t\u00e3o imenso quanto no fim de semana do GP da Espanha. O cara nem precisou completar a segunda tentativa e enfiou 0s5 em todo mundo, liderou todas as sess\u00f5es com folgas. Absurdo.<\/p>\n\n\n\n<p class=\"wp-block-paragraph\"><strong>P\u00e9rez derrete a olhos vistos. Precisou ser artista para ficar fora de 2 Q3 seguidos<\/strong><\/p>\n\n\n\n<p class=\"wp-block-paragraph\">E pensar que tr\u00eas corridas atr\u00e1s a gente estava sonhando com uma briga pelo t\u00edtulo, hein? P\u00e9rez simplesmente derreteu desde a derrota acachapante que sofreu em Miami e agora parece muito mais perto de perder o vice do que ter qualquer chance de encarar Verstappen. S\u00e3o duas etapas seguidas fora do Q3 com um dos carros mais dominantes de todos os tempos. Constrangedor.<\/p>\n\n\n\n<figure class=\"wp-block-image size-large\"><img decoding=\"async\" src=\"https:\/\/www.grandepremio.com\/br\/wp-content\/uploads\/2023\/06\/f1-2023-espanha-classificacao-ferrari-charlesleclerc-afp-03-1024x683.jpg\" alt=\"\" class=\"wp-image-690405\"\/><figcaption>Charles Leclerc larga em 19\u00ba. Meu Deus&#8230; (Foto: AFP) <\/figcaption><\/figure>\n\n\n\n<p class=\"wp-block-paragraph\"><strong>Leclerc afunda e vive pior fase na F1. Sainz respira<\/strong><\/p>\n\n\n\n<p class=\"wp-block-paragraph\">Impress\u00e3o que d\u00e1 \u00e9 que Leclerc vive sua pior vers\u00e3o desde que chegou \u00e0 F1. \u00c9 verdade que o monegasco teve outros momentos de muito \u00edmpeto, de exageros, mas o 2023 do rapaz \u00e9 ruim de verdade. Ruim com for\u00e7a. Tenebrosa classifica\u00e7\u00e3o em 19\u00ba na Espanha e ainda viu Sainz, que estava ainda mais pressionado que ele, na segunda posi\u00e7\u00e3o. Respira, Carlos. Reaja logo, Charles.<\/p>\n\n\n\n<p class=\"wp-block-paragraph\"><strong>No caos, Alonso perde grande chance de encaminhar p\u00f3dio em casa. Stroll tamb\u00e9m respira<\/strong><\/p>\n\n\n\n<p class=\"wp-block-paragraph\">Uma classifica\u00e7\u00e3o em que P\u00e9rez, Leclerc e Russell sequer chegaram ao Q3 parecia a chave para Alonso se consolidar como segunda for\u00e7a e encaminhar fortemente um p\u00f3dio na corrida de casa. S\u00f3 que o espanhol estragou o carro em uma escapada e n\u00e3o apenas ficou longe da primeira fila, como tamb\u00e9m tomou tempo de Stroll pela primeira vez na Aston Martin. Que zebra e que frustra\u00e7\u00e3o para Fernando e para o p\u00fablico. Lance, por sua vez, \u00e9 outro que respira, depois de semanas de muita contesta\u00e7\u00e3o pela falta de resultados.<\/p>\n\n\n\n<p class=\"wp-block-paragraph\"><strong>Mercedes parece ter achado alguma coisa no carro. E arranjou novo problema com treta<\/strong><\/p>\n\n\n\n<p class=\"wp-block-paragraph\">Hamilton achou rapidamente a m\u00e3o do carro e fez um trabalho bem decente. Impress\u00e3o que deu foi de que talvez o ingl\u00eas pudesse at\u00e9 arrancar uma primeira fila. O quarto lugar, ali\u00e1s, \u00e9 \u00f3timo, ainda mais porque tem uma inc\u00f3gnita na frente: Norris. P\u00f3dio \u00e9 bem poss\u00edvel na Espanha para o multicampe\u00e3o, sim. O problema \u00e9 que a Mercedes teve uma treta em rede internacional. O mundo inteiro viu Hamilton e Russell batendo em um dos acidentes mais sem nexo dos \u00faltimos tempos. Em uma classifica\u00e7\u00e3o! O time colocou panos quentes, mas ficou feio, hein? E n\u00e3o deve acabar por aqui\u2026<\/p>\n\n\n\n<p class=\"wp-block-paragraph\">O&nbsp;<strong>GRANDE PR\u00caMIO<\/strong>&nbsp;acompanha todas as atividades do GP da&nbsp;<a href=\"https:\/\/es.grandepremio.com\/\" target=\"_blank\" rel=\"noreferrer noopener\">Espanha<\/a>&nbsp;de&nbsp;<strong><a href=\"https:\/\/www.grandepremio.com\/br\/f1\"><\/a><a href=\"https:\/\/www.grandepremio.com\/formula-1\/\" target=\"_blank\" rel=\"noreferrer noopener\">F\u00f3rmula 1<\/a><\/strong>, na&nbsp;<strong>Catalunha<\/strong>,&nbsp;<strong><a href=\"https:\/\/www.grandepremio.com\/br\/ao-vivo\/f1\/\">AO VIVO e EM TEMPO<\/a><\/strong>. O rep\u00f3rter&nbsp;<strong>Eric Calduch<\/strong>&nbsp;faz a cobertura \u2018in loco\u2019 de todo o fim de semana. Neste domingo, a corrida acontece a partir das 10h (de Bras\u00edlia, GMT-3).<\/p>\n\n\n\n<p class=\"wp-block-paragraph\"><strong>\u25b6\ufe0f&nbsp;Inscreva-se nos dois canais do GRANDE PR\u00caMIO no YouTube:&nbsp;<a href=\"https:\/\/www.youtube.com\/channel\/UC9OlHEgxoaY6QY6nWPoiqQg?sub_confirmation=1\" target=\"_blank\" rel=\"noreferrer noopener\">GP<\/a>&nbsp;|&nbsp;<a href=\"https:\/\/www.youtube.com\/channel\/UC9csiS6q_C3C0FYhyr1rnFA?sub_confirmation=1\" target=\"_blank\" rel=\"noreferrer noopener\">GP2<\/a><\/strong><br><strong>\u25b6\ufe0f&nbsp;<a href=\"https:\/\/www.twitch.tv\/grandepremio\" target=\"_blank\" rel=\"noreferrer noopener\">Conhe\u00e7a o canal do GRANDE PR\u00caMIO na Twitch clicando aqui!<\/a><\/strong><\/p>\n\n\n\n<figure class=\"wp-block-embed is-type-video is-provider-youtube wp-block-embed-youtube wp-embed-aspect-16-9 wp-has-aspect-ratio\"><div class=\"wp-block-embed__wrapper\">\n<iframe loading=\"lazy\" title=\"\ud83d\udd34F1 2023 NA ESPANHA AO VIVO: VERSTAPPEN POLE, HAMILTON E RUSSELL BATEM! | Briefing\" width=\"500\" height=\"281\" src=\"https:\/\/www.youtube.com\/embed\/mDleu0Joppk?feature=oembed\" frameborder=\"0\" allow=\"accelerometer; autoplay; clipboard-write; encrypted-media; gyroscope; picture-in-picture; web-share\" referrerpolicy=\"strict-origin-when-cross-origin\" allowfullscreen><\/iframe>\n<\/div><\/figure>\n","protected":false},"excerpt":{"rendered":"<p>Max Verstappen fez valer o gigantesco favoritismo e cravou a pole para o GP da Espanha. Sergio P\u00e9rez ficou no Q2, George Russell tamb\u00e9m e ainda bateu em Lewis Hamilton e Charles Leclerc vai largar em 19\u00ba. Carlos Sainz e Lance Stroll, por outro lado, respiraram e aliviaram a press\u00e3o<\/p>\n","protected":false},"author":0,"featured_media":1000690504,"comment_status":"closed","ping_status":"closed","sticky":false,"template":"","format":"standard","meta":{"42wp_featured_image_caption":"","42wp_featured_image_credits":"","42wp_featured_video":"","42wp_featured_image_hidden":false,"42wp_authors_list":[],"footnotes":""},"categories":[2],"tags":[457,524,20491,309,546,209,302,6533,176,207,30722,800,5100,34909,1491,30103,28285,3746,119,117,485,547,87,25553,203,90,82,1521,1556,2916,676,204,3132,612,215,597],"42wp_author":[47117,47109,47158],"class_list":["post-102471","post","type-post","status-publish","format-standard","has-post-thumbnail","hentry","category-f1","tag-alfa-romeo","tag-alphatauri","tag-alpine","tag-aston-martin","tag-carlos-sainz","tag-charles-leclerc","tag-esteban-ocon","tag-f1-2023","tag-fernando-alonso","tag-ferrari","tag-formula-1-2023","tag-george-russell","tag-gp-de-monaco","tag-gp-em-monaco","tag-grande-premio","tag-grande-premio-f1","tag-grandepremio","tag-guanyu-zhou","tag-haas","tag-kevin-magnussen","tag-lance-stroll","tag-lando-norris","tag-lewis-hamilton","tag-logan-sargeant","tag-max-verstappen","tag-mclaren","tag-mercedes","tag-nico-hulkenberg","tag-nyck-de-vries","tag-oscar-piastri","tag-pierre-gasly","tag-red-bull","tag-sergio-perez","tag-valtteri-bottas","tag-williams","tag-yuki-tsunoda","42wp_author-gabriel-curty","42wp_author-redacao-gp","42wp_author-warm-up"],"_links":{"self":[{"href":"https:\/\/grandepremio.com\/br\/wp-json\/wp\/v2\/posts\/102471","targetHints":{"allow":["GET"]}}],"collection":[{"href":"https:\/\/grandepremio.com\/br\/wp-json\/wp\/v2\/posts"}],"about":[{"href":"https:\/\/grandepremio.com\/br\/wp-json\/wp\/v2\/types\/post"}],"replies":[{"embeddable":true,"href":"https:\/\/grandepremio.com\/br\/wp-json\/wp\/v2\/comments?post=102471"}],"version-history":[{"count":0,"href":"https:\/\/grandepremio.com\/br\/wp-json\/wp\/v2\/posts\/102471\/revisions"}],"wp:featuredmedia":[{"embeddable":true,"href":"https:\/\/grandepremio.com\/br\/wp-json\/wp\/v2\/media\/1000690504"}],"wp:attachment":[{"href":"https:\/\/grandepremio.com\/br\/wp-json\/wp\/v2\/media?parent=102471"}],"wp:term":[{"taxonomy":"category","embeddable":true,"href":"https:\/\/grandepremio.com\/br\/wp-json\/wp\/v2\/categories?post=102471"},{"taxonomy":"post_tag","embeddable":true,"href":"https:\/\/grandepremio.com\/br\/wp-json\/wp\/v2\/tags?post=102471"},{"taxonomy":"42wp_author","embeddable":true,"href":"https:\/\/grandepremio.com\/br\/wp-json\/wp\/v2\/42wp_author?post=102471"}],"curies":[{"name":"wp","href":"https:\/\/api.w.org\/{rel}","templated":true}]}}