{"id":102476,"date":"2023-06-03T14:21:27","date_gmt":"2023-06-03T17:21:27","guid":{"rendered":"https:\/\/grandepremio.com\/br\/noticias\/george-russell-se-defende-batida-lewis-hamilton-espanha-nem-sabia-estava-la\/"},"modified":"2023-06-03T14:21:35","modified_gmt":"2023-06-03T17:21:35","slug":"george-russell-se-defende-batida-lewis-hamilton-espanha-nem-sabia-estava-la","status":"publish","type":"post","link":"https:\/\/grandepremio.com\/br\/f1\/george-russell-se-defende-batida-lewis-hamilton-espanha-nem-sabia-estava-la\/","title":{"rendered":"Russell se defende de batida com Hamilton na Espanha: &#8220;Nem sabia que estava l\u00e1&#8221;"},"content":{"rendered":"\n<figure class=\"wp-block-embed is-type-rich is-provider-incorporar-manipulador wp-block-embed-incorporar-manipulador wp-embed-aspect-16-9 wp-has-aspect-ratio\"><div class=\"wp-block-embed__wrapper\">\n<iframe loading=\"lazy\" title=\"\ud83d\udd34F1 2023 NA ESPANHA AO VIVO: VERSTAPPEN POLE, HAMILTON E RUSSELL BATEM! | Briefing\" width=\"500\" height=\"281\" src=\"https:\/\/www.youtube.com\/embed\/mDleu0Joppk?feature=oembed\" frameborder=\"0\" allow=\"accelerometer; autoplay; clipboard-write; encrypted-media; gyroscope; picture-in-picture; web-share\" referrerpolicy=\"strict-origin-when-cross-origin\" allowfullscreen><\/iframe>\n<\/div><\/figure>\n\n\n\n<p class=\"wp-block-paragraph\"><strong>George Russell<\/strong> n\u00e3o conseguiu se entender com o <strong>W14<\/strong> em Barcelona e sofreu durante a classifica\u00e7\u00e3o para o <strong>GP da Espanha<\/strong>, realizada na manh\u00e3 deste s\u00e1bado (3). Al\u00e9m de apresentar um ritmo ruim em volta lan\u00e7ada e cair ainda no Q2, o #63 da <strong>Mercedes<\/strong> se estranhou com o companheiro de equipe <strong>Lewis Hamilton<\/strong> na pista e acabou danificando a asa dianteira do heptacampe\u00e3o mundial.<\/p>\n\n\n\n<p class=\"wp-block-paragraph\">Nos minutos finais do Q2, a dupla da Mercedes estava abrindo volta r\u00e1pida, mas Russell acabou espremendo Hamilton na grama, ainda na reta principal. O brit\u00e2nico se defendeu das acusa\u00e7\u00f5es, alegando n\u00e3o ter visto Lewis na pista.<\/p>\n\n\n\n<p class=\"wp-block-paragraph\"><strong>\u25b6\ufe0f&nbsp;Inscreva-se nos dois canais do GRANDE PR\u00caMIO no YouTube:&nbsp;<a href=\"https:\/\/www.youtube.com\/channel\/UC9OlHEgxoaY6QY6nWPoiqQg?sub_confirmation=1\" target=\"_blank\" rel=\"noreferrer noopener\">GP<\/a>&nbsp;|&nbsp;<a href=\"https:\/\/www.youtube.com\/channel\/UC9csiS6q_C3C0FYhyr1rnFA?sub_confirmation=1\" target=\"_blank\" rel=\"noreferrer noopener\">GP2<\/a><\/strong><br><strong>\u25b6\ufe0f&nbsp;<a href=\"https:\/\/www.twitch.tv\/grandepremio\" target=\"_blank\" rel=\"noreferrer noopener\">Conhe\u00e7a o canal do GRANDE PR\u00caMIO na Twitch clicando aqui!<\/a><\/strong><\/p>\n\n\n\n<figure class=\"wp-block-image size-large\"><img decoding=\"async\" src=\"https:\/\/www.grandepremio.com\/br\/wp-content\/uploads\/2023\/06\/FxtMc_qX0AEAT4O-1024x576.jpg\" alt=\"\" class=\"wp-image-690422\"\/><figcaption>Russell atropela Hamilton na classifica\u00e7\u00e3o da F1 na Espanha (Foto: reprodu\u00e7\u00e3o\/F1 TV)<\/figcaption><\/figure>\n\n\n\n<p class=\"wp-block-paragraph\">&#8220;Eu n\u00e3o sabia que ele estava l\u00e1. Eu estava come\u00e7ando minha volta, tentando pegar o v\u00e1cuo de [<strong>Carlos<\/strong>] <strong>Sainz<\/strong>. Felizmente, nada de ruim aconteceu&#8221;, disse Russell.<\/p>\n\n\n\n<p class=\"wp-block-paragraph\">Al\u00e9m da barbeiragem, George n\u00e3o conseguiu anotar um bom tempo no Q2, foi eliminado da sess\u00e3o e vai largar apenas de 12\u00ba na corrida no domingo. O piloto definiu a classifica\u00e7\u00e3o como &#8220;estranha&#8221;, mas n\u00e3o se mostrou surpreso por ter sido eliminado de maneira precoce.<\/p>\n\n\n\n<p class=\"wp-block-paragraph\">&#8220;Assim que sa\u00ed dos boxes, na primeira tentativa, n\u00e3o tive ader\u00eancia nos pneus. O carro come\u00e7ou a balan\u00e7ar muito nas curvas de alta velocidade. Foi uma sess\u00e3o muito, muito estranha. N\u00e3o estou surpreso por estar fora no Q2. O carro estava totalmente fora do ritmo. N\u00e3o tive uma boa sensa\u00e7\u00e3o com ele. Decepcionante, com certeza&#8221;, lamentou o #63.<\/p>\n\n\n\n<p class=\"wp-block-paragraph\">\u201cMudamos algumas coisas, mas nada que esper\u00e1vamos ter um efeito t\u00e3o substancial. Talvez uma coisa que eu possa contribuir para a falta de desempenho \u00e9 que foi claramente complicado para todos l\u00e1 fora. Mas n\u00e3o dever\u00edamos estar nesta posi\u00e7\u00e3o, ent\u00e3o \u00e9 uma pena&#8221;, finalizou.<\/p>\n\n\n\n<p class=\"wp-block-paragraph\">O&nbsp;<strong>GRANDE PR\u00caMIO<\/strong>&nbsp;acompanha todas as atividades do GP da&nbsp;<a href=\"https:\/\/es.grandepremio.com\/\" target=\"_blank\" rel=\"noreferrer noopener\">Espanha<\/a>&nbsp;de&nbsp;<strong><a href=\"https:\/\/www.grandepremio.com\/br\/f1\"><\/a><a href=\"https:\/\/www.grandepremio.com\/formula-1\/\" target=\"_blank\" rel=\"noreferrer noopener\">F\u00f3rmula 1<\/a><\/strong>, na&nbsp;<strong>Catalunha<\/strong>,&nbsp;<strong><a href=\"https:\/\/www.grandepremio.com\/br\/ao-vivo\/f1\/\">AO VIVO e EM TEMPO<\/a><\/strong>. O rep\u00f3rter&nbsp;<strong>Eric Calduch<\/strong>&nbsp;faz a cobertura \u2018in loco\u2019 de todo o fim de semana.<\/p>\n\n\n\n<p class=\"wp-block-paragraph\"><\/p>\n","protected":false},"excerpt":{"rendered":"<p>George Russell teve um dia para esquecer durante classifica\u00e7\u00e3o na Espanha, neste s\u00e1bado, com batida no companheiro de equipe e uma elimina\u00e7\u00e3o precoce ainda no Q2<\/p>\n","protected":false},"author":0,"featured_media":1000690412,"comment_status":"closed","ping_status":"closed","sticky":false,"template":"","format":"standard","meta":{"42wp_featured_image_caption":"","42wp_featured_image_credits":"","42wp_featured_video":"","42wp_featured_image_hidden":false,"42wp_authors_list":[],"footnotes":""},"categories":[2],"tags":[147,6533,24837,31260,800,20861,24836,28285,87,82,32317],"42wp_author":[47149,47132,47158],"class_list":["post-102476","post","type-post","status-publish","format-standard","has-post-thumbnail","hentry","category-f1","tag-f1","tag-f1-2023","tag-formula-1-2","tag-formula-1-2023-2","tag-george-russell","tag-gp-espanha","tag-grande-premio-2","tag-grandepremio","tag-lewis-hamilton","tag-mercedes","tag-w14","42wp_author-bernardo-castro","42wp_author-eric-calduch","42wp_author-warm-up"],"_links":{"self":[{"href":"https:\/\/grandepremio.com\/br\/wp-json\/wp\/v2\/posts\/102476","targetHints":{"allow":["GET"]}}],"collection":[{"href":"https:\/\/grandepremio.com\/br\/wp-json\/wp\/v2\/posts"}],"about":[{"href":"https:\/\/grandepremio.com\/br\/wp-json\/wp\/v2\/types\/post"}],"replies":[{"embeddable":true,"href":"https:\/\/grandepremio.com\/br\/wp-json\/wp\/v2\/comments?post=102476"}],"version-history":[{"count":0,"href":"https:\/\/grandepremio.com\/br\/wp-json\/wp\/v2\/posts\/102476\/revisions"}],"wp:featuredmedia":[{"embeddable":true,"href":"https:\/\/grandepremio.com\/br\/wp-json\/wp\/v2\/media\/1000690412"}],"wp:attachment":[{"href":"https:\/\/grandepremio.com\/br\/wp-json\/wp\/v2\/media?parent=102476"}],"wp:term":[{"taxonomy":"category","embeddable":true,"href":"https:\/\/grandepremio.com\/br\/wp-json\/wp\/v2\/categories?post=102476"},{"taxonomy":"post_tag","embeddable":true,"href":"https:\/\/grandepremio.com\/br\/wp-json\/wp\/v2\/tags?post=102476"},{"taxonomy":"42wp_author","embeddable":true,"href":"https:\/\/grandepremio.com\/br\/wp-json\/wp\/v2\/42wp_author?post=102476"}],"curies":[{"name":"wp","href":"https:\/\/api.w.org\/{rel}","templated":true}]}}