{"id":102478,"date":"2023-06-03T13:52:12","date_gmt":"2023-06-03T16:52:12","guid":{"rendered":"https:\/\/grandepremio.com\/br\/noticias\/fernando-alonso-assume-erro-garante-recuperacao-domingo-resultado-possivel\/"},"modified":"2023-06-03T14:38:00","modified_gmt":"2023-06-03T17:38:00","slug":"fernando-alonso-assume-erro-garante-recuperacao-domingo-resultado-possivel","status":"publish","type":"post","link":"https:\/\/grandepremio.com\/br\/f1\/fernando-alonso-assume-erro-garante-recuperacao-domingo-resultado-possivel\/","title":{"rendered":"Alonso assume erro ap\u00f3s 9\u00ba na classifica\u00e7\u00e3o e aposta em &#8216;modesto&#8217; top-5 no GP da Espanha"},"content":{"rendered":"\n<figure class=\"wp-block-embed is-type-video is-provider-youtube wp-block-embed-youtube wp-embed-aspect-16-9 wp-has-aspect-ratio\"><div class=\"wp-block-embed__wrapper\">\n<iframe loading=\"lazy\" title=\"\ud83d\udd34F1 2023 NA ESPANHA AO VIVO: VERSTAPPEN POLE, HAMILTON E RUSSELL BATEM! | Briefing\" width=\"500\" height=\"281\" src=\"https:\/\/www.youtube.com\/embed\/mDleu0Joppk?feature=oembed\" frameborder=\"0\" allow=\"accelerometer; autoplay; clipboard-write; encrypted-media; gyroscope; picture-in-picture; web-share\" referrerpolicy=\"strict-origin-when-cross-origin\" allowfullscreen><\/iframe>\n<\/div><\/figure>\n\n\n\n<p class=\"wp-block-paragraph\"><strong>Fernando Alonso<\/strong> ter\u00e1 de fazer uma corrida de recupera\u00e7\u00e3o no <strong>GP da Espanha<\/strong>. Diante da torcida, o espanhol vai largar somente da nona posi\u00e7\u00e3o ap\u00f3s alguns erros cometidos <a href=\"https:\/\/www.grandepremio.com\/br\/f1\/noticias\/max-verstappen-crava-pole-dominante-caos-espanha-lewis-hamilton-george-russell-batem\/\" class=\"ek-link\">na classifica\u00e7\u00e3o deste s\u00e1bado (3), em <strong>Barcelona<\/strong><\/a>, mas se mostrou confiante quanto ao ritmo de corrida da<strong> Aston Martin<\/strong>.&nbsp;<\/p>\n\n\n\n<p class=\"wp-block-paragraph\">O piloto #14 acabou saindo da pista ainda durante o Q1, comprometendo o assoalho do seu AMR23, mas explicou que mesmo com esse problema, poderia estar mais \u00e0 frente no grid de largada.<br><br>&#8220;O carro ainda parece competitivo mesmo com alguns danos no assoalho. Eu provavelmente poderia estar em segundo ou terceiro, minha \u00faltima volta era para terminar na casa de 1min12s7, at\u00e9 a curva 10, onde cometi mais um erro e passei do ponto de tomada\u201d, explicou o espanhol.<br><br><strong>\u25b6\ufe0f&nbsp;Inscreva-se nos dois canais do GRANDE PR\u00caMIO no YouTube:&nbsp;<a href=\"https:\/\/www.youtube.com\/channel\/UC9OlHEgxoaY6QY6nWPoiqQg?sub_confirmation=1\" target=\"_blank\" rel=\"noreferrer noopener\">GP<\/a>&nbsp;|&nbsp;<a href=\"https:\/\/www.youtube.com\/channel\/UC9csiS6q_C3C0FYhyr1rnFA?sub_confirmation=1\" target=\"_blank\" rel=\"noreferrer noopener\">GP2<\/a><\/strong><br><strong>\u25b6\ufe0f&nbsp;<a href=\"https:\/\/www.twitch.tv\/grandepremio\" target=\"_blank\" rel=\"noreferrer noopener\">Conhe\u00e7a o canal do GRANDE PR\u00caMIO na Twitch clicando aqui!<\/a><\/strong><\/p>\n\n\n\n<figure class=\"wp-block-image size-large\"><img decoding=\"async\" src=\"https:\/\/www.grandepremio.com\/br\/wp-content\/uploads\/2023\/06\/f1-2023-espanha-classificacao-astonmartin-fernandoalonso-afp-04-1024x683.jpg\" alt=\"\" class=\"wp-image-690444\"\/><figcaption>Fernando Alonso (Foto: AFP)<\/figcaption><\/figure>\n\n\n\n<p class=\"wp-block-paragraph\">&#8220;Se juntarmos tudo o que fizemos para amanh\u00e3, ainda estamos otimistas de que podemos somar muitos pontos. O carro tem muito ritmo, e eu diria que um top-5 ou top-6 s\u00e3o resultados poss\u00edveis a partir do P9, mesmo com Checo vindo de tr\u00e1s&#8221;, acrescentou, referindo-se a Sergio P\u00e9rez, que acabou fora at\u00e9 do Q3 e larga em 11\u00ba.<\/p>\n\n\n\n<p class=\"wp-block-paragraph\">O espanhol assumiu a falha cometida logo no come\u00e7o da sess\u00e3o. &#8220;Eu acabei estragando o carro, pois sa\u00ed, acho que na \u00faltima curva. Perdi o ponto e isso custou muito caro, pois aquela brita destruiu completamente o assoalho. D\u00f3i muito, ainda mais porque foi na volta de sa\u00edda, n\u00e3o em uma r\u00e1pida&#8221;, descreveu.<\/p>\n\n\n\n<p class=\"wp-block-paragraph\">Sobre a classifica\u00e7\u00e3o, Alonso fez uma an\u00e1lise de como ela foi incomum, com v\u00e1rios carros que geralmente est\u00e3o no topo da tabela de tempos largando mais atr\u00e1s. &#8220;Foi uma classifica\u00e7\u00e3o estranha. Ver [Charles] Leclerc fora do Q1, P\u00e9rez e [George] Russell fora do Q2, quase todo mundo estava com problemas e n\u00f3s est\u00e1vamos lutando contra o carro tamb\u00e9m\u201d, afirmou.<\/p>\n\n\n\n<p class=\"wp-block-paragraph\">O&nbsp;<strong>GRANDE PR\u00caMIO<\/strong>&nbsp;acompanha todas as atividades do GP da&nbsp;<a href=\"https:\/\/es.grandepremio.com\/\" target=\"_blank\" rel=\"noreferrer noopener\">Espanha<\/a>&nbsp;de&nbsp;<strong><a href=\"https:\/\/www.grandepremio.com\/br\/f1\"><\/a><a href=\"https:\/\/www.grandepremio.com\/formula-1\/\" target=\"_blank\" rel=\"noreferrer noopener\">F\u00f3rmula 1<\/a><\/strong>, na&nbsp;<strong>Catalunha<\/strong>,&nbsp;<strong><a href=\"https:\/\/www.grandepremio.com\/br\/ao-vivo\/f1\/\">AO VIVO e EM TEMPO<\/a><\/strong>. O rep\u00f3rter&nbsp;<strong>Eric Calduch<\/strong>&nbsp;faz a cobertura \u2018in loco\u2019 de todo o fim de semana.<\/p>\n","protected":false},"excerpt":{"rendered":"<p>Fernando Alonso acabou saindo da pista durante o Q1, o que danificou o assoalho do carro, mas garantiu que ainda consegue bons pontos no domingo, no GP da Espanha<\/p>\n","protected":false},"author":0,"featured_media":1000690445,"comment_status":"closed","ping_status":"closed","sticky":false,"template":"","format":"standard","meta":{"42wp_featured_image_caption":"","42wp_featured_image_credits":"","42wp_featured_video":"","42wp_featured_image_hidden":false,"42wp_authors_list":[],"footnotes":""},"categories":[2],"tags":[309,6533,176,180,996,24836,30103],"42wp_author":[47132,47157,47158],"class_list":["post-102478","post","type-post","status-publish","format-standard","has-post-thumbnail","hentry","category-f1","tag-aston-martin","tag-f1-2023","tag-fernando-alonso","tag-formula-1","tag-gp-da-espanha","tag-grande-premio-2","tag-grande-premio-f1","42wp_author-eric-calduch","42wp_author-jonas-souza","42wp_author-warm-up"],"_links":{"self":[{"href":"https:\/\/grandepremio.com\/br\/wp-json\/wp\/v2\/posts\/102478","targetHints":{"allow":["GET"]}}],"collection":[{"href":"https:\/\/grandepremio.com\/br\/wp-json\/wp\/v2\/posts"}],"about":[{"href":"https:\/\/grandepremio.com\/br\/wp-json\/wp\/v2\/types\/post"}],"replies":[{"embeddable":true,"href":"https:\/\/grandepremio.com\/br\/wp-json\/wp\/v2\/comments?post=102478"}],"version-history":[{"count":0,"href":"https:\/\/grandepremio.com\/br\/wp-json\/wp\/v2\/posts\/102478\/revisions"}],"wp:featuredmedia":[{"embeddable":true,"href":"https:\/\/grandepremio.com\/br\/wp-json\/wp\/v2\/media\/1000690445"}],"wp:attachment":[{"href":"https:\/\/grandepremio.com\/br\/wp-json\/wp\/v2\/media?parent=102478"}],"wp:term":[{"taxonomy":"category","embeddable":true,"href":"https:\/\/grandepremio.com\/br\/wp-json\/wp\/v2\/categories?post=102478"},{"taxonomy":"post_tag","embeddable":true,"href":"https:\/\/grandepremio.com\/br\/wp-json\/wp\/v2\/tags?post=102478"},{"taxonomy":"42wp_author","embeddable":true,"href":"https:\/\/grandepremio.com\/br\/wp-json\/wp\/v2\/42wp_author?post=102478"}],"curies":[{"name":"wp","href":"https:\/\/api.w.org\/{rel}","templated":true}]}}