{"id":102521,"date":"2023-06-02T15:55:59","date_gmt":"2023-06-02T18:55:59","guid":{"rendered":"https:\/\/grandepremio.com\/br\/noticias\/sergio-perez-chama-atencao-para-desgaste-de-pneus-mas-ve-dia-da-red-bull-com-saldo-positivo\/"},"modified":"2023-06-02T16:15:00","modified_gmt":"2023-06-02T19:15:00","slug":"sergio-perez-chama-atencao-para-desgaste-de-pneus-mas-ve-dia-da-red-bull-com-saldo-positivo","status":"publish","type":"post","link":"https:\/\/grandepremio.com\/br\/f1\/sergio-perez-chama-atencao-para-desgaste-de-pneus-mas-ve-dia-da-red-bull-com-saldo-positivo\/","title":{"rendered":"P\u00e9rez chama aten\u00e7\u00e3o para desgaste de pneus, mas v\u00ea dia da Red Bull com &#8220;saldo positivo&#8221;"},"content":{"rendered":"\n<p class=\"wp-block-paragraph\"><strong>Sergio P\u00e9rez<\/strong> se <a href=\"https:\/\/www.grandepremio.com\/br\/f1\/noticias\/max-verstappen-completa-dominio-sexta-feira-espanha-lidera-tl2-fernando-alonso-2o\/\" class=\"ek-link\">mostrou satisfeito ap\u00f3s o primeiro dia de treinos<\/a> do <strong>GP da Espanha<\/strong>. Mesmo sendo o quarto colocado no <strong>2\u00b0 treino livre<\/strong>, o piloto da <strong>Red Bull<\/strong> festejou o &#8220;bom dia&#8221;, falou das atualiza\u00e7\u00f5es do carro e afirmou que o saldo dos treinos foi &#8220;bem positivo&#8221;.<\/p>\n\n\n\n<p class=\"wp-block-paragraph\">As atividades na Catalunha, contudo, foram dominadas por seu companheiro de equipe e atual bicampe\u00e3o mundial, <strong>Max Verstappen<\/strong>. O holand\u00eas foi o mais veloz do dia, tendo imposto aproximadamente 0s7 de vantagem sobre P\u00e9rez na primeira sess\u00e3o e 0s3 na segunda.<\/p>\n\n\n\n<p class=\"wp-block-paragraph\"><strong>\u25b6\ufe0f&nbsp;Inscreva-se nos dois canais do GRANDE PR\u00caMIO no YouTube:&nbsp;<a href=\"https:\/\/www.youtube.com\/channel\/UC9OlHEgxoaY6QY6nWPoiqQg?sub_confirmation=1\" target=\"_blank\" rel=\"noreferrer noopener\">GP<\/a>&nbsp;|&nbsp;<a href=\"https:\/\/www.youtube.com\/channel\/UC9csiS6q_C3C0FYhyr1rnFA?sub_confirmation=1\" target=\"_blank\" rel=\"noreferrer noopener\">GP2<\/a><\/strong><br><strong>\u25b6\ufe0f&nbsp;<a href=\"https:\/\/www.twitch.tv\/grandepremio\" target=\"_blank\" rel=\"noreferrer noopener\">Conhe\u00e7a o canal do GRANDE PR\u00caMIO na Twitch clicando aqui!<\/a><\/strong><\/p>\n\n\n\n<figure class=\"wp-block-image size-large\"><img decoding=\"async\" src=\"https:\/\/www.grandepremio.com\/br\/wp-content\/uploads\/2023\/06\/f1-2023-monaco-treinos-livres-redbull-sergioperez-03-1-1024x683.jpg\" alt=\"\" class=\"wp-image-689417\"\/><figcaption>Sergio P\u00e9rez, durante o GP da Espanha (Foto: Red Bull Content Pool)<\/figcaption><\/figure>\n\n\n\n<p class=\"wp-block-paragraph\">&#8220;Estamos tentando de tudo aqui, j\u00e1 que \u00e9 a pista mais representativa de toda a temporada&#8221;, explicou P\u00e9rez, ap\u00f3s as sess\u00f5es. &#8220;Para domingo, vai ser essencial entendermos bem o desgaste de pneus&#8221;, emendou o mexicano. <\/p>\n\n\n\n<p class=\"wp-block-paragraph\">P\u00e9rez ocupa atualmente o segundo lugar do <strong>Mundial de Pilotos<\/strong>, com 105 pontos aferidos at\u00e9 aqui, 39 atr\u00e1s do l\u00edder, Verstappen. A Red Bull, por sua vez, lidera com folga o <strong>Mundial de Construtores<\/strong>, com 249 tentos, mais que o dobro da <strong>Aston Martin<\/strong>, segunda colocada, com 120.<\/p>\n\n\n\n<p class=\"wp-block-paragraph\">&#8220;No geral, o saldo do dia \u00e9 bem positivo&#8221;, seguiu o dono do carro #11. &#8220;Foi um bom dia para gente, colhemos bastante informa\u00e7\u00e3o&#8221;, concluiu.<\/p>\n\n\n\n<p class=\"wp-block-paragraph\">O&nbsp;<strong>GRANDE PR\u00caMIO<\/strong>&nbsp;analisa todas as atividades da&nbsp;<a href=\"https:\/\/www.grandepremio.com\/formula-1\/\" target=\"_blank\" rel=\"noreferrer noopener\"><strong>F\u00f3rmula 1<\/strong><\/a>&nbsp;na Espanha no Briefing, programa que vai ao ar ap\u00f3s o segundo treino livre, a classifica\u00e7\u00e3o e a corrida principal, sempre no&nbsp;<a href=\"https:\/\/www.youtube.com\/user\/sitegp\"><strong>canal do GP no YouTube<\/strong><\/a>. Neste s\u00e1bado, o TL3 est\u00e1 marcado para as 7h30, enquanto a defini\u00e7\u00e3o do grid acontece a partir das 11h (de Bras\u00edlia, GMT-3).<\/p>\n","protected":false},"excerpt":{"rendered":"<p>Sergio P\u00e9rez festejou &#8220;bom dia&#8221; na Espanha, afirmou que Red Bull p\u00f4de colher &#8220;bastante informa\u00e7\u00e3o&#8221;, mas diz que entender desgaste de pneus ser\u00e1 &#8220;essencial&#8221; para a corrida<\/p>\n","protected":false},"author":0,"featured_media":1000689406,"comment_status":"closed","ping_status":"closed","sticky":false,"template":"","format":"standard","meta":{"42wp_featured_image_caption":"","42wp_featured_image_credits":"","42wp_featured_video":"","42wp_featured_image_hidden":false,"42wp_authors_list":[],"footnotes":""},"categories":[2],"tags":[546,3624,209,147,6533,176,207,180,30722,1491,203,204,3132],"42wp_author":[47156,47158],"class_list":["post-102521","post","type-post","status-publish","format-standard","has-post-thumbnail","hentry","category-f1","tag-carlos-sainz","tag-catalunha","tag-charles-leclerc","tag-f1","tag-f1-2023","tag-fernando-alonso","tag-ferrari","tag-formula-1","tag-formula-1-2023","tag-grande-premio","tag-max-verstappen","tag-red-bull","tag-sergio-perez","42wp_author-valentin-furlan","42wp_author-warm-up"],"_links":{"self":[{"href":"https:\/\/grandepremio.com\/br\/wp-json\/wp\/v2\/posts\/102521","targetHints":{"allow":["GET"]}}],"collection":[{"href":"https:\/\/grandepremio.com\/br\/wp-json\/wp\/v2\/posts"}],"about":[{"href":"https:\/\/grandepremio.com\/br\/wp-json\/wp\/v2\/types\/post"}],"replies":[{"embeddable":true,"href":"https:\/\/grandepremio.com\/br\/wp-json\/wp\/v2\/comments?post=102521"}],"version-history":[{"count":0,"href":"https:\/\/grandepremio.com\/br\/wp-json\/wp\/v2\/posts\/102521\/revisions"}],"wp:featuredmedia":[{"embeddable":true,"href":"https:\/\/grandepremio.com\/br\/wp-json\/wp\/v2\/media\/1000689406"}],"wp:attachment":[{"href":"https:\/\/grandepremio.com\/br\/wp-json\/wp\/v2\/media?parent=102521"}],"wp:term":[{"taxonomy":"category","embeddable":true,"href":"https:\/\/grandepremio.com\/br\/wp-json\/wp\/v2\/categories?post=102521"},{"taxonomy":"post_tag","embeddable":true,"href":"https:\/\/grandepremio.com\/br\/wp-json\/wp\/v2\/tags?post=102521"},{"taxonomy":"42wp_author","embeddable":true,"href":"https:\/\/grandepremio.com\/br\/wp-json\/wp\/v2\/42wp_author?post=102521"}],"curies":[{"name":"wp","href":"https:\/\/api.w.org\/{rel}","templated":true}]}}