{"id":102527,"date":"2023-06-02T14:54:55","date_gmt":"2023-06-02T17:54:55","guid":{"rendered":"https:\/\/grandepremio.com\/br\/noticias\/lewis-hamilton-ve-mercedes-perto-meio-pelotao-reconhece-luta-entrar-q3\/"},"modified":"2023-06-02T15:05:15","modified_gmt":"2023-06-02T18:05:15","slug":"lewis-hamilton-ve-mercedes-perto-meio-pelotao-reconhece-luta-entrar-q3","status":"publish","type":"post","link":"https:\/\/grandepremio.com\/br\/f1\/lewis-hamilton-ve-mercedes-perto-meio-pelotao-reconhece-luta-entrar-q3\/","title":{"rendered":"Hamilton v\u00ea Mercedes perto do meio do pelot\u00e3o e reconhece &#8220;luta para entrar no Q3&#8221;"},"content":{"rendered":"\n<p class=\"wp-block-paragraph\">A <strong>Mercedes <\/strong>fez atualiza\u00e7\u00f5es radicais em seus carros desde o <strong>GP de M\u00f4naco<\/strong>, realizado no \u00faltimo domingo (28), mas mesmo assim <strong>Lewis Hamilton<\/strong> acredita que a equipe ainda est\u00e1 longe do ritmo ideal. O piloto brit\u00e2nico admitiu que enfrenta uma batalha dif\u00edcil para chegar ao Q3 na classifica\u00e7\u00e3o do <strong>GP da Espanha<\/strong>, embora tenha sentido uma melhora em rela\u00e7\u00e3o ao <strong>W14<\/strong>.<\/p>\n\n\n\n<p class=\"wp-block-paragraph\">O heptacampe\u00e3o mundial de <strong>F\u00f3rmula 1<\/strong> terminou apenas em 11\u00ba no segundo treino livre desta sexta-feira (2). O melhor esfor\u00e7o de Hamilton foi quase 0s7 abaixo do l\u00edder da sess\u00e3o, <strong>Max Verstappen<\/strong>, e tamb\u00e9m insuficiente para superar a <strong>Haas <\/strong>de <strong>Nico H\u00fclkenberg<\/strong>, os dois carros da <strong>Alpine<\/strong> e at\u00e9 mesmo o seu ex-companheiro de equipe, <strong>Valtteri Bottas<\/strong>, da <strong>Alfa Romeo<\/strong>.<\/p>\n\n\n\n<p class=\"wp-block-paragraph\">\u201cQuando voc\u00ea traz melhorias, naturalmente deve estar progredindo e estamos indo nesta dire\u00e7\u00e3o, mas n\u00e3o temos o avan\u00e7o que a gente sonhava. Por\u00e9m, \u00e9 um passo de cada vez. N\u00e3o sinto qualquer negatividade em rela\u00e7\u00e3o a isso e sou grato por termos essas atualiza\u00e7\u00f5es, o carro parece um carro\u201d, definiu Hamilton.<\/p>\n\n\n\n<p class=\"wp-block-paragraph\"><strong>\u25b6\ufe0f&nbsp;Inscreva-se nos dois canais do GRANDE PR\u00caMIO no YouTube:&nbsp;<a href=\"https:\/\/www.youtube.com\/channel\/UC9OlHEgxoaY6QY6nWPoiqQg?sub_confirmation=1\" target=\"_blank\" rel=\"noreferrer noopener\">GP<\/a>&nbsp;|&nbsp;<a href=\"https:\/\/www.youtube.com\/channel\/UC9csiS6q_C3C0FYhyr1rnFA?sub_confirmation=1\" target=\"_blank\" rel=\"noreferrer noopener\">GP2<\/a><\/strong><br><strong>\u25b6\ufe0f&nbsp;<a href=\"https:\/\/www.twitch.tv\/grandepremio\" target=\"_blank\" rel=\"noreferrer noopener\">Conhe\u00e7a o canal do GRANDE PR\u00caMIO na Twitch clicando aqui!<\/a><\/strong><\/p>\n\n\n\n<figure class=\"wp-block-image size-large\"><img decoding=\"async\" src=\"https:\/\/www.grandepremio.com\/br\/wp-content\/uploads\/2023\/06\/f1-2023-monaco-treinos-livres-mercedes-lewishamilton-afp-05-1024x683.jpg\" alt=\"\" class=\"wp-image-689246\"\/><figcaption>Para Lewis Hamilton, W14 ainda precisa melhorar na quest\u00e3o de ritmo (Foto: AFP) <\/figcaption><\/figure>\n\n\n\n<p class=\"wp-block-paragraph\">O restante do fim de semana n\u00e3o parece animar o dono do carro <strong>#44<\/strong>, que prev\u00ea dificuldades para a classifica\u00e7\u00e3o neste s\u00e1bado (3): \u201cPelo ritmo que tive, ser\u00e1 uma luta para eu entrar no top-10. Mas espero que fa\u00e7amos algumas mudan\u00e7as da noite para o dia.\u201d<\/p>\n\n\n\n<p class=\"wp-block-paragraph\">Para Hamilton, a disputa a partir da quinta posi\u00e7\u00e3o do grid ser\u00e1 muito acirrada, com a possibilidade de bons carros ficarem de fora. \u201cEst\u00e1 muito pr\u00f3ximo entre a gente e o meio do pelot\u00e3o, e \u00e9 impressionante ver as melhorias que todos parecem ter feito. Se voc\u00ea olhar para <strong>[Esteban] Ocon<\/strong>, [os carros da] Alpine, est\u00e3o indo muito bem e a <strong>Aston Martin<\/strong> foi a segunda colocada, logo atr\u00e1s da <strong>Red Bull<\/strong>, o que \u00e9 realmente impressionante\u201d, afirmou.<\/p>\n\n\n\n<p class=\"wp-block-paragraph\">Por sua vez, o piloto brit\u00e2nico se mostrou mais confiante para a corrida, j\u00e1 que os resultados dos treinos desta sexta apontam um melhor ritmo para a prova principal. &#8220;\u00c9 t\u00e3o diferente da semana passada, mas o ritmo de longo prazo n\u00e3o parecia terr\u00edvel, s\u00f3 temos de trabalhar para tentar descobrir como podemos extrair mais de uma \u00fanica volta\u201d, analisou.<\/p>\n\n\n\n<p class=\"wp-block-paragraph\">O&nbsp;<strong>GRANDE PR\u00caMIO<\/strong>&nbsp;acompanha todas as atividades do GP da&nbsp;<a href=\"https:\/\/es.grandepremio.com\/\" target=\"_blank\" rel=\"noreferrer noopener\">Espanha<\/a>&nbsp;de&nbsp;<strong><a href=\"https:\/\/www.grandepremio.com\/br\/f1\"><\/a><a href=\"https:\/\/www.grandepremio.com\/formula-1\/\" target=\"_blank\" rel=\"noreferrer noopener\">F\u00f3rmula 1<\/a><\/strong>, na <strong>Catalunha<\/strong>,&nbsp;<strong><a href=\"https:\/\/www.grandepremio.com\/br\/ao-vivo\/f1\/\" class=\"ek-link\">AO VIVO e EM TEMPO<\/a><\/strong>. O rep\u00f3rter <strong>Eric Calduch<\/strong> faz a cobertura \u2018in loco\u2019 de todo o fim de semana.<\/p>\n","protected":false},"excerpt":{"rendered":"<p>Ap\u00f3s dificuldades nos treinos livres do GP da Espanha nesta sexta-feira (2), Lewis Hamilton acredita que o W14 est\u00e1 longe do ritmo ideal, mesmo com as radicais atualiza\u00e7\u00f5es feitas desde o GP de M\u00f4naco e com alguns avan\u00e7os observados pela Mercedes<\/p>\n","protected":false},"author":0,"featured_media":1000689214,"comment_status":"closed","ping_status":"closed","sticky":false,"template":"","format":"standard","meta":{"42wp_featured_image_caption":"","42wp_featured_image_credits":"","42wp_featured_video":"","42wp_featured_image_hidden":false,"42wp_authors_list":[],"footnotes":""},"categories":[2],"tags":[147,6533,180,30722,996,1491,28285,2810,87,82,1707,1708,32317],"42wp_author":[47157],"class_list":["post-102527","post","type-post","status-publish","format-standard","has-post-thumbnail","hentry","category-f1","tag-f1","tag-f1-2023","tag-formula-1","tag-formula-1-2023","tag-gp-da-espanha","tag-grande-premio","tag-grandepremio","tag-hamilton","tag-lewis-hamilton","tag-mercedes","tag-tl1","tag-tl2","tag-w14","42wp_author-jonas-souza"],"_links":{"self":[{"href":"https:\/\/grandepremio.com\/br\/wp-json\/wp\/v2\/posts\/102527","targetHints":{"allow":["GET"]}}],"collection":[{"href":"https:\/\/grandepremio.com\/br\/wp-json\/wp\/v2\/posts"}],"about":[{"href":"https:\/\/grandepremio.com\/br\/wp-json\/wp\/v2\/types\/post"}],"replies":[{"embeddable":true,"href":"https:\/\/grandepremio.com\/br\/wp-json\/wp\/v2\/comments?post=102527"}],"version-history":[{"count":0,"href":"https:\/\/grandepremio.com\/br\/wp-json\/wp\/v2\/posts\/102527\/revisions"}],"wp:featuredmedia":[{"embeddable":true,"href":"https:\/\/grandepremio.com\/br\/wp-json\/wp\/v2\/media\/1000689214"}],"wp:attachment":[{"href":"https:\/\/grandepremio.com\/br\/wp-json\/wp\/v2\/media?parent=102527"}],"wp:term":[{"taxonomy":"category","embeddable":true,"href":"https:\/\/grandepremio.com\/br\/wp-json\/wp\/v2\/categories?post=102527"},{"taxonomy":"post_tag","embeddable":true,"href":"https:\/\/grandepremio.com\/br\/wp-json\/wp\/v2\/tags?post=102527"},{"taxonomy":"42wp_author","embeddable":true,"href":"https:\/\/grandepremio.com\/br\/wp-json\/wp\/v2\/42wp_author?post=102527"}],"curies":[{"name":"wp","href":"https:\/\/api.w.org\/{rel}","templated":true}]}}