{"id":102557,"date":"2023-06-01T15:36:51","date_gmt":"2023-06-01T18:36:51","guid":{"rendered":"https:\/\/grandepremio.com\/br\/noticias\/jacques-villeneuve-anuncia-saida-vanwall-ser-substituido-24-horas-le-mans\/"},"modified":"2023-06-01T18:25:19","modified_gmt":"2023-06-01T21:25:19","slug":"jacques-villeneuve-anuncia-saida-vanwall-ser-substituido-24-horas-le-mans","status":"publish","type":"post","link":"https:\/\/grandepremio.com\/br\/endurance\/jacques-villeneuve-anuncia-saida-vanwall-ser-substituido-24-horas-le-mans\/","title":{"rendered":"Villeneuve anuncia sa\u00edda da Vanwall ap\u00f3s ser substitu\u00eddo nas 24 Horas de Le Mans"},"content":{"rendered":"\n<p class=\"wp-block-paragraph\">Campe\u00e3o mundial da <strong>F\u00f3rmula 1<\/strong> em 1997, o piloto canadense<strong> Jacques Villeneuve <\/strong>anunciou a sa\u00edda da equipe <strong>Vanwall,<\/strong> no <strong>WEC<\/strong>, ap\u00f3s a decis\u00e3o do time em tir\u00e1-lo da edi\u00e7\u00e3o 2023 das<strong> 24 Horas de Le Mans<\/strong>. Ele ser\u00e1 substitu\u00eddo pelo franc\u00eas Tristan Vautier, campe\u00e3o da Indy Lights e ex-Indy. A decis\u00e3o veio a p\u00fablico na \u00faltima quarta-feira (31).<\/p>\n\n\n\n<p class=\"wp-block-paragraph\">Em nota, Villeneuve apontou a decep\u00e7\u00e3o com a equipe em substitu\u00ed-lo por Vautier na prova mais tradicional do endurance mundial. O franc\u00eas dividir\u00e1 o carro com <strong>Tom Dillmann e Esteban Guerrieri<\/strong>. Jacques anunciou que n\u00e3o retornar\u00e1 nas outras provas restantes, que acontecem em<strong> Monza, Fuji e Bahrein.<\/strong><\/p>\n\n\n\n<p class=\"wp-block-paragraph\">&#8220;At\u00e9 aqui, n\u00e3o recebi nenhum comunicado oficial do time, o que \u00e9 mais surpreendente dado que ainda estou sob contrato para correr em Le Mans. O timing da dispensa estranhamente coincidiu com minha chegada ao hospital para o nascimento da minha filha, que estava planejado para 26 de maio. A ByKolles estava ciente deste evento familiar, tornando-me incapaz de responder sobre este an\u00fancio repentino&#8221;, declarou Jacques.<\/p>\n\n\n\n<p class=\"wp-block-paragraph\"><strong>\u25b6\ufe0f\u00a0Inscreva-se nos dois canais do GRANDE PR\u00caMIO no YouTube:\u00a0<a href=\"https:\/\/www.youtube.com\/channel\/UC9OlHEgxoaY6QY6nWPoiqQg?sub_confirmation=1\" target=\"_blank\" rel=\"noreferrer noopener\">GP<\/a>\u00a0|\u00a0<a href=\"https:\/\/www.youtube.com\/channel\/UC9csiS6q_C3C0FYhyr1rnFA?sub_confirmation=1\" target=\"_blank\" rel=\"noreferrer noopener\">GP2<\/a><\/strong><br><strong>\u25b6\ufe0f\u00a0<a href=\"https:\/\/www.twitch.tv\/grandepremio\" target=\"_blank\" rel=\"noreferrer noopener\">Conhe\u00e7a o canal do GRANDE PR\u00caMIO na Twitch clicando aqui!<\/a><\/strong><\/p>\n\n\n\n<figure class=\"wp-block-image size-large\"><img decoding=\"async\" src=\"https:\/\/www.grandepremio.com\/br\/wp-content\/uploads\/2023\/06\/imagem_2023-06-01_152137021-1024x676.png\" alt=\"\" class=\"wp-image-689019\"\/><figcaption>Villeneuve anunciou sa\u00edda da Vanwall (Foto: Vanwall Racing)<\/figcaption><\/figure>\n\n\n\n<p class=\"wp-block-paragraph\">A Vanwall, por sua vez, afirmou ao site americano Motorsport.com que o motivo da substitui\u00e7\u00e3o foi a falta de quilometragem de Villeneuve pela equipe e o nascimento da filha, e que a decis\u00e3o de trazer Vautier aconteceu com a ci\u00eancia do piloto canadense.<\/p>\n\n\n\n<p class=\"wp-block-paragraph\">&#8220;Depois de vit\u00f3rias na Indy 500 e t\u00edtulos na Indy e na F1, as 24 Horas de Le Mans t\u00eam um significado especial para mim. Consequentemente, estou de cora\u00e7\u00e3o partido pela oportunidade negada de forma injusta e arbitraria. Nestas circunst\u00e2ncias, tomei a decis\u00e3o de me abster de participar no restante da temporada do WEC com a Bykolles [Atual Vanwall]&#8221;, completou.<\/p>\n\n\n\n<p class=\"wp-block-paragraph\">Em tr\u00eas corridas at\u00e9 aqui, o trio de Villeneuve com a Vanwall pontuou em apenas uma ocasi\u00e3o, na abertura da temporada, em Sebring. Em Portim\u00e3o, Jacques<a href=\"https:\/\/www.grandepremio.com\/br\/endurance\/noticias\/jacques-villeneuve-sorte-falha-freio-abandono-6-horas-portimao\/\" class=\"ek-link\"> estava no carro quando a explos\u00e3o do disco de freio for\u00e7ou o abandono<\/a>. Em Spa-Francorchamps, foi tocado pelo GTE Am da Ferrari e parou no muro.<\/p>\n\n\n\n<p class=\"wp-block-paragraph\">A edi\u00e7\u00e3o 2023 das 24 Horas de Le Mans est\u00e1 marcada para acontecer entre os dias 10 e 11 de junho no circuito de La Sarthe. A prova marca o anivers\u00e1rio de 100 anos da primeira edi\u00e7\u00e3o.<\/p>\n","protected":false},"excerpt":{"rendered":"<p>Ap\u00f3s Vanwall optar por substituir Jacques Villeneuve por Tristan Vautier em Le Mans, o campe\u00e3o da F1 em 1997 optou por sair do time e classificou a decis\u00e3o como injusta e arbitraria <\/p>\n","protected":false},"author":0,"featured_media":1000689018,"comment_status":"closed","ping_status":"closed","sticky":false,"template":"","format":"standard","meta":{"42wp_featured_image_caption":"","42wp_featured_image_credits":"","42wp_featured_video":"","42wp_featured_image_hidden":false,"42wp_authors_list":[],"footnotes":""},"categories":[18],"tags":[25034,1491,28285,2553,1208,357,356,27344],"42wp_author":[47119],"class_list":["post-102557","post","type-post","status-publish","format-standard","has-post-thumbnail","hentry","category-endurance","tag-24-horas-de-le-mans","tag-grande-premio","tag-grandepremio","tag-jacques-villeneuve","tag-le-mans","tag-mundial-de-endurance","tag-wec","tag-wec-2023","42wp_author-gabriel-carvalho"],"_links":{"self":[{"href":"https:\/\/grandepremio.com\/br\/wp-json\/wp\/v2\/posts\/102557","targetHints":{"allow":["GET"]}}],"collection":[{"href":"https:\/\/grandepremio.com\/br\/wp-json\/wp\/v2\/posts"}],"about":[{"href":"https:\/\/grandepremio.com\/br\/wp-json\/wp\/v2\/types\/post"}],"replies":[{"embeddable":true,"href":"https:\/\/grandepremio.com\/br\/wp-json\/wp\/v2\/comments?post=102557"}],"version-history":[{"count":0,"href":"https:\/\/grandepremio.com\/br\/wp-json\/wp\/v2\/posts\/102557\/revisions"}],"wp:featuredmedia":[{"embeddable":true,"href":"https:\/\/grandepremio.com\/br\/wp-json\/wp\/v2\/media\/1000689018"}],"wp:attachment":[{"href":"https:\/\/grandepremio.com\/br\/wp-json\/wp\/v2\/media?parent=102557"}],"wp:term":[{"taxonomy":"category","embeddable":true,"href":"https:\/\/grandepremio.com\/br\/wp-json\/wp\/v2\/categories?post=102557"},{"taxonomy":"post_tag","embeddable":true,"href":"https:\/\/grandepremio.com\/br\/wp-json\/wp\/v2\/tags?post=102557"},{"taxonomy":"42wp_author","embeddable":true,"href":"https:\/\/grandepremio.com\/br\/wp-json\/wp\/v2\/42wp_author?post=102557"}],"curies":[{"name":"wp","href":"https:\/\/api.w.org\/{rel}","templated":true}]}}