{"id":102563,"date":"2023-06-01T14:30:15","date_gmt":"2023-06-01T17:30:15","guid":{"rendered":"https:\/\/grandepremio.com\/br\/noticias\/fernando-alonso-box-33-tudo-gp-espanha-f1-2023-wgp\/"},"modified":"2023-06-01T14:38:03","modified_gmt":"2023-06-01T17:38:03","slug":"fernando-alonso-box-33-tudo-gp-espanha-f1-2023-wgp","status":"publish","type":"post","link":"https:\/\/grandepremio.com\/br\/grande-premio\/fernando-alonso-box-33-tudo-gp-espanha-f1-2023-wgp\/","title":{"rendered":"Alonso no box 33\u2026 Agora vai? Tudo sobre o GP da Espanha da F1 2023 | WGP"},"content":{"rendered":"\n<p class=\"wp-block-paragraph\">A <strong>F\u00f3rmula 1<\/strong> chegou em <strong>Barcelona<\/strong>, que vive \u00e0s voltas com o retorno da Alonsomania. <strong>Fernando Alonso<\/strong> conquistou em <strong>M\u00f4naco <\/strong>o seu melhor resultado na temporada 2023 ao terminar em segundo lugar, e o circuito da Catalunha ainda resolveu dar mais um ind\u00edcio de que a vit\u00f3ria 33 pode estar perto, colocando o espanhol no box\u2026 33.<\/p>\n\n\n\n<p class=\"wp-block-paragraph\">S\u00f3 que a realidade mostra que a <strong>Red Bull<\/strong> ainda est\u00e1 bem \u00e0 frente, ent\u00e3o as atualiza\u00e7\u00f5es deste final de semana ser\u00e3o importantes para ver se, sim, a equipe de Silverstone tem chances no ano.<\/p>\n\n\n\n<p class=\"wp-block-paragraph\"><strong>\u25b6\ufe0f\u00a0Inscreva-se nos dois canais do GRANDE PR\u00caMIO no YouTube:\u00a0<a href=\"https:\/\/www.youtube.com\/channel\/UC9OlHEgxoaY6QY6nWPoiqQg?sub_confirmation=1\" target=\"_blank\" rel=\"noreferrer noopener\">GP<\/a>\u00a0|\u00a0<a href=\"https:\/\/www.youtube.com\/channel\/UC9csiS6q_C3C0FYhyr1rnFA?sub_confirmation=1\" target=\"_blank\" rel=\"noreferrer noopener\">GP2<\/a><\/strong><br><strong>\u25b6\ufe0f\u00a0<a href=\"https:\/\/www.twitch.tv\/grandepremio\" target=\"_blank\" rel=\"noreferrer noopener\">Conhe\u00e7a o canal do GRANDE PR\u00caMIO na Twitch clicando aqui!<\/a><\/strong><\/p>\n\n\n\n<p class=\"wp-block-paragraph\">Do outro lado, <strong>Mercedes <\/strong>ter\u00e1 a prova dos 9 com o seu <strong>W14 <\/strong>repaginado, enquanto a Ferrari tamb\u00e9m prepara atualiza\u00e7\u00f5es e precisa dar um basta na imagem de equipe desorganizada, que ficou ainda mais escancarada em M\u00f4naco. Ser\u00e1 que vai?<\/p>\n\n\n\n<p class=\"wp-block-paragraph\">Tudo isso no <strong>WGP<\/strong>, o programa que \u00e9 comandado pelo time feminino do<strong> GRANDE PR\u00caMIO<\/strong>. Luana Marino apresenta, com coment\u00e1rios de Ana Paula Cerveira e Juliana Tesser. Na produ\u00e7\u00e3o, Pedro Prado. Confira!<\/p>\n\n\n\n<figure class=\"wp-block-embed is-type-video is-provider-youtube wp-block-embed-youtube wp-embed-aspect-16-9 wp-has-aspect-ratio\"><div class=\"wp-block-embed__wrapper\">\n<iframe loading=\"lazy\" title=\"ALONSO NO BOX 33\u2026 AGORA VAI? TUDO SOBRE O GP DA ESPANHA DA F1 2023 | WGP\" width=\"500\" height=\"281\" src=\"https:\/\/www.youtube.com\/embed\/IEbwCvh1yDQ?feature=oembed\" frameborder=\"0\" allow=\"accelerometer; autoplay; clipboard-write; encrypted-media; gyroscope; picture-in-picture; web-share\" referrerpolicy=\"strict-origin-when-cross-origin\" allowfullscreen><\/iframe>\n<\/div><\/figure>\n","protected":false},"excerpt":{"rendered":"<p>A Alonsomania est\u00e1 de volta! A F\u00f3rmula 1 chega \u00e0 Espanha neste final de semana, e a expectativa pela vit\u00f3ria n\u00ba 33 de Fernando Alonso \u00e9 muito alta. Mas ser\u00e1 que a Aston Martin realmente tem chances de bater a Red Bull? Tudo isso e mais no WGP. Assista!<\/p>\n","protected":false},"author":0,"featured_media":1000688938,"comment_status":"closed","ping_status":"closed","sticky":false,"template":"","format":"standard","meta":{"42wp_featured_image_caption":"","42wp_featured_image_credits":"","42wp_featured_video":"","42wp_featured_image_hidden":false,"42wp_authors_list":[],"footnotes":""},"categories":[4],"tags":[304,35137,35136,26271,5273,1877,35138,5148,147,6533,176,180,30722,996,1491,28285,30840,31447,27473],"42wp_author":[47147],"class_list":["post-102563","post","type-post","status-publish","format-standard","has-post-thumbnail","hentry","category-grande-premio","tag-barcelona","tag-barcelona-2023","tag-barcelona-f1","tag-calendario-f1","tag-classificacao-f1","tag-espanha","tag-espanha-2023","tag-espanha-f1","tag-f1","tag-f1-2023","tag-fernando-alonso","tag-formula-1","tag-formula-1-2023","tag-gp-da-espanha","tag-grande-premio","tag-grandepremio","tag-horarios-f1","tag-temporada-2023-f1","tag-wgp","42wp_author-luana-marino"],"_links":{"self":[{"href":"https:\/\/grandepremio.com\/br\/wp-json\/wp\/v2\/posts\/102563","targetHints":{"allow":["GET"]}}],"collection":[{"href":"https:\/\/grandepremio.com\/br\/wp-json\/wp\/v2\/posts"}],"about":[{"href":"https:\/\/grandepremio.com\/br\/wp-json\/wp\/v2\/types\/post"}],"replies":[{"embeddable":true,"href":"https:\/\/grandepremio.com\/br\/wp-json\/wp\/v2\/comments?post=102563"}],"version-history":[{"count":0,"href":"https:\/\/grandepremio.com\/br\/wp-json\/wp\/v2\/posts\/102563\/revisions"}],"wp:featuredmedia":[{"embeddable":true,"href":"https:\/\/grandepremio.com\/br\/wp-json\/wp\/v2\/media\/1000688938"}],"wp:attachment":[{"href":"https:\/\/grandepremio.com\/br\/wp-json\/wp\/v2\/media?parent=102563"}],"wp:term":[{"taxonomy":"category","embeddable":true,"href":"https:\/\/grandepremio.com\/br\/wp-json\/wp\/v2\/categories?post=102563"},{"taxonomy":"post_tag","embeddable":true,"href":"https:\/\/grandepremio.com\/br\/wp-json\/wp\/v2\/tags?post=102563"},{"taxonomy":"42wp_author","embeddable":true,"href":"https:\/\/grandepremio.com\/br\/wp-json\/wp\/v2\/42wp_author?post=102563"}],"curies":[{"name":"wp","href":"https:\/\/api.w.org\/{rel}","templated":true}]}}