{"id":102565,"date":"2023-06-01T13:43:04","date_gmt":"2023-06-01T16:43:04","guid":{"rendered":"https:\/\/grandepremio.com\/br\/noticias\/fernando-alonso-justifica-momento-lance-stroll-f1-sai-defesa-muito-azarado\/"},"modified":"2023-06-01T18:29:23","modified_gmt":"2023-06-01T21:29:23","slug":"fernando-alonso-justifica-momento-lance-stroll-f1-sai-defesa-muito-azarado","status":"publish","type":"post","link":"https:\/\/grandepremio.com\/br\/f1\/fernando-alonso-justifica-momento-lance-stroll-f1-sai-defesa-muito-azarado\/","title":{"rendered":"Alonso justifica momento de Stroll na F1 e sai em defesa: &#8220;Muito azarado&#8221;"},"content":{"rendered":"\n<p class=\"wp-block-paragraph\"><strong>Fernando Alonso <\/strong>\u00e9, inegavelmente, um dos grandes destaques da temporada 2023 da Formula 1. Com cinco p\u00f3dios em seis corridas, o bicampe\u00e3o mundial vem do melhor resultado dos \u00faltimos nove anos, quando completou o <strong>GP de M\u00f4naco <\/strong>na segunda posi\u00e7\u00e3o com a <strong>Aston Martin<\/strong>. Por\u00e9m, nem tudo s\u00e3o flores para o time de Silverstone, que est\u00e1 apenas 1 ponto \u00e0 frente da <strong>Mercedes<\/strong>.<\/p>\n\n\n\n<p class=\"wp-block-paragraph\">Enquanto Alonso soma 93 pontos, <a href=\"https:\/\/www.grandepremio.com\/br\/f1\/noticias\/aston-martin-leva-tapa-na-cara-com-lance-stroll-monaco-tem-de-se-mexer-para-crescer\/\" class=\"ek-link\">o companheiro de equipe<\/a><strong> Lance Stroll<\/strong> carrega apenas 27, e n\u00e3o conseguiu pontuar nas duas provas mais recentes, com direito a batida em M\u00f4naco. \u00c0s v\u00e9speras do <strong>GP da Espanha<\/strong>, Fernando saiu em defesa de Lance e cr\u00ea que o canadense tem sofrido com o azar.<\/p>\n\n\n\n<p class=\"wp-block-paragraph\">&#8220;Com Lance, ele em sido muito azarado nos eventos. Se olharmos no Bahrein, pilotando com uma m\u00e3o, ele foi bem r\u00e1pido. Em Jed\u00e1, ele teve o problema de exaust\u00e3o no motor quando estava \u00e0 frente das Ferraris. Em Miami, est\u00e1vamos arriscando muito e isso comprometeu a corrida. Em M\u00f4naco, detritos da McLaren comprometeram o fim de semana. Isso deixa as manchetes f\u00e1ceis de ser duras com isso, mas se olharmos o fim de semana, no TL3 ele estava 0s1 atr\u00e1s do mais r\u00e1pido. Ele entrega direito o feedback e as estrat\u00e9gias. Espero que ele tenha mais sorte, porque n\u00e3o acho que falta ritmo, apenas momentos oportunistas que n\u00e3o est\u00e3o do lado dele&#8221;, disse Alonso em coletiva acompanhada pelo <strong>GRANDE PR\u00caMIO<\/strong>.<\/p>\n\n\n\n<p class=\"wp-block-paragraph\"><strong>\u25b6\ufe0f\u00a0Inscreva-se nos dois canais do GRANDE PR\u00caMIO no YouTube:\u00a0<a href=\"https:\/\/www.youtube.com\/channel\/UC9OlHEgxoaY6QY6nWPoiqQg?sub_confirmation=1\" target=\"_blank\" rel=\"noreferrer noopener\">GP<\/a>\u00a0|\u00a0<a href=\"https:\/\/www.youtube.com\/channel\/UC9csiS6q_C3C0FYhyr1rnFA?sub_confirmation=1\" target=\"_blank\" rel=\"noreferrer noopener\">GP2<\/a><\/strong><br><strong>\u25b6\ufe0f\u00a0<a href=\"https:\/\/www.twitch.tv\/grandepremio\" target=\"_blank\" rel=\"noreferrer noopener\">Conhe\u00e7a o canal do GRANDE PR\u00caMIO na Twitch clicando aqui!<\/a><\/strong><\/p>\n\n\n\n<figure class=\"wp-block-image size-large\"><img decoding=\"async\" src=\"https:\/\/www.grandepremio.com\/br\/wp-content\/uploads\/2023\/05\/f1-2023-monaco-classificacao-astonmartin-fernandoalonso-afp-01-1024x683.jpg\" alt=\"\" class=\"wp-image-686867\"\/><figcaption>Fernando Alonso em M\u00f4naco (Foto: AFP)<\/figcaption><\/figure>\n\n\n\n<p class=\"wp-block-paragraph\">Para a etapa de Barcelona, a Aston Martin trouxe algumas atualiza\u00e7\u00f5es no AMR23, buscando se aproximar mais da dominante <strong>Red Bull<\/strong> e escapar das amea\u00e7as de <strong>Mercedes e Ferrari<\/strong>, que tamb\u00e9m trouxeram melhorias recentes ao carro e se aproximam do time verde na classifica\u00e7\u00e3o do campeonato. O time taurino venceu todas as corridas disputadas em 2023 at\u00e9 aqui.<\/p>\n\n\n\n<p class=\"wp-block-paragraph\">&#8220;Temos novas pe\u00e7as. N\u00e3o tenho certeza o que veio nos documentos. A asa dianteira tem uma mudan\u00e7a. Estamos sempre trazendo novas partes, algumas v\u00e3o para circuitos espec\u00edficos, algumas para melhorar tempo de volta. Estou feliz com a forma que abordamos cada corrida, de como sempre tem algo novo em nosso carro, do jeito que tentamos manter ritmo com os grandes. Ainda estamos crescendo nessa \u00e1rea. Estamos em uma janela muito competitiva da qual n\u00e3o esper\u00e1vamos. Ainda precisamos acelerar as coisas. A Ferrari j\u00e1 teve dois assoalhos, a Mercedes trouxe um carro completamente novo em M\u00f4naco. Red Bull trouxe atualiza\u00e7\u00f5es em Baku e uma nova aqui. Entendemos que n\u00e3o estamos nesta posi\u00e7\u00e3o ainda. Vamos permanecer de cabe\u00e7a baixa, fazer o trabalho nos domingos e marcar pontos&#8221;, concluiu.<\/p>\n\n\n\n<p class=\"wp-block-paragraph\">O\u00a0<strong>GRANDE PR\u00caMIO<\/strong>\u00a0acompanha todas as atividades do GP da\u00a0<a href=\"https:\/\/es.grandepremio.com\/\" target=\"_blank\" rel=\"noreferrer noopener\">Espanha<\/a>, na Catalunha,\u00a0<strong>AO VIVO<\/strong>\u00a0e\u00a0<strong>EM TEMPO<\/strong>. O rep\u00f3rter Eric Calduch faz a cobertura \u2018in loco\u2019 de todo o fim de semana.<\/p>\n","protected":false},"excerpt":{"rendered":"<p>Fernando Alonso saiu em defesa de Lance Stroll e cr\u00ea que azar tem atrapalhado o criticado piloto canadense. Espanhol tamb\u00e9m detalhou atualiza\u00e7\u00f5es da Aston Martin<\/p>\n","protected":false},"author":0,"featured_media":1000681098,"comment_status":"closed","ping_status":"closed","sticky":false,"template":"","format":"standard","meta":{"42wp_featured_image_caption":"","42wp_featured_image_credits":"","42wp_featured_video":"","42wp_featured_image_hidden":false,"42wp_authors_list":[],"footnotes":""},"categories":[2],"tags":[147,6533,176,30722,996,1491,28285,485],"42wp_author":[47132,47109,47158],"class_list":["post-102565","post","type-post","status-publish","format-standard","has-post-thumbnail","hentry","category-f1","tag-f1","tag-f1-2023","tag-fernando-alonso","tag-formula-1-2023","tag-gp-da-espanha","tag-grande-premio","tag-grandepremio","tag-lance-stroll","42wp_author-eric-calduch","42wp_author-redacao-gp","42wp_author-warm-up"],"_links":{"self":[{"href":"https:\/\/grandepremio.com\/br\/wp-json\/wp\/v2\/posts\/102565","targetHints":{"allow":["GET"]}}],"collection":[{"href":"https:\/\/grandepremio.com\/br\/wp-json\/wp\/v2\/posts"}],"about":[{"href":"https:\/\/grandepremio.com\/br\/wp-json\/wp\/v2\/types\/post"}],"replies":[{"embeddable":true,"href":"https:\/\/grandepremio.com\/br\/wp-json\/wp\/v2\/comments?post=102565"}],"version-history":[{"count":0,"href":"https:\/\/grandepremio.com\/br\/wp-json\/wp\/v2\/posts\/102565\/revisions"}],"wp:featuredmedia":[{"embeddable":true,"href":"https:\/\/grandepremio.com\/br\/wp-json\/wp\/v2\/media\/1000681098"}],"wp:attachment":[{"href":"https:\/\/grandepremio.com\/br\/wp-json\/wp\/v2\/media?parent=102565"}],"wp:term":[{"taxonomy":"category","embeddable":true,"href":"https:\/\/grandepremio.com\/br\/wp-json\/wp\/v2\/categories?post=102565"},{"taxonomy":"post_tag","embeddable":true,"href":"https:\/\/grandepremio.com\/br\/wp-json\/wp\/v2\/tags?post=102565"},{"taxonomy":"42wp_author","embeddable":true,"href":"https:\/\/grandepremio.com\/br\/wp-json\/wp\/v2\/42wp_author?post=102565"}],"curies":[{"name":"wp","href":"https:\/\/api.w.org\/{rel}","templated":true}]}}