{"id":102568,"date":"2023-06-01T11:45:19","date_gmt":"2023-06-01T14:45:19","guid":{"rendered":"https:\/\/grandepremio.com\/br\/noticias\/carlos-sainz-malabarismo-ferrari-atualizar-carro-tempo-gp-da-espanha\/"},"modified":"2023-06-01T12:27:18","modified_gmt":"2023-06-01T15:27:18","slug":"carlos-sainz-malabarismo-ferrari-atualizar-carro-tempo-gp-da-espanha","status":"publish","type":"post","link":"https:\/\/grandepremio.com\/br\/f1\/carlos-sainz-malabarismo-ferrari-atualizar-carro-tempo-gp-da-espanha\/","title":{"rendered":"Sainz v\u00ea &#8220;malabarismo&#8221; da Ferrari para atualizar carro em tempo do GP da Espanha"},"content":{"rendered":"\n<figure class=\"wp-block-embed is-type-video is-provider-youtube wp-block-embed-youtube wp-embed-aspect-16-9 wp-has-aspect-ratio\"><div class=\"wp-block-embed__wrapper\">\n<iframe loading=\"lazy\" title=\"SUMIDOS! PROCURA-SE RIVAIS DA RED BULL NA F1 2023 | GP \u00c0S 10\" width=\"500\" height=\"281\" src=\"https:\/\/www.youtube.com\/embed\/jfhv7UEG6lw?feature=oembed\" frameborder=\"0\" allow=\"accelerometer; autoplay; clipboard-write; encrypted-media; gyroscope; picture-in-picture; web-share\" referrerpolicy=\"strict-origin-when-cross-origin\" allowfullscreen><\/iframe>\n<\/div><figcaption>SUMIDOS! PROCURA-SE RIVAIS DA RED BULL NA F1 2023 | GP \u00c0S 10<\/figcaption><\/figure>\n\n\n\n<p class=\"wp-block-paragraph\">Apesar do fato de que a <strong>Ferrari<\/strong> planejava apresentar algumas atualiza\u00e7\u00f5es na <strong>SF-23<\/strong> j\u00e1 no <strong>GP da Em\u00edlia-Romanha<\/strong>, cancelado suas semanas atr\u00e1s, <strong>Carlos Sainz<\/strong> afirmou que a equipe teve de correr contra o tempo para chegar ao <strong>GP da Espanha<\/strong> com as novidades que ter\u00e1 no fim de semana. \u00c9 manobra necess\u00e1ria, segundo ele, para acabar com uma situa\u00e7\u00e3o muito mais desagrad\u00e1vel que a equipe imaginava antes do campeonato.<\/p>\n\n\n\n<p class=\"wp-block-paragraph\"><strong>\u25b6\ufe0f&nbsp;Inscreva-se nos dois canais do GRANDE PR\u00caMIO no YouTube:&nbsp;<a href=\"https:\/\/www.youtube.com\/channel\/UC9OlHEgxoaY6QY6nWPoiqQg?sub_confirmation=1\" target=\"_blank\" rel=\"noreferrer noopener\">GP<\/a>&nbsp;|&nbsp;<a href=\"https:\/\/www.youtube.com\/channel\/UC9csiS6q_C3C0FYhyr1rnFA?sub_confirmation=1\" target=\"_blank\" rel=\"noreferrer noopener\">GP2<\/a><\/strong><br><strong>\u25b6\ufe0f&nbsp;<a href=\"https:\/\/www.twitch.tv\/grandepremio\" target=\"_blank\" rel=\"noreferrer noopener\">Conhe\u00e7a o canal do GRANDE PR\u00caMIO na Twitch clicando aqui!<\/a><\/strong><\/p>\n\n\n\n<p class=\"wp-block-paragraph\">O fato do carro ser t\u00e3o imprevis\u00edvel fez, segundo Sainz, a Ferrari correr para adiantar atualiza\u00e7\u00f5es. Acabou fazendo um &#8220;malabarismo&#8221; para conseguir, no fim das contas.<\/p>\n\n\n\n<p class=\"wp-block-paragraph\">&#8220;O pacote de atualiza\u00e7\u00f5es vem com duas inten\u00e7\u00f5es: uma \u00e9 melhorar o ritmo de corrida e a outra, que o carro n\u00e3o seja t\u00e3o imprevis\u00edvel e incerto entre uma atividade e outra&#8221;, afirmou em entrevista aos ve\u00edculos espanh\u00f3is presentes ao <strong>Circuito da Catalunha<\/strong>.<\/p>\n\n\n\n<figure class=\"wp-block-image size-large\"><img decoding=\"async\" src=\"https:\/\/www.grandepremio.com\/br\/wp-content\/uploads\/2023\/04\/ferrari-carlossainz-01-2-1024x683.jpg\" alt=\"\" class=\"wp-image-675579\"\/><figcaption>Carlos Sainz elogiou o trabalho da Ferrari para chegar com atualiza\u00e7\u00f5es (Foto: Ferrari)<\/figcaption><\/figure>\n\n\n\n<p class=\"wp-block-paragraph\">&#8220;A situa\u00e7\u00e3o da Ferrari n\u00e3o \u00e9 f\u00e1cil, n\u00e3o vou enganar voc\u00eas. E os rumores n\u00e3o ajudam. Ningu\u00e9m est\u00e1 contente aqui, todos esper\u00e1vamos mais. N\u00e3o \u00e9 a situa\u00e7\u00e3o ideal, mas vejo os esfor\u00e7os feitos na f\u00e1brica para trazer melhorias e a vontade de todos para melhorar. Ainda tem muito campeonato pela frente para reverter a situa\u00e7\u00e3o e fazer melhores corridas&#8221;, apontou.<\/p>\n\n\n\n<p class=\"wp-block-paragraph\">Com rela\u00e7\u00e3o \u00e0 ordem de for\u00e7as para o fim de semana, Sainz n\u00e3o contesta: a equipe que domina o campeonato \u00e9 favorita absoluta.<\/p>\n\n\n\n<p class=\"wp-block-paragraph\">&#8220;A Red Bull estar\u00e1 v\u00e1rios d\u00e9cimos \u00e0 frente no fim de semana, isso est\u00e1 claro, mas sempre temos de pensar em p\u00f3dios. Espero que sirva de alguma coisa ter visto o assoalho da Red Bull [em M\u00f4naco], garanto que n\u00e3o jogaremos fora a oportunidade, ainda que, na F1, n\u00e3o seja t\u00e3o f\u00e1cil copiar&#8221;, finalizou.<\/p>\n\n\n\n<p class=\"wp-block-paragraph\">O <strong>GRANDE PR\u00caMIO<\/strong> acompanha todas as atividades do GP da Espanha de <strong><a href=\"https:\/\/www.grandepremio.com\/br\/f1\" class=\"ek-link\">F\u00f3rmula 1<\/a><\/strong>, na Catalunha, <strong><a href=\"https:\/\/www.grandepremio.com\/br\/ao-vivo\/f1\/\" class=\"ek-link\">AO VIVO e EM TEMPO<\/a><\/strong>. O rep\u00f3rter Eric Calduch faz a cobertura &#8216;in loco&#8217; de todo o fim de semana.<\/p>\n\n\n\n<figure class=\"wp-block-embed is-type-video is-provider-youtube wp-block-embed-youtube wp-embed-aspect-16-9 wp-has-aspect-ratio\"><div class=\"wp-block-embed__wrapper\">\n<iframe loading=\"lazy\" title=\"NEYMAR DE ROL\u00ca ALEAT\u00d3RIO NA F1 E ESPANHA COMO DIA &amp;apos;D&amp;apos; CONTRA VERSTAPPEN | TT GP #98\" width=\"500\" height=\"281\" src=\"https:\/\/www.youtube.com\/embed\/ckjHuN-jsa0?feature=oembed\" frameborder=\"0\" allow=\"accelerometer; autoplay; clipboard-write; encrypted-media; gyroscope; picture-in-picture; web-share\" referrerpolicy=\"strict-origin-when-cross-origin\" allowfullscreen><\/iframe>\n<\/div><figcaption>NEYMAR DE ROL\u00ca ALEAT\u00d3RIO NA F1 E ESPANHA COMO DIA &#8216;D&#8217; CONTRA VERSTAPPEN | TT GP #98<\/figcaption><\/figure>\n","protected":false},"excerpt":{"rendered":"<p>Carlos Sainz afirmou que a Ferrari correu contra o tempo para acabar com uma situa\u00e7\u00e3o que \u00e9 negativa e surpreendente<\/p>\n","protected":false},"author":0,"featured_media":1000686855,"comment_status":"closed","ping_status":"closed","sticky":false,"template":"","format":"standard","meta":{"42wp_featured_image_caption":"","42wp_featured_image_credits":"","42wp_featured_video":"","42wp_featured_image_hidden":false,"42wp_authors_list":[],"footnotes":""},"categories":[2],"tags":[546,209,6533,207,30722,996,35119,1491,30103,28285,32087],"42wp_author":[47132,47120],"class_list":["post-102568","post","type-post","status-publish","format-standard","has-post-thumbnail","hentry","category-f1","tag-carlos-sainz","tag-charles-leclerc","tag-f1-2023","tag-ferrari","tag-formula-1-2023","tag-gp-da-espanha","tag-gp-de-barcelona","tag-grande-premio","tag-grande-premio-f1","tag-grandepremio","tag-onde-assistir","42wp_author-eric-calduch","42wp_author-pedro-henrique-marum"],"_links":{"self":[{"href":"https:\/\/grandepremio.com\/br\/wp-json\/wp\/v2\/posts\/102568","targetHints":{"allow":["GET"]}}],"collection":[{"href":"https:\/\/grandepremio.com\/br\/wp-json\/wp\/v2\/posts"}],"about":[{"href":"https:\/\/grandepremio.com\/br\/wp-json\/wp\/v2\/types\/post"}],"replies":[{"embeddable":true,"href":"https:\/\/grandepremio.com\/br\/wp-json\/wp\/v2\/comments?post=102568"}],"version-history":[{"count":0,"href":"https:\/\/grandepremio.com\/br\/wp-json\/wp\/v2\/posts\/102568\/revisions"}],"wp:featuredmedia":[{"embeddable":true,"href":"https:\/\/grandepremio.com\/br\/wp-json\/wp\/v2\/media\/1000686855"}],"wp:attachment":[{"href":"https:\/\/grandepremio.com\/br\/wp-json\/wp\/v2\/media?parent=102568"}],"wp:term":[{"taxonomy":"category","embeddable":true,"href":"https:\/\/grandepremio.com\/br\/wp-json\/wp\/v2\/categories?post=102568"},{"taxonomy":"post_tag","embeddable":true,"href":"https:\/\/grandepremio.com\/br\/wp-json\/wp\/v2\/tags?post=102568"},{"taxonomy":"42wp_author","embeddable":true,"href":"https:\/\/grandepremio.com\/br\/wp-json\/wp\/v2\/42wp_author?post=102568"}],"curies":[{"name":"wp","href":"https:\/\/api.w.org\/{rel}","templated":true}]}}