{"id":102579,"date":"2023-06-01T07:36:42","date_gmt":"2023-06-01T10:36:42","guid":{"rendered":"https:\/\/grandepremio.com\/br\/noticias\/fernando-alonso-admite-viver-formula-1-2023-como-temporada-mais-divertida-desde-2012-curtindo-muito\/"},"modified":"2023-06-01T08:16:05","modified_gmt":"2023-06-01T11:16:05","slug":"fernando-alonso-admite-viver-formula-1-2023-como-temporada-mais-divertida-desde-2012-curtindo-muito","status":"publish","type":"post","link":"https:\/\/grandepremio.com\/br\/f1\/fernando-alonso-admite-viver-formula-1-2023-como-temporada-mais-divertida-desde-2012-curtindo-muito\/","title":{"rendered":"Alonso admite viver F1 2023 como temporada mais divertida desde 2012: &#8220;Curtindo muito&#8221;"},"content":{"rendered":"\n<figure class=\"wp-block-embed is-type-video is-provider-youtube wp-block-embed-youtube wp-embed-aspect-16-9 wp-has-aspect-ratio\"><div class=\"wp-block-embed__wrapper\">\n<iframe loading=\"lazy\" title=\"NEYMAR DE ROL\u00ca ALEAT\u00d3RIO NA F1 E ESPANHA COMO DIA &amp;apos;D&amp;apos; CONTRA VERSTAPPEN | TT GP #98\" width=\"500\" height=\"281\" src=\"https:\/\/www.youtube.com\/embed\/ckjHuN-jsa0?feature=oembed\" frameborder=\"0\" allow=\"accelerometer; autoplay; clipboard-write; encrypted-media; gyroscope; picture-in-picture; web-share\" referrerpolicy=\"strict-origin-when-cross-origin\" allowfullscreen><\/iframe>\n<\/div><figcaption>NEYMAR DE ROL\u00ca ALEAT\u00d3RIO NA F1 E ESPANHA COMO DIA &#8216;D&#8217; CONTRA VERSTAPPEN | TT GP #98<\/figcaption><\/figure>\n\n\n\n<p class=\"wp-block-paragraph\">J\u00e1 s\u00e3o cinco p\u00f3dios em seis corridas na temporada 2023 da <strong><a href=\"https:\/\/www.grandepremio.com\/br\/f1\" class=\"ek-link\">F\u00f3rmula 1<\/a><\/strong>, com direito ao segundo lugar no <strong><a href=\"https:\/\/www.grandepremio.com\/br\/f1\/noticias\/max-verstappen-resiste-pista-molhada-vence-gp-de-monaco-formula-1-incendiado-chuva\/\" class=\"ek-link\">GP de M\u00f4naco<\/a><\/strong> do \u00faltimo fim de semana. <strong>Fernando Alonso<\/strong> est\u00e1 inegavelmente animado com a realidade inesperada que vive desde que chegou aos quadros da <strong>Aston Martin<\/strong>. Tanto que admite ser a temporada que mais desfruta da F1 em mais de dez anos.<\/p>\n\n\n\n<p class=\"wp-block-paragraph\"><strong>\u25b6\ufe0f\u00a0Inscreva-se nos dois canais do GRANDE PR\u00caMIO no YouTube:\u00a0<a href=\"https:\/\/www.youtube.com\/channel\/UC9OlHEgxoaY6QY6nWPoiqQg?sub_confirmation=1\" target=\"_blank\" rel=\"noreferrer noopener\">GP<\/a>\u00a0|\u00a0<a href=\"https:\/\/www.youtube.com\/channel\/UC9csiS6q_C3C0FYhyr1rnFA?sub_confirmation=1\" target=\"_blank\" rel=\"noreferrer noopener\">GP2<\/a><\/strong><br><strong>\u25b6\ufe0f\u00a0<a href=\"https:\/\/www.twitch.tv\/grandepremio\" target=\"_blank\" rel=\"noreferrer noopener\">Conhe\u00e7a o canal do GRANDE PR\u00caMIO na Twitch clicando aqui!<\/a><\/strong><\/p>\n\n\n\n<p class=\"wp-block-paragraph\">Logo ap\u00f3s o resultado em <strong>Monte Carlo<\/strong>, Alonso foi questionado sobre a parte de divers\u00e3o, al\u00e9m do sucesso. Se estava gostando de maneira que n\u00e3o fazia desde os anos de t\u00edtulo, em 2005 e 2006. De acordo com o bicampe\u00e3o, outro per\u00edodo, um pouco depois, rendeu tanta divers\u00e3o como agora.<\/p>\n\n\n\n<p class=\"wp-block-paragraph\">&#8220;Muito! Eu estou curtindo muito&#8221;, confirmou inicialmente.<\/p>\n\n\n\n<p class=\"wp-block-paragraph\">&#8220;O per\u00edodo de <strong>Ferrari<\/strong> foi bem legal tamb\u00e9m. As temporadas de 2010 e 2012, quando tivemos sete vencedores diferentes, era um per\u00edodo divertido. Fora da F1, gostei muito do <strong>WEC<\/strong> e da <strong>Indy<\/strong> tamb\u00e9m, mas isso agora \u00e9 fenomenal com o que a equipe fez antes dessa temporada. O carro \u00e9 t\u00e3o gostoso de guiar, \u00e9 f\u00e1cil, e todo o time \u00e9 de alto n\u00edvel&#8221;, afirmou.<\/p>\n\n\n\n<figure class=\"wp-block-image size-large\"><img decoding=\"async\" src=\"https:\/\/www.grandepremio.com\/br\/wp-content\/uploads\/2023\/05\/f1-2023-monaco-treinos-livres-astonmartin-fernandoalonso-02-1-819x1024.jpg\" alt=\"\" class=\"wp-image-686397\"\/><figcaption>Fernando Alonso brilhou com o segundo lugar em M\u00f4naco (Foto: Aston Martin)<\/figcaption><\/figure>\n\n\n\n<p class=\"wp-block-paragraph\">&#8220;M\u00f4naco, por exemplo, foi a primeira vez que eu fui para o motorhome, porque cancelamos \u00cdmola. E estar no motorhome, com o espa\u00e7o que eu tenho, tudo \u00e9 totalmente impressionante&#8221;, elogiou.<\/p>\n\n\n\n<p class=\"wp-block-paragraph\">Com rela\u00e7\u00e3o ao an\u00fancio da parceria futura com a <strong>Honda<\/strong>, tamb\u00e9m mostrou anima\u00e7\u00e3o.<\/p>\n\n\n\n<p class=\"wp-block-paragraph\">&#8220;\u00d3timas not\u00edcias para a equipe, estou muito animado. Acho que mostra compromisso da Aston Martin em vencer corridas e campeonatos no futuro, ser independente e fazer as pr\u00f3prias caixas de c\u00e2mbio e tudo mais no carro. \u00c9 provavelmente a \u00fanica chance [de vencer] estar realmente 100% no controle de tudo no seu carro&#8221;, finalizou.<\/p>\n\n\n\n<p class=\"wp-block-paragraph\">Alonso ocupa a <strong><a href=\"https:\/\/www.grandepremio.com\/br\/f1\/classificacao\/\" class=\"ek-link\">terceira coloca\u00e7\u00e3o do campeonato<\/a><\/strong> e j\u00e1 colocou 24 pontos para o quarto, <strong>Lewis Hamilton<\/strong>. Mesmo com uma <strong>Red Bull<\/strong> dominante, est\u00e1 mais perto \u00e9 do segundo, <strong>Sergio P\u00e9rez<\/strong>, com desvantagem de somente 12 tentos. Em 2012, mesmo com uma Ferrari que era sabidamente mais fraca que a Red Bull de <strong>Sebastian Vettel<\/strong>, ainda lutou at\u00e9 o fim pelo caneco e ficou com o vice-campeonato por tr\u00eas pontos.<\/p>\n\n\n\n<figure class=\"wp-block-embed is-type-video is-provider-youtube wp-block-embed-youtube wp-embed-aspect-16-9 wp-has-aspect-ratio\"><div class=\"wp-block-embed__wrapper\">\n<iframe loading=\"lazy\" title=\"ASTON MARTIN BROCHOU QUANDO VIU VERSTAPPEN EM M\u00d4NACO NA F1 2023 | GP \u00c0S 10\" width=\"500\" height=\"281\" src=\"https:\/\/www.youtube.com\/embed\/VAlmHvdIl1E?feature=oembed\" frameborder=\"0\" allow=\"accelerometer; autoplay; clipboard-write; encrypted-media; gyroscope; picture-in-picture; web-share\" referrerpolicy=\"strict-origin-when-cross-origin\" allowfullscreen><\/iframe>\n<\/div><figcaption>ASTON MARTIN BROCHOU QUANDO VIU VERSTAPPEN EM M\u00d4NACO NA F1 2023 | GP \u00c0S 10<\/figcaption><\/figure>\n","protected":false},"excerpt":{"rendered":"<p>Fernando Alonso est\u00e1 todo animado com o desempenho dele e da Aston Martin na temporada 2023 da F\u00f3rmula 1 ap\u00f3s seis corridas<\/p>\n","protected":false},"author":0,"featured_media":1000687512,"comment_status":"closed","ping_status":"closed","sticky":false,"template":"","format":"standard","meta":{"42wp_featured_image_caption":"","42wp_featured_image_credits":"","42wp_featured_video":"","42wp_featured_image_hidden":false,"42wp_authors_list":[],"footnotes":""},"categories":[2],"tags":[309,6533,176,30722,1491,30103,28285,32087],"42wp_author":[47120],"class_list":["post-102579","post","type-post","status-publish","format-standard","has-post-thumbnail","hentry","category-f1","tag-aston-martin","tag-f1-2023","tag-fernando-alonso","tag-formula-1-2023","tag-grande-premio","tag-grande-premio-f1","tag-grandepremio","tag-onde-assistir","42wp_author-pedro-henrique-marum"],"_links":{"self":[{"href":"https:\/\/grandepremio.com\/br\/wp-json\/wp\/v2\/posts\/102579","targetHints":{"allow":["GET"]}}],"collection":[{"href":"https:\/\/grandepremio.com\/br\/wp-json\/wp\/v2\/posts"}],"about":[{"href":"https:\/\/grandepremio.com\/br\/wp-json\/wp\/v2\/types\/post"}],"replies":[{"embeddable":true,"href":"https:\/\/grandepremio.com\/br\/wp-json\/wp\/v2\/comments?post=102579"}],"version-history":[{"count":0,"href":"https:\/\/grandepremio.com\/br\/wp-json\/wp\/v2\/posts\/102579\/revisions"}],"wp:featuredmedia":[{"embeddable":true,"href":"https:\/\/grandepremio.com\/br\/wp-json\/wp\/v2\/media\/1000687512"}],"wp:attachment":[{"href":"https:\/\/grandepremio.com\/br\/wp-json\/wp\/v2\/media?parent=102579"}],"wp:term":[{"taxonomy":"category","embeddable":true,"href":"https:\/\/grandepremio.com\/br\/wp-json\/wp\/v2\/categories?post=102579"},{"taxonomy":"post_tag","embeddable":true,"href":"https:\/\/grandepremio.com\/br\/wp-json\/wp\/v2\/tags?post=102579"},{"taxonomy":"42wp_author","embeddable":true,"href":"https:\/\/grandepremio.com\/br\/wp-json\/wp\/v2\/42wp_author?post=102579"}],"curies":[{"name":"wp","href":"https:\/\/api.w.org\/{rel}","templated":true}]}}