{"id":102580,"date":"2023-06-01T06:00:00","date_gmt":"2023-06-01T09:00:00","guid":{"rendered":"https:\/\/grandepremio.com\/br\/noticias\/martins-victor-diz-que-ferrari-busca-internet-ser-mais-tosca-charles-leclerc-carlos-sainz\/"},"modified":"2023-06-01T07:58:42","modified_gmt":"2023-06-01T10:58:42","slug":"martins-victor-diz-que-ferrari-busca-internet-ser-mais-tosca-charles-leclerc-carlos-sainz","status":"publish","type":"post","link":"https:\/\/grandepremio.com\/br\/f1\/martins-victor-diz-que-ferrari-busca-internet-ser-mais-tosca-charles-leclerc-carlos-sainz\/","title":{"rendered":"Victor Martins diz que Ferrari busca online &#8220;como ser mais tosca que Leclerc e Sainz&#8221;"},"content":{"rendered":"\n<p class=\"wp-block-paragraph\">Victor Martins n\u00e3o poupou cr\u00edticas \u00e0 situa\u00e7\u00e3o da Ferrari na F\u00f3rmula 1 2023, que parece ter regredido ap\u00f3s apresentar um bom projeto na temporada passada \u2014 o que j\u00e1 n\u00e3o era suficiente&#8230;<\/p>\n\n\n\n<p class=\"wp-block-paragraph\"><strong>Confira:<\/strong><\/p>\n\n\n\n<figure class=\"wp-block-embed is-type-rich is-provider-incorporar-manipulador wp-block-embed-incorporar-manipulador wp-embed-aspect-16-9 wp-has-aspect-ratio\"><div class=\"wp-block-embed__wrapper\">\nhttps:\/\/www.youtube.com\/watch?v=Udu3e200IZc?t=4656\n<\/div><\/figure>\n","protected":false},"excerpt":{"rendered":"<p> A Ferrari parece ter regredido ap\u00f3s apresentar um bom projeto na temporada passada \u2014 o que j\u00e1 n\u00e3o era suficiente&#8230;<\/p>\n","protected":false},"author":0,"featured_media":1000687452,"comment_status":"closed","ping_status":"closed","sticky":false,"template":"","format":"standard","meta":{"42wp_featured_image_caption":"","42wp_featured_image_credits":"","42wp_featured_video":"","42wp_featured_image_hidden":false,"42wp_authors_list":[],"footnotes":""},"categories":[2],"tags":[2154,6533,207,180,30722,1492,230,5100,1491,30103,28285,82,2140,4993,1537,27357,204,31447,486],"42wp_author":[47109],"class_list":["post-102580","post","type-post","status-publish","format-standard","has-post-thumbnail","hentry","category-f1","tag-evelyn-guimaraes","tag-f1-2023","tag-ferrari","tag-formula-1","tag-formula-1-2023","tag-gabriel-carvalho","tag-gabriel-curty","tag-gp-de-monaco","tag-grande-premio","tag-grande-premio-f1","tag-grandepremio","tag-mercedes","tag-monaco","tag-monaco-f1","tag-paddock-gp","tag-programas-grande-premio","tag-red-bull","tag-temporada-2023-f1","tag-victor-martins","42wp_author-redacao-gp"],"_links":{"self":[{"href":"https:\/\/grandepremio.com\/br\/wp-json\/wp\/v2\/posts\/102580","targetHints":{"allow":["GET"]}}],"collection":[{"href":"https:\/\/grandepremio.com\/br\/wp-json\/wp\/v2\/posts"}],"about":[{"href":"https:\/\/grandepremio.com\/br\/wp-json\/wp\/v2\/types\/post"}],"replies":[{"embeddable":true,"href":"https:\/\/grandepremio.com\/br\/wp-json\/wp\/v2\/comments?post=102580"}],"version-history":[{"count":0,"href":"https:\/\/grandepremio.com\/br\/wp-json\/wp\/v2\/posts\/102580\/revisions"}],"wp:featuredmedia":[{"embeddable":true,"href":"https:\/\/grandepremio.com\/br\/wp-json\/wp\/v2\/media\/1000687452"}],"wp:attachment":[{"href":"https:\/\/grandepremio.com\/br\/wp-json\/wp\/v2\/media?parent=102580"}],"wp:term":[{"taxonomy":"category","embeddable":true,"href":"https:\/\/grandepremio.com\/br\/wp-json\/wp\/v2\/categories?post=102580"},{"taxonomy":"post_tag","embeddable":true,"href":"https:\/\/grandepremio.com\/br\/wp-json\/wp\/v2\/tags?post=102580"},{"taxonomy":"42wp_author","embeddable":true,"href":"https:\/\/grandepremio.com\/br\/wp-json\/wp\/v2\/42wp_author?post=102580"}],"curies":[{"name":"wp","href":"https:\/\/api.w.org\/{rel}","templated":true}]}}