{"id":102593,"date":"2023-05-31T12:09:51","date_gmt":"2023-05-31T15:09:51","guid":{"rendered":"https:\/\/grandepremio.com\/br\/noticias\/ferrari-ve-resultados-longe-expectativas-promete-trabalhando-nisso\/"},"modified":"2023-05-31T12:12:41","modified_gmt":"2023-05-31T15:12:41","slug":"ferrari-ve-resultados-longe-expectativas-promete-trabalhando-nisso","status":"publish","type":"post","link":"https:\/\/grandepremio.com\/br\/f1\/ferrari-ve-resultados-longe-expectativas-promete-trabalhando-nisso\/","title":{"rendered":"Ferrari v\u00ea &#8220;resultados longe das expectativas&#8221; e promete: &#8220;Trabalhando nisso&#8221;"},"content":{"rendered":"\n<p class=\"wp-block-paragraph\">A temporada 2023 da <strong>F\u00f3rmula 1<\/strong> chegou a sua sexta etapa no <strong>GP de M\u00f4naco<\/strong>, realizado no \u00faltimo domingo (28), e com um cen\u00e1rio praticamente desenhado entre as principais equipes: a <strong>Red Bull<\/strong> \u00e9 que a que tem dominado o grid, a <strong>Aston Martin<\/strong> \u00e9 a grande surpresa, a <strong>Mercedes <\/strong>ainda tem patinado para resolver os problemas do <strong>W14 <\/strong>e, por fim, a <strong>Ferrari <\/strong>\u00e9 a grande decep\u00e7\u00e3o. At\u00e9 mesmo o chefe da escuderia de <strong>Maranello<\/strong>, <strong>Fr\u00e9d\u00e9ric Vasseur<\/strong>, reconheceu isso em entrevista \u00e0 emissora brit\u00e2nica <em>BBC<\/em>.<\/p>\n\n\n\n<p class=\"wp-block-paragraph\">At\u00e9 o momento, a escuderia italiana conquistou apenas um p\u00f3dio na temporada: com o terceiro lugar de <strong>Charles Leclerc<\/strong>, no <strong>GP do Azerbaij\u00e3o<\/strong>, h\u00e1 um m\u00eas. O desempenho contrasta diretamente com o de 2022, quando a Ferrari se estabeleceu como a principal rival dos taurinos. De acordo com Vasseur, os resultados deste ano &#8220;est\u00e3o longe das expectativas&#8221; e ele espera que &#8220;a equipe d\u00ea um passo \u00e0 frente&#8221; com as atualiza\u00e7\u00f5es que ser\u00e3o feitas para o <strong>GP da Espanha<\/strong>, no pr\u00f3ximo fim de semana.<\/p>\n\n\n\n<p class=\"wp-block-paragraph\">&#8220;Ningu\u00e9m pode dizer que n\u00e3o tivemos ritmo em <strong>M\u00f4naco<\/strong>. Fomos terceiro na classifica\u00e7\u00e3o e a menos de 0s1 da primeira fila. N\u00e3o foi um desastre. Cometemos alguns erros no fim de semana, mas dizer que o ritmo n\u00e3o estava l\u00e1, acho um pouco exagerado&#8221;, ainda disse o engenheiro franc\u00eas.<\/p>\n\n\n\n<p class=\"wp-block-paragraph\">&#8220;\u00c9 verdade que at\u00e9 agora temos tido dificuldades em termos de consist\u00eancia durante os stints longos. Estamos tentando desenvolver o carro. Pode ser mec\u00e2nico ou aerodin\u00e2mico. Estamos trabalhando nisso&#8221;, completou.<\/p>\n\n\n\n<figure class=\"wp-block-image size-large\"><img decoding=\"async\" src=\"https:\/\/www.grandepremio.com\/br\/wp-content\/uploads\/2023\/05\/f1-2023-monaco-corrida-ferrari-charlesleclerc-02-1024x683.jpg\" alt=\"\" class=\"wp-image-687377\"\/><figcaption>Charles Leclerc \u00e9 o \u00fanico, at\u00e9 o momento, a conseguir um p\u00f3dio para a Ferrari em 2023 (Foto: Ferrari)<\/figcaption><\/figure>\n\n\n\n<p class=\"wp-block-paragraph\"><strong>\u25b6\ufe0f&nbsp;Inscreva-se nos dois canais do GRANDE PR\u00caMIO no YouTube:&nbsp;<a href=\"https:\/\/www.youtube.com\/channel\/UC9OlHEgxoaY6QY6nWPoiqQg?sub_confirmation=1\" target=\"_blank\" rel=\"noreferrer noopener\">GP<\/a>&nbsp;|&nbsp;<a href=\"https:\/\/www.youtube.com\/channel\/UC9csiS6q_C3C0FYhyr1rnFA?sub_confirmation=1\" target=\"_blank\" rel=\"noreferrer noopener\">GP2<\/a><\/strong><br><strong>\u25b6\ufe0f&nbsp;<a href=\"https:\/\/www.twitch.tv\/grandepremio\" target=\"_blank\" rel=\"noreferrer noopener\">Conhe\u00e7a o canal do GRANDE PR\u00caMIO na Twitch clicando aqui!<\/a><\/strong><\/p>\n\n\n\n<p class=\"wp-block-paragraph\">Vasseur tamb\u00e9m se mostrou satisfeito com a briga pela pole-position no circuito de <strong>Monte Carlo<\/strong>, mas chamou de &#8220;erro grave&#8221; <a href=\"https:\/\/www.grandepremio.com\/br\/f1\/noticias\/charles-leclerc-punido-bloquear-volta-rapida-lando-norris-cai-para-6o-grid-monaco\/\" class=\"ek-link\">a puni\u00e7\u00e3o dada a Leclerc por atrapalhar a volta r\u00e1pida de Lando Norris<\/a> no Q3. O chefe da Ferrari n\u00e3o culpou o monegasco, j\u00e1 que a equipe deveria t\u00ea-lo avisado sobre a tentativa do piloto brit\u00e2nico, mas tamb\u00e9m afirmou que &#8220;n\u00e3o foi apenas uma quest\u00e3o de comunica\u00e7\u00e3o, provavelmente foi falta de concentra\u00e7\u00e3o&#8221;.<\/p>\n\n\n\n<p class=\"wp-block-paragraph\">Com o resultado no GP de M\u00f4naco, <a href=\"https:\/\/www.grandepremio.com\/br\/f1\/classificacao\/\" class=\"ek-link\">a Ferrari continua na quarta coloca\u00e7\u00e3o do <strong>Mundial de Construtores<\/strong><\/a> com 90 pontos, sendo 29 de diferen\u00e7a para Mercedes e 30 para a Aston Martin, que ocupam a segunda e a terceira posi\u00e7\u00f5es, respectivamente. Por sua vez, <strong>Carlos Sainz<\/strong> e Leclerc <a href=\"https:\/\/www.grandepremio.com\/br\/f1\/classificacao\/\" class=\"ek-link\">seguem em sexto e s\u00e9timo<\/a>, respectivamente, no <strong>Mundial de Pilotos<\/strong>.<\/p>\n\n\n\n<p class=\"wp-block-paragraph\">A etapa seguinte da F\u00f3rmula 1 acontece j\u00e1 no pr\u00f3ximo fim de semana, com o GP da Espanha programado para ser realizado entre os dias 2 e 4 de junho. O <strong>GRANDE PR\u00caMIO<\/strong> faz a cobertura completa do evento.<\/p>\n","protected":false},"excerpt":{"rendered":"<p>Ferrari conseguiu apenas um p\u00f3dio na temporada 2023 da F\u00f3rmula 1 com Charles Leclerc, no GP do Azerbaij\u00e3o, o que \u00e9 um desempenho &#8220;longe das expectativas&#8221; para o chefe da equipe, Fr\u00e9d\u00e9ric Vasseur. SF-23 receber\u00e1 atualiza\u00e7\u00f5es para o GP da Espanha<\/p>\n","protected":false},"author":0,"featured_media":1000688631,"comment_status":"closed","ping_status":"closed","sticky":false,"template":"","format":"standard","meta":{"42wp_featured_image_caption":"","42wp_featured_image_credits":"","42wp_featured_video":"","42wp_featured_image_hidden":false,"42wp_authors_list":[],"footnotes":""},"categories":[2],"tags":[546,209,147,6533,207,180,30722,1322,5100,1491,28285,2780,7672,33737,29528],"42wp_author":[47153],"class_list":["post-102593","post","type-post","status-publish","format-standard","has-post-thumbnail","hentry","category-f1","tag-carlos-sainz","tag-charles-leclerc","tag-f1","tag-f1-2023","tag-ferrari","tag-formula-1","tag-formula-1-2023","tag-frederic-vasseur","tag-gp-de-monaco","tag-grande-premio","tag-grandepremio","tag-leclerc","tag-sainz","tag-sf-23","tag-vasseur","42wp_author-gabriel-pitor"],"_links":{"self":[{"href":"https:\/\/grandepremio.com\/br\/wp-json\/wp\/v2\/posts\/102593","targetHints":{"allow":["GET"]}}],"collection":[{"href":"https:\/\/grandepremio.com\/br\/wp-json\/wp\/v2\/posts"}],"about":[{"href":"https:\/\/grandepremio.com\/br\/wp-json\/wp\/v2\/types\/post"}],"replies":[{"embeddable":true,"href":"https:\/\/grandepremio.com\/br\/wp-json\/wp\/v2\/comments?post=102593"}],"version-history":[{"count":0,"href":"https:\/\/grandepremio.com\/br\/wp-json\/wp\/v2\/posts\/102593\/revisions"}],"wp:featuredmedia":[{"embeddable":true,"href":"https:\/\/grandepremio.com\/br\/wp-json\/wp\/v2\/media\/1000688631"}],"wp:attachment":[{"href":"https:\/\/grandepremio.com\/br\/wp-json\/wp\/v2\/media?parent=102593"}],"wp:term":[{"taxonomy":"category","embeddable":true,"href":"https:\/\/grandepremio.com\/br\/wp-json\/wp\/v2\/categories?post=102593"},{"taxonomy":"post_tag","embeddable":true,"href":"https:\/\/grandepremio.com\/br\/wp-json\/wp\/v2\/tags?post=102593"},{"taxonomy":"42wp_author","embeddable":true,"href":"https:\/\/grandepremio.com\/br\/wp-json\/wp\/v2\/42wp_author?post=102593"}],"curies":[{"name":"wp","href":"https:\/\/api.w.org\/{rel}","templated":true}]}}