{"id":102598,"date":"2023-05-31T10:14:13","date_gmt":"2023-05-31T13:14:13","guid":{"rendered":"https:\/\/grandepremio.com\/br\/noticias\/f1-sky-group-preparam-transmissao-especial-gp-hungria-criancas\/"},"modified":"2023-05-31T10:27:14","modified_gmt":"2023-05-31T13:27:14","slug":"f1-sky-group-preparam-transmissao-especial-gp-hungria-criancas","status":"publish","type":"post","link":"https:\/\/grandepremio.com\/br\/f1\/f1-sky-group-preparam-transmissao-especial-gp-hungria-criancas\/","title":{"rendered":"F1 e Sky Group preparam transmiss\u00e3o especial do GP da Hungria para crian\u00e7as"},"content":{"rendered":"\n<p class=\"wp-block-paragraph\">Junto ao <strong>Sky Group<\/strong>, a <strong>F\u00f3rmula 1<\/strong> decidiu transformar o <strong>GP da Hungria<\/strong>, que acontece entre os dias 21 e 23 de julho, numa transmiss\u00e3o tamb\u00e9m especial para crian\u00e7as. A categoria ir\u00e1 criar um feed com gr\u00e1ficos personalizados, efeitos sonoros e recursos especiais para abra\u00e7ar o p\u00fablico mais jovem da <strong>Alemanha <\/strong>e <strong>Reino Unido.<\/strong> <\/p>\n\n\n\n<p class=\"wp-block-paragraph\"><strong>Braydon Bent e Scarlett<\/strong> <strong>Archer<\/strong>, apresentadores da Sky Kids, ir\u00e3o comandar o &#8216;F1 Juniors&#8217; na companhia do campe\u00e3o da F1, <strong>Nico Rosberg<\/strong>, e a ex-pilota da <strong>Indy e Nascar<\/strong>, <strong>Danica Patrick,<\/strong> no Reino Unido. J\u00e1 na Alemanha, a emissora local est\u00e1 recrutando jovens talentos entre 10 e 14 anos para participar do programa &#8216;Sky Next Generation&#8217; no fim de semana de corrida. <\/p>\n\n\n\n<figure class=\"wp-block-image size-large\"><img decoding=\"async\" src=\"https:\/\/www.grandepremio.com\/br\/wp-content\/uploads\/2022\/07\/williams-alexanderalbon-01-18-1024x683.jpg\" alt=\"\" class=\"wp-image-600499\"\/><figcaption>Hungria foi o local escolhido para a transmiss\u00e3o (Foto: Williams)<\/figcaption><\/figure>\n\n\n\n<p class=\"wp-block-paragraph\">\u201cQueremos garantir que nossos f\u00e3s de todas as idades possam aproveitar e se apaixonar pela F\u00f3rmula 1, ent\u00e3o trabalhar com nossos parceiros de longa data da Sky neste projeto para atingir o p\u00fablico mais jovem \u00e9 realmente emocionante.\u00a0\u00c9 a primeira vez que vai acontecer algo do tipo no automobilismo e estou animado para ver a transmiss\u00e3o ganhar vida e assistir \u00e0 pr\u00f3xima gera\u00e7\u00e3o de talentos!&#8221;, disse <strong>Ian Holmes<\/strong>, diretor de direitos de m\u00eddia e cria\u00e7\u00e3o de conte\u00fado da F\u00f3rmula 1.<\/p>\n\n\n\n<p class=\"wp-block-paragraph\">\u201cEstamos realmente empolgados em dar \u00e0 pr\u00f3xima gera\u00e7\u00e3o de f\u00e3s da F1 uma plataforma para mostrar sua paix\u00e3o e empolga\u00e7\u00e3o pelo esporte, pois a F1 continua a crescer em popularidade entre o p\u00fablico mais jovem.\u00a0Podemos encontrar nosso pr\u00f3ximo Crofty ou Naomi Schiff!&#8221;, completou <strong>Jenson Butt<\/strong>on, campe\u00e3o mundial de F1 e tamb\u00e9m apresentador da Sky Sports. <\/p>\n\n\n\n<p class=\"wp-block-paragraph\">A&nbsp;<a href=\"https:\/\/www.grandepremio.com\/formula-1\/\" target=\"_blank\" rel=\"noreferrer noopener\"><\/a><a href=\"https:\/\/www.grandepremio.com\/formula-1\/\" target=\"_blank\" rel=\"noreferrer noopener\">F\u00f3rmula 1<\/a>&nbsp;volta j\u00e1 no fim de semana, entre os dias 2 e 4 de junho, com o&nbsp;<strong>GP da&nbsp;<a href=\"https:\/\/es.grandepremio.com\/\" target=\"_blank\" rel=\"noreferrer noopener\">Espanha<\/a><\/strong>, em&nbsp;<strong><a href=\"https:\/\/es.grandepremio.com\/\" target=\"_blank\" rel=\"noreferrer noopener\">Barcelona<\/a><\/strong>, s\u00e9tima etapa da temporada 2023. E o&nbsp;<strong>GRANDE PR\u00caMIO<\/strong>&nbsp;acompanha tudo.<\/p>\n\n\n\n<p class=\"wp-block-paragraph\"><strong>\u25b6\ufe0f&nbsp;Inscreva-se nos dois canais do GRANDE PR\u00caMIO no YouTube:&nbsp;<a href=\"https:\/\/www.youtube.com\/channel\/UC9OlHEgxoaY6QY6nWPoiqQg?sub_confirmation=1\" target=\"_blank\" rel=\"noreferrer noopener\">GP<\/a>&nbsp;|&nbsp;<a href=\"https:\/\/www.youtube.com\/channel\/UC9csiS6q_C3C0FYhyr1rnFA?sub_confirmation=1\" target=\"_blank\" rel=\"noreferrer noopener\">GP2<\/a><\/strong><br><strong>\u25b6\ufe0f&nbsp;<a href=\"https:\/\/www.twitch.tv\/grandepremio\" target=\"_blank\" rel=\"noreferrer noopener\">Conhe\u00e7a o canal do GRANDE PR\u00caMIO na Twitch clicando aqui!<\/a><\/strong><\/p>\n","protected":false},"excerpt":{"rendered":"<p>Junto ao Sky Group, a F\u00f3rmula 1 far\u00e1 uma transmiss\u00e3o especial do GP da Hungria para abra\u00e7ar o p\u00fablico infantil da Alemanha e Reino Unido <\/p>\n","protected":false},"author":0,"featured_media":1000688543,"comment_status":"closed","ping_status":"closed","sticky":false,"template":"","format":"standard","meta":{"42wp_featured_image_caption":"","42wp_featured_image_credits":"","42wp_featured_video":"","42wp_featured_image_hidden":false,"42wp_authors_list":[],"footnotes":""},"categories":[2],"tags":[147,6533,180,30722,1647,1491,30103,28285,31447],"42wp_author":[47139],"class_list":["post-102598","post","type-post","status-publish","format-standard","has-post-thumbnail","hentry","category-f1","tag-f1","tag-f1-2023","tag-formula-1","tag-formula-1-2023","tag-gp-da-hungria","tag-grande-premio","tag-grande-premio-f1","tag-grandepremio","tag-temporada-2023-f1","42wp_author-ana-cerveira"],"_links":{"self":[{"href":"https:\/\/grandepremio.com\/br\/wp-json\/wp\/v2\/posts\/102598","targetHints":{"allow":["GET"]}}],"collection":[{"href":"https:\/\/grandepremio.com\/br\/wp-json\/wp\/v2\/posts"}],"about":[{"href":"https:\/\/grandepremio.com\/br\/wp-json\/wp\/v2\/types\/post"}],"replies":[{"embeddable":true,"href":"https:\/\/grandepremio.com\/br\/wp-json\/wp\/v2\/comments?post=102598"}],"version-history":[{"count":0,"href":"https:\/\/grandepremio.com\/br\/wp-json\/wp\/v2\/posts\/102598\/revisions"}],"wp:featuredmedia":[{"embeddable":true,"href":"https:\/\/grandepremio.com\/br\/wp-json\/wp\/v2\/media\/1000688543"}],"wp:attachment":[{"href":"https:\/\/grandepremio.com\/br\/wp-json\/wp\/v2\/media?parent=102598"}],"wp:term":[{"taxonomy":"category","embeddable":true,"href":"https:\/\/grandepremio.com\/br\/wp-json\/wp\/v2\/categories?post=102598"},{"taxonomy":"post_tag","embeddable":true,"href":"https:\/\/grandepremio.com\/br\/wp-json\/wp\/v2\/tags?post=102598"},{"taxonomy":"42wp_author","embeddable":true,"href":"https:\/\/grandepremio.com\/br\/wp-json\/wp\/v2\/42wp_author?post=102598"}],"curies":[{"name":"wp","href":"https:\/\/api.w.org\/{rel}","templated":true}]}}