{"id":102609,"date":"2023-05-31T04:00:00","date_gmt":"2023-05-31T07:00:00","guid":{"rendered":"https:\/\/grandepremio.com\/br\/noticias\/aston-martin-leva-tapa-na-cara-com-lance-stroll-monaco-tem-de-se-mexer-para-crescer\/"},"modified":"2023-05-30T19:51:36","modified_gmt":"2023-05-30T22:51:36","slug":"aston-martin-leva-tapa-na-cara-com-lance-stroll-monaco-tem-de-se-mexer-para-crescer","status":"publish","type":"post","link":"https:\/\/grandepremio.com\/br\/f1\/aston-martin-leva-tapa-na-cara-com-lance-stroll-monaco-tem-de-se-mexer-para-crescer\/","title":{"rendered":"Aston Martin leva tapa na cara com Stroll em M\u00f4naco. E tem de se mexer para crescer"},"content":{"rendered":"\n<figure class=\"wp-block-embed is-type-video is-provider-youtube wp-block-embed-youtube wp-embed-aspect-16-9 wp-has-aspect-ratio\"><div class=\"wp-block-embed__wrapper\">\n<iframe loading=\"lazy\" title=\"VERSTAPPEN J\u00c1 \u00c9 MAIOR QUE VETTEL NA F1? + GP DE M\u00d4NACO | Paddock GP #331\" width=\"500\" height=\"281\" src=\"https:\/\/www.youtube.com\/embed\/370cUwHKY6g?feature=oembed\" frameborder=\"0\" allow=\"accelerometer; autoplay; clipboard-write; encrypted-media; gyroscope; picture-in-picture; web-share\" referrerpolicy=\"strict-origin-when-cross-origin\" allowfullscreen><\/iframe>\n<\/div><\/figure>\n\n\n\n<p class=\"wp-block-paragraph\">Na corrida seguinte ao <a href=\"https:\/\/www.grandepremio.com\/br\/f1\/noticias\/honda-confirma-acordo-motores-aston-martin-formula-1-2026\/\" class=\"ek-link\">bomb\u00e1stico an\u00fancio de parceria <\/a>com a <strong>Honda <\/strong>na <strong>F1 <\/strong>2026, a <strong>Aston Martin<\/strong> se deparou com uma das atua\u00e7\u00f5es mais terr\u00edveis de sua hist\u00f3ria no <strong>GP de M\u00f4naco<\/strong>. Ao mesmo tempo em que conquistava um brilhante segundo lugar com <strong>Fernando Alonso<\/strong>, a equipe via <strong>Lance Stroll<\/strong> brincar de carrinho de bate-bate nas ruas do Principado. Foi constrangedor.<\/p>\n\n\n\n<p class=\"wp-block-paragraph\">Todo mundo j\u00e1 sabia, no momento em que a Aston Martin anunciou que Alonso era quem ocuparia o cockpit deixado pelo aposentado Sebastian Vettel, que o neg\u00f3cio ia ficar feio para Stroll. A proje\u00e7\u00e3o era de um baile do espanhol, tamanha a diferen\u00e7a entre os pilotos. Mas o canadense est\u00e1 pior que a encomenda.<\/p>\n\n\n\n<p class=\"wp-block-paragraph\">Enquanto Alonso tem incr\u00edveis cinco p\u00f3dios em seis corridas e, neste momento, disputa de verdade o vice-campeonato com <strong>Sergio P\u00e9rez<\/strong>, Stroll est\u00e1 em oitavo, ou seja, \u00faltimo entre os pilotos que t\u00eam carros competitivos. E piora:<a href=\"https:\/\/www.grandepremio.com\/br\/f1\/classificacao\/\" class=\"ek-link\"> s\u00e3o s\u00f3 6 pontos separando<\/a> Lance de <strong>Esteban Ocon<\/strong>, da n\u00e3o mais que mediana Alpine.<\/p>\n\n\n\n<figure class=\"wp-block-image size-large\"><img decoding=\"async\" src=\"https:\/\/www.grandepremio.com\/br\/wp-content\/uploads\/2023\/05\/063_1488252644-1024x683.jpg\" alt=\"\" class=\"wp-image-681008\"\/><figcaption>Lance Stroll vem de duas corridas terr\u00edveis seguidas (Foto: Chris Graythen \/ AFP)<\/figcaption><\/figure>\n\n\n\n<p class=\"wp-block-paragraph\">Em posi\u00e7\u00f5es de largada, 6&#215;0 para o espanhol. Em chegadas, 6&#215;0 tamb\u00e9m. Mas, de novo, o que mais incomoda \u00e9 olhar para o desempenho de Stroll em si, nem \u00e9 a compara\u00e7\u00e3o que era mesmo injusta, contra um dos melhores de todos os tempos. \u00c9 que Lance tem 1 m\u00edsero top-5 no ano e, por incr\u00edvel que pare\u00e7a, estava mais competitivo se recuperando dos punhos quebrados do que hoje.<\/p>\n\n\n\n<p class=\"wp-block-paragraph\">O Stroll de <strong>Miami <\/strong>e, especialmente, de M\u00f4naco \u00e9 a pior vers\u00e3o do canadense na F1, n\u00e3o h\u00e1 exagero em dizer isso. Lance n\u00e3o vai ser isso sempre, claro, mas piloto de ponta nenhum tem direito de passar uma corrida inteira batendo, foi coisa de um acidente a cada dez voltas, quase. Um esc\u00e1rnio.<\/p>\n\n\n\n<p class=\"wp-block-paragraph\">&#8220;N\u00e3o \u00e9 uma corrida para relembrar, acho que bati no muro umas cinco vezes, simplesmente n\u00e3o era meu dia\u201d, admitiu um constrangido canadense.<\/p>\n\n\n\n<p class=\"wp-block-paragraph\">Fato \u00e9 que, mesmo voltando ao padr\u00e3o normal, a ser um piloto mediano, no m\u00e1ximo bom, Stroll nunca vai ser suficiente para uma equipe que sonha em ser campe\u00e3 do mundo. Ou melhor, para uma equipe que quer ganhar o <strong>Mundial de Construtores<\/strong>. Porque tem isso tamb\u00e9m: se o foco for o campeonato de pilotos, a\u00ed d\u00e1 para dar &#8216;all-in&#8217; em Alonso e deixar que o espanhol resolva tudo sozinho. Mas dureza achar que a Honda vai se contentar com isso, n\u00e9?<\/p>\n\n\n\n<figure class=\"wp-block-image size-large\"><img decoding=\"async\" src=\"https:\/\/www.grandepremio.com\/br\/wp-content\/uploads\/2023\/04\/000_33CH76H-1024x683.jpg\" alt=\"F1 2023, AUSTR\u00c1LIA, DOMINGO, CORRIDA, ASTON MARTIN, FERNANDO ALONSO P\u00d3DIO\" class=\"wp-image-669711\"\/><figcaption>Fernando Alonso vai carregando a Aston Martin nas costas na F1 2023 (Foto: Paul Crock \/ AFP)<\/figcaption><\/figure>\n\n\n\n<p class=\"wp-block-paragraph\">Diante da parceria que surge como fundamental para o passo que a Aston Martin sonha em dar rumo \u00e0 gl\u00f3ria na F1, Stroll tamb\u00e9m \u00e9 uma pe\u00e7a que falta ser movida. <strong>Lawrence Stroll<\/strong>, dono do time, tem uma decis\u00e3o importante a tomar: seguir cumprindo o sonho do filho para sempre e aceitar ser coadjuvante na maior parte do tempo, ou mandar Lance procurar novo caminho e investir pesado em um companheiro de n\u00edvel pr\u00f3ximo ao de Alonso. N\u00e3o \u00e9 uma escolha nada f\u00e1cil.<\/p>\n\n\n\n<p class=\"wp-block-paragraph\">\u00c9 que Lawrence, al\u00e9m de pai de Lance, basicamente est\u00e1 na F1 por desejo do filho. O empres\u00e1rio canadense montou equipe para o herdeiro, comprou vaga, at\u00e9 equipe. Ent\u00e3o, n\u00e3o, n\u00e3o \u00e9 f\u00e1cil abrir m\u00e3o disso tudo. Ainda que seja o mais l\u00f3gico e inteligente a se fazer. Tem muito sentimento envolvido.<\/p>\n\n\n\n<p class=\"wp-block-paragraph\">E a\u00ed no meio disso ainda tem a nova parceira Honda, <a href=\"https:\/\/www.grandepremio.com\/br\/f1\/noticias\/honda-cedo-debater-dupla-aston-martin-mas-torce-yuki-tsunoda-candidato\/\" class=\"ek-link\">botando as asinhas de fora e j\u00e1 querendo enfiar<\/a> <strong>Yuki Tsunoda<\/strong> na Aston Martin. N\u00e3o \u00e9 o caminho, ok? Melhorou, faz um in\u00edcio de ano digno, mas apenas n\u00e3o.<\/p>\n\n\n\n<p class=\"wp-block-paragraph\">Sem Stroll, sem Tsunoda e com Alonso ficando at\u00e9, quem sabe, perto dos 50 anos, \u00e9 assim que a Aston Martin vai ter <a href=\"https:\/\/www.grandepremio.com\/br\/f1\/noticias\/honda-chega-peca-que-faltava-torna-aston-martin-candidata-titulos-f1\/\" class=\"ek-link\">alguma chance de, ao lado da Honda<\/a>, acabar com o dom\u00ednio da Red Bull na F1.<\/p>\n\n\n\n<p class=\"wp-block-paragraph\">A&nbsp;<a href=\"https:\/\/www.grandepremio.com\/formula-1\/\" target=\"_blank\" rel=\"noreferrer noopener\"><\/a><a href=\"https:\/\/www.grandepremio.com\/formula-1\/\" target=\"_blank\" rel=\"noreferrer noopener\">F\u00f3rmula 1<\/a>&nbsp;volta j\u00e1 no fim de semana, entre os dias 2 e 4 de junho, com o&nbsp;<strong>GP da&nbsp;<a href=\"https:\/\/es.grandepremio.com\/\" target=\"_blank\" rel=\"noreferrer noopener\">Espanha<\/a><\/strong>, em&nbsp;<strong><a href=\"https:\/\/es.grandepremio.com\/\" target=\"_blank\" rel=\"noreferrer noopener\">Barcelona<\/a><\/strong>, s\u00e9tima etapa da temporada 2023. E o&nbsp;<strong>GRANDE PR\u00caMIO<\/strong>&nbsp;acompanha tudo.<\/p>\n\n\n\n<p class=\"wp-block-paragraph\"><strong>\u25b6\ufe0f\u00a0Inscreva-se nos dois canais do GRANDE PR\u00caMIO no YouTube:\u00a0<a href=\"https:\/\/www.youtube.com\/channel\/UC9OlHEgxoaY6QY6nWPoiqQg?sub_confirmation=1\" target=\"_blank\" rel=\"noreferrer noopener\">GP<\/a>\u00a0|\u00a0<a href=\"https:\/\/www.youtube.com\/channel\/UC9csiS6q_C3C0FYhyr1rnFA?sub_confirmation=1\" target=\"_blank\" rel=\"noreferrer noopener\">GP2<\/a><\/strong><br><strong>\u25b6\ufe0f\u00a0<a href=\"https:\/\/www.twitch.tv\/grandepremio\" target=\"_blank\" rel=\"noreferrer noopener\">Conhe\u00e7a o canal do GRANDE PR\u00caMIO na Twitch clicando aqui!<\/a><\/strong><\/p>\n\n\n\n<figure class=\"wp-block-embed is-type-video is-provider-youtube wp-block-embed-youtube wp-embed-aspect-16-9 wp-has-aspect-ratio\"><div class=\"wp-block-embed__wrapper\">\n<iframe loading=\"lazy\" title=\"F1 2023 EM M\u00d4NACO: VERSTAPPEN VENCE. ALONSO 2\u00ba. OCON 3\u00ba | Briefing\" width=\"500\" height=\"281\" src=\"https:\/\/www.youtube.com\/embed\/rAxsr0UxWHI?feature=oembed\" frameborder=\"0\" allow=\"accelerometer; autoplay; clipboard-write; encrypted-media; gyroscope; picture-in-picture; web-share\" referrerpolicy=\"strict-origin-when-cross-origin\" allowfullscreen><\/iframe>\n<\/div><\/figure>\n","protected":false},"excerpt":{"rendered":"<p>Lance Stroll teve uma das piores performances j\u00e1 vistas na F1 logo na corrida que veio depois do an\u00fancio da Honda com a Aston Martin em 2026. Foi um tapa na cara da equipe que n\u00e3o pode ter d\u00favidas: para ser grande, vai precisar de algu\u00e9m na vaga do filho do dono<\/p>\n","protected":false},"author":0,"featured_media":1000687400,"comment_status":"closed","ping_status":"closed","sticky":false,"template":"","format":"standard","meta":{"42wp_featured_image_caption":"","42wp_featured_image_credits":"","42wp_featured_video":"","42wp_featured_image_hidden":false,"42wp_authors_list":[],"footnotes":""},"categories":[2],"tags":[1417,457,524,20491,309,546,209,302,6533,27453,31626,176,207,30722,800,5100,34909,1491,30103,28285,3746,119,117,485,547,87,25553,203,90,82,1521,1556,2916,676,204,3132,612,215,597],"42wp_author":[47117],"class_list":["post-102609","post","type-post","status-publish","format-standard","has-post-thumbnail","hentry","category-f1","tag-alex-albon","tag-alfa-romeo","tag-alphatauri","tag-alpine","tag-aston-martin","tag-carlos-sainz","tag-charles-leclerc","tag-esteban-ocon","tag-f1-2023","tag-f1-monaco","tag-f1-monte-carlo","tag-fernando-alonso","tag-ferrari","tag-formula-1-2023","tag-george-russell","tag-gp-de-monaco","tag-gp-em-monaco","tag-grande-premio","tag-grande-premio-f1","tag-grandepremio","tag-guanyu-zhou","tag-haas","tag-kevin-magnussen","tag-lance-stroll","tag-lando-norris","tag-lewis-hamilton","tag-logan-sargeant","tag-max-verstappen","tag-mclaren","tag-mercedes","tag-nico-hulkenberg","tag-nyck-de-vries","tag-oscar-piastri","tag-pierre-gasly","tag-red-bull","tag-sergio-perez","tag-valtteri-bottas","tag-williams","tag-yuki-tsunoda","42wp_author-gabriel-curty"],"_links":{"self":[{"href":"https:\/\/grandepremio.com\/br\/wp-json\/wp\/v2\/posts\/102609","targetHints":{"allow":["GET"]}}],"collection":[{"href":"https:\/\/grandepremio.com\/br\/wp-json\/wp\/v2\/posts"}],"about":[{"href":"https:\/\/grandepremio.com\/br\/wp-json\/wp\/v2\/types\/post"}],"replies":[{"embeddable":true,"href":"https:\/\/grandepremio.com\/br\/wp-json\/wp\/v2\/comments?post=102609"}],"version-history":[{"count":0,"href":"https:\/\/grandepremio.com\/br\/wp-json\/wp\/v2\/posts\/102609\/revisions"}],"wp:featuredmedia":[{"embeddable":true,"href":"https:\/\/grandepremio.com\/br\/wp-json\/wp\/v2\/media\/1000687400"}],"wp:attachment":[{"href":"https:\/\/grandepremio.com\/br\/wp-json\/wp\/v2\/media?parent=102609"}],"wp:term":[{"taxonomy":"category","embeddable":true,"href":"https:\/\/grandepremio.com\/br\/wp-json\/wp\/v2\/categories?post=102609"},{"taxonomy":"post_tag","embeddable":true,"href":"https:\/\/grandepremio.com\/br\/wp-json\/wp\/v2\/tags?post=102609"},{"taxonomy":"42wp_author","embeddable":true,"href":"https:\/\/grandepremio.com\/br\/wp-json\/wp\/v2\/42wp_author?post=102609"}],"curies":[{"name":"wp","href":"https:\/\/api.w.org\/{rel}","templated":true}]}}