{"id":10261,"date":"2026-04-05T11:01:26","date_gmt":"2026-04-05T14:01:26","guid":{"rendered":"https:\/\/grandepremio.com\/br\/noticias\/alexander-albon-admite-desconforto-quedas-velocidade-medo-carro-fora-controle\/"},"modified":"2026-04-05T12:06:13","modified_gmt":"2026-04-05T15:06:13","slug":"alexander-albon-admite-desconforto-quedas-velocidade-medo-carro-fora-controle","status":"publish","type":"post","link":"https:\/\/grandepremio.com\/br\/f1\/alexander-albon-admite-desconforto-quedas-velocidade-medo-carro-fora-controle\/","title":{"rendered":"Albon admite desconforto com quedas de velocidade: &#8220;Medo do carro fora de controle&#8221;"},"content":{"rendered":"\n<p class=\"wp-block-paragraph\">A diferen\u00e7a de velocidade entre os carros que est\u00e3o usando e recuperando energia ganhou um novo cap\u00edtulo de discuss\u00e3o ap\u00f3s o forte acidente de <strong>Oliver Bearman<\/strong> na volta 22 do <strong>GP do Jap\u00e3o<\/strong>, realizado no fim de mar\u00e7o, quando o brit\u00e2nico perdeu o controle da <strong>Haas<\/strong> a mais de 300 km\/h ao se aproximar de <strong>Franco Colapinto<\/strong>, que estava significativamente mais lento. <strong>Alexander Albon<\/strong> admitiu receio de que o carro atr\u00e1s n\u00e3o consiga manter o controle em uma aproxima\u00e7\u00e3o e acabe gerando um acidente m\u00faltiplo, em decorr.<\/p>\n\n\n\n<p class=\"wp-block-paragraph\">Albon explicou que as diferen\u00e7as de velocidade n\u00e3o s\u00e3o causadas apenas pelo gerenciamento de bateria \u2014 enquanto alguns recarregam, outros acionam a pot\u00eancia da parte el\u00e9trica \u2014, mas que tamb\u00e9m sofrem influ\u00eancia da aerodin\u00e2mica ativa \u2014 o <strong>Modo Reta<\/strong> e o <strong>Modo Curva<\/strong> \u2014 e da forma como esses sistemas funcionam em cada carro.<\/p>\n\n\n\n<figure class=\"wp-block-embed is-type-video is-provider-youtube wp-block-embed-youtube wp-embed-aspect-16-9 wp-has-aspect-ratio\"><div class=\"wp-block-embed__wrapper\">\n<iframe loading=\"lazy\" title=\"ENDURANCE COMO ALTERNATIVA \u00c0 F1. E OS PILOTOS EM RISCO NA INDY | Sprint GP\" width=\"500\" height=\"281\" src=\"https:\/\/www.youtube.com\/embed\/Jpkm2KpUcPA?feature=oembed\" frameborder=\"0\" allow=\"accelerometer; autoplay; clipboard-write; encrypted-media; gyroscope; picture-in-picture; web-share\" referrerpolicy=\"strict-origin-when-cross-origin\" allowfullscreen><\/iframe>\n<\/div><\/figure>\n\n\n\n<p class=\"wp-block-paragraph\">O conjunto desses fatores, como admitiu Albon, tem aumentado a preocupa\u00e7\u00e3o com a possibilidade de acidentes, como o ocorrido com Bearman em <strong>Circuito de Suzuka<\/strong>.<\/p>\n\n\n\n<p class=\"wp-block-paragraph\"><strong><mark>+ GP EXPERIENCE: o novo produto do GRANDE PR\u00caMIO conecta voc\u00ea aos maiores eventos de esporte a motor do mundo. V\u00e1 para Indian\u00e1polis com a gente:\u00a0<a href=\"https:\/\/gpexperience.tur.br\/\">saiba aqui todos os detalhes<\/a>.<\/mark><\/strong><\/p>\n\n\n\n\n\n\n\n<p class=\"wp-block-paragraph\">\u201cFalamos sobre isso no briefing dos pilotos, sobre as diferen\u00e7as de velocidade, defender posi\u00e7\u00e3o, mudar de trajet\u00f3ria e esse tipo de coisa\u201d, disse Albon. \u201cNo momento, isso \u00e9 meio desconfort\u00e1vel, porque voc\u00ea quer se defender, mas \u00e0s vezes tem medo do carro atr\u00e1s \u2014 se ele realmente est\u00e1 sob controle&#8221;, completou.<\/p>\n\n\n\n<p class=\"wp-block-paragraph\">\u201cTalvez dev\u00eassemos tornar o Modo Reta um pouco mais est\u00e1vel ou menos potente, algo assim. Mais parecido com um DRS normal, que voc\u00ea consegue controlar com mais facilidade. N\u00e3o sei\u201d, concluiu Albon.<\/p>\n\n\n\n<p class=\"wp-block-paragraph\">A&nbsp;<strong>F\u00f3rmula 1<\/strong>&nbsp;agora entra em hiato ap\u00f3s a suspens\u00e3o dos GPs do&nbsp;<strong>Bahrein&nbsp;<\/strong>e da<strong>&nbsp;Ar\u00e1bia Saudita<\/strong>&nbsp;e retorna de 1\u00ba a 3 de maio com o&nbsp;<strong>GP de Miami<\/strong>.<\/p>\n\n\n\n<p class=\"wp-block-paragraph\"><strong>Inscreva-se nos dois canais do GRANDE PR\u00caMIO no YouTube:\u00a0<a href=\"https:\/\/www.youtube.com\/channel\/UC9OlHEgxoaY6QY6nWPoiqQg?sub_confirmation=1\">GP<\/a>\u00a0|\u00a0<a href=\"https:\/\/www.youtube.com\/channel\/UC9csiS6q_C3C0FYhyr1rnFA?sub_confirmation=1\">GPTV<\/a><\/strong><\/p>\n\n\n\n<h2 class=\"wp-block-heading\" id=\"h-f1-hoje-saiba-aqui-as-noticias-mais-importantes-do-dia-da-formula-1\"><strong>F1 hoje: saiba aqui as not\u00edcias mais importantes do dia da F\u00f3rmula 1<\/strong><\/h2>\n\n\n\n<p class=\"wp-block-paragraph\">A reda\u00e7\u00e3o do&nbsp;<strong>GRANDE PR\u00caMIO<\/strong>&nbsp;selecionou as not\u00edcias mais importantes das \u00faltimas horas para voc\u00ea ficar por dentro de tudo que acontece na F1.<\/p>\n\n\n\n<p class=\"wp-block-paragraph\"><strong>&nbsp;<a href=\"https:\/\/www.grandepremio.com\/br\/f1\/noticias\/jenson-button-lewis-hamilton-lando-norris-lista-maiores-influencias-carreira-formula-1\/\">De Button a Hamilton: Norris lista maiores influ\u00eancias para carreira na F\u00f3rmula 1<\/a><br>&nbsp;<a href=\"https:\/\/www.grandepremio.com\/br\/f1\/noticias\/esteban-ocon-admite-carreira-decepcionante-formula-1-nao-alcancei-suficiente\/\">Ocon admite carreira \u201cdecepcionante\u201d na F\u00f3rmula 1: \u201cN\u00e3o alcancei o suficiente\u201d<\/a><br>&nbsp;<a href=\"https:\/\/www.grandepremio.com\/br\/f1\/noticias\/andrea-kimi-antonelli-espera-ferrari-muito-mais-perto-concessoes-fia-carro-ja-rapido\/\">Antonelli espera Ferrari \u201cmuito mais perto\u201d com concess\u00f5es da FIA: \u201cCarro j\u00e1 \u00e9 r\u00e1pido\u201d<\/a><br>&nbsp;<a href=\"https:\/\/www.grandepremio.com\/br\/f1\/noticias\/aston-martin-preve-passo-frentem-miami-apos-evolucao-motor-honda-japao\/\">Aston Martin prev\u00ea \u201cpasso \u00e0 frente\u201d em Miami ap\u00f3s evolu\u00e7\u00e3o do motor Honda no Jap\u00e3o<\/a><br>&nbsp;<a href=\"https:\/\/www.grandepremio.com\/br\/f1\/noticias\/filha-michael-schumacher-explica-lidou-acidente-esqui-pai-precisava-fazer-algo\/\">Filha de Schumacher explica como lidou com acidente de esqui do pai: \u201cPrecisava fazer algo\u201d<\/a><\/strong><\/p>\n","protected":false},"excerpt":{"rendered":"<p>Alexander Albon destaca debates em briefings ap\u00f3s acidente de Oliver Bearman e admite receio de novos incidentes na temporada 2026 da F1<\/p>\n","protected":false},"author":0,"featured_media":1001073177,"comment_status":"closed","ping_status":"closed","sticky":false,"template":"","format":"standard","meta":{"42wp_featured_image_caption":"","42wp_featured_image_credits":"","42wp_featured_video":"","42wp_featured_image_hidden":false,"42wp_authors_list":[],"footnotes":""},"categories":[2],"tags":[654,26271,5273,147,29516,29148,180,31425,28995,45585,1491,28285,30840,35129,31470,215,45757],"42wp_author":[47155],"class_list":["post-10261","post","type-post","status-publish","format-standard","has-post-thumbnail","hentry","category-f1","tag-alexander-albon","tag-calendario-f1","tag-classificacao-f1","tag-f1","tag-f1-2026","tag-f1-hoje","tag-formula-1","tag-formula-1-2026","tag-formula-1-hoje","tag-fw48","tag-grande-premio","tag-grandepremio","tag-horarios-f1","tag-onde-assistir-f1","tag-temporada-2026-f1","tag-williams","tag-williams-fw48","42wp_author-daniel-balsa"],"_links":{"self":[{"href":"https:\/\/grandepremio.com\/br\/wp-json\/wp\/v2\/posts\/10261","targetHints":{"allow":["GET"]}}],"collection":[{"href":"https:\/\/grandepremio.com\/br\/wp-json\/wp\/v2\/posts"}],"about":[{"href":"https:\/\/grandepremio.com\/br\/wp-json\/wp\/v2\/types\/post"}],"replies":[{"embeddable":true,"href":"https:\/\/grandepremio.com\/br\/wp-json\/wp\/v2\/comments?post=10261"}],"version-history":[{"count":0,"href":"https:\/\/grandepremio.com\/br\/wp-json\/wp\/v2\/posts\/10261\/revisions"}],"wp:featuredmedia":[{"embeddable":true,"href":"https:\/\/grandepremio.com\/br\/wp-json\/wp\/v2\/media\/1001073177"}],"wp:attachment":[{"href":"https:\/\/grandepremio.com\/br\/wp-json\/wp\/v2\/media?parent=10261"}],"wp:term":[{"taxonomy":"category","embeddable":true,"href":"https:\/\/grandepremio.com\/br\/wp-json\/wp\/v2\/categories?post=10261"},{"taxonomy":"post_tag","embeddable":true,"href":"https:\/\/grandepremio.com\/br\/wp-json\/wp\/v2\/tags?post=10261"},{"taxonomy":"42wp_author","embeddable":true,"href":"https:\/\/grandepremio.com\/br\/wp-json\/wp\/v2\/42wp_author?post=10261"}],"curies":[{"name":"wp","href":"https:\/\/api.w.org\/{rel}","templated":true}]}}