{"id":102632,"date":"2023-05-30T04:30:00","date_gmt":"2023-05-30T07:30:00","guid":{"rendered":"https:\/\/grandepremio.com\/br\/noticias\/lando-norris-ve-erro-tatica-monaco-descarta-luta-alpine-estao-mais-rapidos\/"},"modified":"2023-05-31T10:46:09","modified_gmt":"2023-05-31T13:46:09","slug":"lando-norris-ve-erro-tatica-monaco-descarta-luta-alpine-estao-mais-rapidos","status":"publish","type":"post","link":"https:\/\/grandepremio.com\/br\/f1\/lando-norris-ve-erro-tatica-monaco-descarta-luta-alpine-estao-mais-rapidos\/","title":{"rendered":"Norris v\u00ea erro de t\u00e1tica em M\u00f4naco e descarta luta com Alpine: &#8220;Est\u00e3o mais r\u00e1pidos&#8221;"},"content":{"rendered":"\n<p class=\"wp-block-paragraph\"><strong>Lando Norris <\/strong>teve uma boa performance no fim de semana do <strong>GP de M\u00f4naco<\/strong> da <strong>F\u00f3rmula 1<\/strong>. Na classifica\u00e7\u00e3o do \u00faltimo s\u00e1bado (27), o piloto brit\u00e2nico alcan\u00e7ou o Q3 e <a href=\"https:\/\/www.grandepremio.com\/br\/f1\/noticias\/charles-leclerc-punido-bloquear-volta-rapida-lando-norris-cai-para-6o-grid-monaco\/\" class=\"ek-link\">teve a sua volta r\u00e1pida atrapalhada por <strong>Charles Leclerc<\/strong>,<\/a> sen\u00e3o poderia ter conseguido uma posi\u00e7\u00e3o melhor que a 10\u00aa no grid de largada. Por fim, na corrida deste domingo (28), o dono do carro <strong>#4<\/strong> teve <a href=\"https:\/\/www.grandepremio.com\/br\/f1\/noticias\/mclaren-ve-gp-monaco-muito-positivo-elogia-dupla-pilotos-foram-inteligentes\/\" class=\"ek-link\">um desempenho consistente<\/a> e terminou em nono \u2014 portanto, dentro da zona de pontua\u00e7\u00e3o.<\/p>\n\n\n\n<p class=\"wp-block-paragraph\">Mas se engana quem acha que Norris ficou satisfeito com o resultado. De acordo com o piloto, a decis\u00e3o de come\u00e7ar com os pneus duros foi equivocada e isso prejudicou toda a corrida por conta dos segundos perdidos nos pit-stops. <\/p>\n\n\n\n<p class=\"wp-block-paragraph\">&#8220;Acho que n\u00e3o dever\u00edamos ter sa\u00eddo de pneus duros, falando agora em retrospecto. Mas com as informa\u00e7\u00f5es que me deram de que n\u00e3o iria chover, fiquei feliz [de sair] com os pneus duros, mas choveu muito mais e n\u00e3o sei se eu n\u00e3o li corretamente as condi\u00e7\u00f5es ou algo assim. Talvez eu devesse ter questionado mais. \u00c9 dif\u00edcil dizer, vamos rever depois&#8221;, lamentou Norris.<\/p>\n\n\n\n<p class=\"wp-block-paragraph\"><strong>\u25b6\ufe0f&nbsp;Inscreva-se nos dois canais do GRANDE PR\u00caMIO no YouTube:&nbsp;<a href=\"https:\/\/www.youtube.com\/channel\/UC9OlHEgxoaY6QY6nWPoiqQg?sub_confirmation=1\" target=\"_blank\" rel=\"noreferrer noopener\">GP<\/a>&nbsp;|&nbsp;<a href=\"https:\/\/www.youtube.com\/channel\/UC9csiS6q_C3C0FYhyr1rnFA?sub_confirmation=1\" target=\"_blank\" rel=\"noreferrer noopener\">GP2<\/a><\/strong><\/p>\n\n\n\n<figure class=\"wp-block-image size-large\"><img decoding=\"async\" src=\"https:\/\/www.grandepremio.com\/br\/wp-content\/uploads\/2023\/05\/f1-2023-monaco-corrida-mclaren-landonorris-01-1024x682.jpg\" alt=\"\" class=\"wp-image-687382\"\/><figcaption>Lando Norris teve performance consistente no GP de M\u00f4naco, mas criticou decis\u00e3o da McLaren de largar com pneus duros (Foto: McLaren)<\/figcaption><\/figure>\n\n\n\n<p class=\"wp-block-paragraph\">&#8220;Provavelmente, perdi mais de 30 segundos para fazer os pit-stops e estes 30 segundos me colocariam em quinto ou algo assim. O ritmo depois que eu coloquei os pneus intermedi\u00e1rios foi incr\u00edvel. Estava t\u00e3o r\u00e1pido quanto o <strong>Max [Verstappen]<\/strong>, isso foi surpreendente. \u00c9 claro que quando voc\u00ea est\u00e1 liderando a corrida isso \u00e9 diferente. \u00c9 um sentimento um pouco diferente de quando voc\u00ea est\u00e1 em nono. Mas sim, foi legal ver o qu\u00e3o r\u00e1pido fomos na pista&#8221;, completou.<\/p>\n\n\n\n<p class=\"wp-block-paragraph\">O piloto da <strong>McLaren <\/strong>tamb\u00e9m reclamou das condi\u00e7\u00f5es &#8220;t\u00e3o assustadoras&#8221; em que a corrida aconteceu: &#8220;Eu sentia que ia bater a cada curva e a cada volta. \u00c0s vezes fomos r\u00e1pidos, ent\u00e3o aproveitei isso, mas \u00e9 mais dif\u00edcil do que voc\u00ea pode imaginar. \u00c9 t\u00e3o dif\u00edcil. Por\u00e9m, aproveitei \u00e0s vezes.\u201d<\/p>\n\n\n\n<p class=\"wp-block-paragraph\">Embora tenha conquistado o nono lugar no circuito de rua de <strong>Monte Carlo,<\/strong> <a href=\"https:\/\/www.grandepremio.com\/br\/f1\/classificacao\/\" class=\"ek-link\">Norris caiu para a 11\u00aa posi\u00e7\u00e3o no <strong>Mundial de Pilotos<\/strong><\/a> com 12 pontos. Isso porque a <strong>Alpine<\/strong>, principal concorrente pelo quinto posto da classifica\u00e7\u00e3o, surpreendeu com <strong>Esteban Ocon<\/strong>, que terminou em terceiro, e <strong>Pierre Gasly<\/strong>, o s\u00e9timo. Para o dono do carro #4 n\u00e3o \u00e9 uma novidade o desempenho da rival francesa.<\/p>\n\n\n\n<p class=\"wp-block-paragraph\"><strong>\u25b6\ufe0f&nbsp;<a href=\"https:\/\/www.twitch.tv\/grandepremio\" target=\"_blank\" rel=\"noreferrer noopener\">Conhe\u00e7a o canal do GRANDE PR\u00caMIO na Twitch clicando aqui!<\/a><\/strong><\/p>\n\n\n\n<figure class=\"wp-block-image size-large\"><img decoding=\"async\" src=\"https:\/\/www.grandepremio.com\/br\/wp-content\/uploads\/2023\/05\/f1-2023-monaco-corrida-alpine-estebanocon-afp-01-1-1024x683.jpg\" alt=\"\" class=\"wp-image-687509\"\/><figcaption>Esteban Ocon levou a Alpine ao p\u00f3dio no GP de M\u00f4naco (Foto: AFP) <\/figcaption><\/figure>\n\n\n\n<p class=\"wp-block-paragraph\">&#8220;N\u00e3o [estou decepcionado pela Alpine ter pontuado bem], eles est\u00e3o mais r\u00e1pidos do que n\u00f3s o ano todo. Ent\u00e3o, eles est\u00e3o fazendo um bom trabalho e considerando que tivemos um dos piores carros no in\u00edcio da temporada dos \u00faltimos cinco ou seis anos, n\u00e3o esper\u00e1vamos lutar com a Alpine de qualquer forma. N\u00e3o tem como, sabe, na classifica\u00e7\u00e3o eles foram t\u00e3o r\u00e1pidos e em <strong>M\u00f4naco<\/strong>, o que significa que em um circuito normal, eles estar\u00e3o 0s7 ou 0s8 mais r\u00e1pidos do que n\u00f3s&#8221;, ponderou Norris.<\/p>\n\n\n\n<p class=\"wp-block-paragraph\">&#8220;De qualquer forma, \u00e9 isso. \u00c9 o mesmo carro que tivemos o ano todo, na verdade. Demos um pequeno passo em <strong>Baku<\/strong>, mas fora isso, \u00e9 o que \u00e9. Ent\u00e3o, temos de continuar focados, progredindo e esperar pelo pr\u00f3ximo pacote de atualiza\u00e7\u00f5es&#8221;, finalizou.<\/p>\n\n\n\n<p class=\"wp-block-paragraph\">A etapa seguinte da F\u00f3rmula 1 acontece j\u00e1 no pr\u00f3ximo fim de semana, com o <strong>GP da Espanha<\/strong> programado para ser realizado entre os dias 2 e 4 de junho. O <strong>GRANDE PR\u00caMIO<\/strong> faz a cobertura completa do evento.<\/p>\n","protected":false},"excerpt":{"rendered":"<p>Lando Norris disse que a McLaren errou em largar com os pneus duros no GP de M\u00f4naco, o que pode ter custado um resultado melhor. O piloto brit\u00e2nico tamb\u00e9m descartou luta com Alpine pela quinta posi\u00e7\u00e3o do Mundial de Construtores<\/p>\n","protected":false},"author":0,"featured_media":1000688248,"comment_status":"closed","ping_status":"closed","sticky":false,"template":"","format":"standard","meta":{"42wp_featured_image_caption":"","42wp_featured_image_credits":"","42wp_featured_video":"","42wp_featured_image_hidden":false,"42wp_authors_list":[],"footnotes":""},"categories":[2],"tags":[20491,302,147,6533,180,30722,1390,5100,1491,28285,547,90,6285,12829,676],"42wp_author":[47153],"class_list":["post-102632","post","type-post","status-publish","format-standard","has-post-thumbnail","hentry","category-f1","tag-alpine","tag-esteban-ocon","tag-f1","tag-f1-2023","tag-formula-1","tag-formula-1-2023","tag-gasly","tag-gp-de-monaco","tag-grande-premio","tag-grandepremio","tag-lando-norris","tag-mclaren","tag-norris","tag-ocon","tag-pierre-gasly","42wp_author-gabriel-pitor"],"_links":{"self":[{"href":"https:\/\/grandepremio.com\/br\/wp-json\/wp\/v2\/posts\/102632","targetHints":{"allow":["GET"]}}],"collection":[{"href":"https:\/\/grandepremio.com\/br\/wp-json\/wp\/v2\/posts"}],"about":[{"href":"https:\/\/grandepremio.com\/br\/wp-json\/wp\/v2\/types\/post"}],"replies":[{"embeddable":true,"href":"https:\/\/grandepremio.com\/br\/wp-json\/wp\/v2\/comments?post=102632"}],"version-history":[{"count":0,"href":"https:\/\/grandepremio.com\/br\/wp-json\/wp\/v2\/posts\/102632\/revisions"}],"wp:featuredmedia":[{"embeddable":true,"href":"https:\/\/grandepremio.com\/br\/wp-json\/wp\/v2\/media\/1000688248"}],"wp:attachment":[{"href":"https:\/\/grandepremio.com\/br\/wp-json\/wp\/v2\/media?parent=102632"}],"wp:term":[{"taxonomy":"category","embeddable":true,"href":"https:\/\/grandepremio.com\/br\/wp-json\/wp\/v2\/categories?post=102632"},{"taxonomy":"post_tag","embeddable":true,"href":"https:\/\/grandepremio.com\/br\/wp-json\/wp\/v2\/tags?post=102632"},{"taxonomy":"42wp_author","embeddable":true,"href":"https:\/\/grandepremio.com\/br\/wp-json\/wp\/v2\/42wp_author?post=102632"}],"curies":[{"name":"wp","href":"https:\/\/api.w.org\/{rel}","templated":true}]}}