{"id":102645,"date":"2023-05-29T11:10:59","date_gmt":"2023-05-29T14:10:59","guid":{"rendered":"https:\/\/grandepremio.com\/br\/noticias\/ferrari-desculpas-charles-leclerc-erro-monaco-promete-melhorar-comunicacao\/"},"modified":"2023-05-29T11:21:18","modified_gmt":"2023-05-29T14:21:18","slug":"ferrari-desculpas-charles-leclerc-erro-monaco-promete-melhorar-comunicacao","status":"publish","type":"post","link":"https:\/\/grandepremio.com\/br\/f1\/ferrari-desculpas-charles-leclerc-erro-monaco-promete-melhorar-comunicacao\/","title":{"rendered":"Ferrari pede desculpas a Leclerc por erro em M\u00f4naco e promete &#8220;melhorar comunica\u00e7\u00e3o&#8221;"},"content":{"rendered":"\n<figure class=\"wp-block-embed is-type-video is-provider-youtube wp-block-embed-youtube wp-embed-aspect-16-9 wp-has-aspect-ratio\"><div class=\"wp-block-embed__wrapper\">\n<iframe loading=\"lazy\" title=\"ASTON MARTIN BROCHOU QUANDO VIU VERSTAPPEN EM M\u00d4NACO NA F1 2023 | GP \u00c0S 10\" width=\"500\" height=\"281\" src=\"https:\/\/www.youtube.com\/embed\/VAlmHvdIl1E?feature=oembed\" frameborder=\"0\" allow=\"accelerometer; autoplay; clipboard-write; encrypted-media; gyroscope; picture-in-picture; web-share\" referrerpolicy=\"strict-origin-when-cross-origin\" allowfullscreen><\/iframe>\n<\/div><\/figure>\n\n\n\n<p class=\"wp-block-paragraph\"><strong>Fr\u00e9d\u00e9ric Vasseur<\/strong>, chefe da <strong>Ferrari<\/strong>, assumiu a responsabilidade e pediu desculpas a <strong>Charles Leclerc <\/strong>pela falha de comunica\u00e7\u00e3o que acabou resultando na perda de tr\u00eas posi\u00e7\u00f5es para o monegasco no grid do <strong>GP de M\u00f4naco<\/strong>, sexta etapa da<strong> F\u00f3rmula 1 2023<\/strong>. O franc\u00eas voltou a falar sobre a baixa luminosidade no t\u00fanel do circuito de rua de <strong>Monte Carlo<\/strong>, mas prometeu trabalhar na melhora da comunica\u00e7\u00e3o entre os pilotos e o pit-wall.<\/p>\n\n\n\n<p class=\"wp-block-paragraph\">Na classifica\u00e7\u00e3o, durante o Q3, Leclerc acabou atrapalhando <strong>Lando Norris<\/strong> ap\u00f3s desacelerar no t\u00fanel no momento em que o ingl\u00eas vinha atr\u00e1s em volta r\u00e1pida. O piloto da <strong>McLaren <\/strong>reclamou bastante da manobra e cobrou publicamente puni\u00e7\u00e3o ao #16 \u2014 que, por sua vez, alegou que recebeu a informa\u00e7\u00e3o sobre o posicionamento do rival &#8220;tarde demais&#8221; e <a href=\"https:\/\/www.grandepremio.com\/br\/f1\/noticias\/charles-leclerc-culpa-visibilidade-apos-atrapalhar-lando-norris-monaco-dificil-julgar-escuro\/\" class=\"ek-link\">&#8220;n\u00e3o conseguiu v\u00ea-lo pelos retrovisores&#8221;<\/a>.<\/p>\n\n\n\n<p class=\"wp-block-paragraph\"><strong>\u25b6\ufe0f\u00a0Inscreva-se nos dois canais do GRANDE PR\u00caMIO no YouTube:\u00a0<a href=\"https:\/\/www.youtube.com\/channel\/UC9OlHEgxoaY6QY6nWPoiqQg?sub_confirmation=1\" target=\"_blank\" rel=\"noreferrer noopener\">GP<\/a>\u00a0|\u00a0<a href=\"https:\/\/www.youtube.com\/channel\/UC9csiS6q_C3C0FYhyr1rnFA?sub_confirmation=1\" target=\"_blank\" rel=\"noreferrer noopener\">GP2<\/a><\/strong><br><strong>\u25b6\ufe0f\u00a0<a href=\"https:\/\/www.twitch.tv\/grandepremio\" target=\"_blank\" rel=\"noreferrer noopener\">Conhe\u00e7a o canal do GRANDE PR\u00caMIO na Twitch clicando aqui!<\/a><\/strong><\/p>\n\n\n\n<figure class=\"wp-block-video\"><video class=\"video-js vjs-big-play-centered\" data-gp-vjs=\"1\" controls poster=\"https:\/\/www.grandepremio.com\/br\/wp-content\/uploads\/2023\/05\/Norris-e-Leclerc-em-Monaco-poster.jpeg\" src=\"https:\/\/www.grandepremio.com\/br\/wp-content\/uploads\/2023\/05\/Norris-e-Leclerc-em-Monaco.mp4\"><\/video><figcaption>Norris se depara com Leclerc lento no t\u00fanel em M\u00f4naco (V\u00eddeo: reprodu\u00e7\u00e3o\/Twitter)<\/figcaption><\/figure>\n\n\n\n<p class=\"wp-block-paragraph\">Vasseur comentou a frustra\u00e7\u00e3o do piloto ap\u00f3s a corrida. &#8220;Foi dif\u00edcil para ele primeiro perder a pole-position por 0s1, ou algo assim, perder a segunda fila por 0s2 e, depois, a advert\u00eancia&#8221;, come\u00e7ou o dirigente.<\/p>\n\n\n\n<p class=\"wp-block-paragraph\">\u201cO que posso fazer \u00e9 pedir desculpas em nome da equipe e entender como podemos fazer um trabalho melhor e melhorar a comunica\u00e7\u00e3o entre o pit-wall e Charles em condi\u00e7\u00f5es assim, de ambos os lados&#8221;, salientou, voltando a usar o argumento da ilumina\u00e7\u00e3o.<\/p>\n\n\n\n<p class=\"wp-block-paragraph\">&#8220;Acho tamb\u00e9m pelas circunst\u00e2ncias em que aconteceu, dentro do t\u00fanel e tal&#8221;, reiterou sobre a falha na transmiss\u00e3o da mensagem. &#8220;Mas tudo bem, temos de evitar desculpas, pois \u00e9 a pior sa\u00edda se voc\u00ea quiser melhorar, s\u00f3 temos de corrigir&#8221;, finalizou Vasseur.<\/p>\n\n\n\n<p class=\"wp-block-paragraph\">A\u00a0<a href=\"https:\/\/www.grandepremio.com\/formula-1\/\" target=\"_blank\" rel=\"noreferrer noopener\"><\/a><strong><a href=\"https:\/\/www.grandepremio.com\/formula-1\/\" target=\"_blank\" rel=\"noreferrer noopener\">F\u00f3rmula 1<\/a><\/strong>\u00a0volta j\u00e1 na semana que vem, entre os dias 2 e 4 de junho, com o\u00a0<strong>GP da\u00a0<a href=\"https:\/\/es.grandepremio.com\/\" target=\"_blank\" rel=\"noreferrer noopener\">Espanha<\/a><\/strong>, em\u00a0<strong><a href=\"https:\/\/es.grandepremio.com\/\" target=\"_blank\" rel=\"noreferrer noopener\">Barcelona<\/a><\/strong>, s\u00e9tima etapa da temporada 2023. E o\u00a0<strong>GRANDE PR\u00caMIO<\/strong>\u00a0acompanha tudo.<\/p>\n","protected":false},"excerpt":{"rendered":"<p>Charles Leclerc acabou punido com a perda de tr\u00eas posi\u00e7\u00f5es no grid do GP de M\u00f4naco por atrapalhar Lando Norris no Q3. Fr\u00e9d\u00e9ric Vasseur disse que a Ferrari vai trabalhar para melhorar a comunica\u00e7\u00e3o de pista<\/p>\n","protected":false},"author":0,"featured_media":1000681997,"comment_status":"closed","ping_status":"closed","sticky":false,"template":"","format":"standard","meta":{"42wp_featured_image_caption":"","42wp_featured_image_credits":"","42wp_featured_video":"","42wp_featured_image_hidden":false,"42wp_authors_list":[],"footnotes":""},"categories":[2],"tags":[26271,209,5273,147,6533,207,180,30722,1322,5100,1491,28285,30840,2140,35027,4993,764,35028,35026,31447],"42wp_author":[47147],"class_list":["post-102645","post","type-post","status-publish","format-standard","has-post-thumbnail","hentry","category-f1","tag-calendario-f1","tag-charles-leclerc","tag-classificacao-f1","tag-f1","tag-f1-2023","tag-ferrari","tag-formula-1","tag-formula-1-2023","tag-frederic-vasseur","tag-gp-de-monaco","tag-grande-premio","tag-grandepremio","tag-horarios-f1","tag-monaco","tag-monaco-2023","tag-monaco-f1","tag-monte-carlo","tag-monte-carlo-2023","tag-monte-carlo-f1","tag-temporada-2023-f1","42wp_author-luana-marino"],"_links":{"self":[{"href":"https:\/\/grandepremio.com\/br\/wp-json\/wp\/v2\/posts\/102645","targetHints":{"allow":["GET"]}}],"collection":[{"href":"https:\/\/grandepremio.com\/br\/wp-json\/wp\/v2\/posts"}],"about":[{"href":"https:\/\/grandepremio.com\/br\/wp-json\/wp\/v2\/types\/post"}],"replies":[{"embeddable":true,"href":"https:\/\/grandepremio.com\/br\/wp-json\/wp\/v2\/comments?post=102645"}],"version-history":[{"count":0,"href":"https:\/\/grandepremio.com\/br\/wp-json\/wp\/v2\/posts\/102645\/revisions"}],"wp:featuredmedia":[{"embeddable":true,"href":"https:\/\/grandepremio.com\/br\/wp-json\/wp\/v2\/media\/1000681997"}],"wp:attachment":[{"href":"https:\/\/grandepremio.com\/br\/wp-json\/wp\/v2\/media?parent=102645"}],"wp:term":[{"taxonomy":"category","embeddable":true,"href":"https:\/\/grandepremio.com\/br\/wp-json\/wp\/v2\/categories?post=102645"},{"taxonomy":"post_tag","embeddable":true,"href":"https:\/\/grandepremio.com\/br\/wp-json\/wp\/v2\/tags?post=102645"},{"taxonomy":"42wp_author","embeddable":true,"href":"https:\/\/grandepremio.com\/br\/wp-json\/wp\/v2\/42wp_author?post=102645"}],"curies":[{"name":"wp","href":"https:\/\/api.w.org\/{rel}","templated":true}]}}