{"id":102687,"date":"2023-05-28T14:22:00","date_gmt":"2023-05-28T17:22:00","guid":{"rendered":"https:\/\/grandepremio.com\/br\/noticias\/max-verstappen-dispara-contra-sergio-perez-apos-vitoria-monaco-confira-classificacao-formula-1-2023\/"},"modified":"2023-05-28T14:22:24","modified_gmt":"2023-05-28T17:22:24","slug":"max-verstappen-dispara-contra-sergio-perez-apos-vitoria-monaco-confira-classificacao-formula-1-2023","status":"publish","type":"post","link":"https:\/\/grandepremio.com\/br\/f1\/max-verstappen-dispara-contra-sergio-perez-apos-vitoria-monaco-confira-classificacao-formula-1-2023\/","title":{"rendered":"Verstappen dispara contra P\u00e9rez ap\u00f3s vit\u00f3ria em M\u00f4naco. Confira classifica\u00e7\u00e3o"},"content":{"rendered":"\n<figure class=\"wp-block-embed is-type-video is-provider-youtube wp-block-embed-youtube wp-embed-aspect-16-9 wp-has-aspect-ratio\"><div class=\"wp-block-embed__wrapper\">\n<iframe loading=\"lazy\" title=\"F1 2023 EM M\u00d4NACO: VERSTAPPEN VENCE. ALONSO 2\u00ba. OCON 3\u00ba | Briefing\" width=\"500\" height=\"281\" src=\"https:\/\/www.youtube.com\/embed\/rAxsr0UxWHI?feature=oembed\" frameborder=\"0\" allow=\"accelerometer; autoplay; clipboard-write; encrypted-media; gyroscope; picture-in-picture; web-share\" referrerpolicy=\"strict-origin-when-cross-origin\" allowfullscreen><\/iframe>\n<\/div><figcaption>\ud83d\udd34F1 2023 EM M\u00d4NACO AO VIVO: TUDO SOBRE A CORRIDA | Briefing<\/figcaption><\/figure>\n\n\n\n<p class=\"wp-block-paragraph\">A cada corrida que passa, mais fica escancarado que qualquer imagina\u00e7\u00e3o de que poderia haver uma briga pelo t\u00edtulo era mera ilus\u00e3o. <strong>Max Verstappen<\/strong> fez um <strong><a href=\"https:\/\/www.grandepremio.com\/br\/f1\/noticias\/max-verstappen-resiste-pista-molhada-vence-gp-de-monaco-formula-1-incendiado-chuva\/\" class=\"ek-link\">GP de M\u00f4naco<\/a><\/strong> de alt\u00edssimo n\u00edvel e venceu ap\u00f3s sair na pole neste domingo (28), enquanto <strong>Sergio P\u00e9rez<\/strong> teve dia desastrado e n\u00e3o pontuou. A diferen\u00e7a entre os dois disparou, pois.<\/p>\n\n\n\n<p class=\"wp-block-paragraph\">Se P\u00e9rez chegar a ver Max apenas seis pontos na frente e sonhar em tomar a ponta em <strong>Miami<\/strong>, a realidade \u00e9 dura. Verstappen se recuperou nos <strong>Estados Unidos<\/strong> e, agora, em <strong>Monte Carlo<\/strong>, despejou pot\u00eancia: s\u00e3o 144 pontis contra 105 e, portanto, 39 pontos.<\/p>\n\n\n\n<p class=\"wp-block-paragraph\"><strong>+ <a href=\"https:\/\/www.grandepremio.com\/br\/f1\/classificacao\/\" class=\"ek-link\">A CLASSIFICA\u00c7\u00c3O DOS MUNDIAIS DE PILOTOS E DE CONSTRUTORES AP\u00d3S DO GP DE M\u00d4NACO<\/a><\/strong><\/p>\n\n\n\n<figure class=\"wp-block-image size-large\"><img decoding=\"async\" src=\"https:\/\/www.grandepremio.com\/br\/wp-content\/uploads\/2023\/05\/f1-2023-monaco-corrida-astonmartin-fernandoalonso-afp-02-1024x683.jpg\" alt=\"\" class=\"wp-image-687422\"\/><figcaption>Fernando Alonso \u00e9 o terceiro no campeonato (Foto: AFP)<\/figcaption><\/figure>\n\n\n\n<p class=\"wp-block-paragraph\"><strong>\u25b6\ufe0f&nbsp;Inscreva-se nos dois canais do GRANDE PR\u00caMIO no YouTube:&nbsp;<a href=\"https:\/\/www.youtube.com\/channel\/UC9OlHEgxoaY6QY6nWPoiqQg?sub_confirmation=1\" target=\"_blank\" rel=\"noreferrer noopener\">GP<\/a>&nbsp;|&nbsp;<a href=\"https:\/\/www.youtube.com\/channel\/UC9csiS6q_C3C0FYhyr1rnFA?sub_confirmation=1\" target=\"_blank\" rel=\"noreferrer noopener\">GP2<\/a><\/strong><br><strong>\u25b6\ufe0f&nbsp;<a href=\"https:\/\/www.twitch.tv\/grandepremio\" target=\"_blank\" rel=\"noreferrer noopener\">Conhe\u00e7a o canal do GRANDE PR\u00caMIO na Twitch clicando aqui!<\/a><\/strong><\/p>\n\n\n\n<p class=\"wp-block-paragraph\"><strong>Fernando Alonso<\/strong> se isola cada vez mais na terceira coloca\u00e7\u00e3o do campeonato com o segundo posto e, inclusive, encosta em P\u00e9rez: tem 93 tentos. O quarto \u00e9 <strong>Lewis Hamilton<\/strong>, com 69.<\/p>\n\n\n\n<p class=\"wp-block-paragraph\"><strong>George Russell<\/strong> assumiu o quinto lugar ao passar <strong>Carlos Sainz<\/strong>: agora tem 50 contra 48 do oponente ferrarista. <strong>Charles Leclerc<\/strong> (42), <strong>Lance Stroll<\/strong> (27), <strong>Esteban Ocon<\/strong> (21) e <strong>Pierre Gasly<\/strong> (14) fecham o top-10. 15 dos 21 pontos de Ocon foram justamente em M\u00f4naco, com o terceiro posto e o p\u00f3dio. Apenas <strong>Nyck de Vries<\/strong> e <strong>Logan Sargeant<\/strong> continuam zerados.<\/p>\n\n\n\n<p class=\"wp-block-paragraph\">No Mundial de Construtores, <strong>Red Bull<\/strong> tem 249 pontos e j\u00e1 mais que dobra a pontua\u00e7\u00e3o da <strong>Aston Martin<\/strong>, que tem 120 e \u00e9 a segunda. A <strong>Mercedes<\/strong> est\u00e1 \u00e0 espreita, com 119, na terceira coloca\u00e7\u00e3o. <strong>Ferrari <\/strong>(90), <strong>Alpine <\/strong>(35), <strong>McLaren <\/strong>(17), <strong>Alfa Romeo<\/strong> (6), <strong>AlphaTauri<\/strong> (2) e <strong>Williams<\/strong> (1) encerram a lista.<\/p>\n\n\n\n<p class=\"wp-block-paragraph\">A&nbsp;<a href=\"https:\/\/www.grandepremio.com\/formula-1\/\" target=\"_blank\" rel=\"noreferrer noopener\" class=\"ek-link\"><strong>F\u00f3rmula 1<\/strong><\/a>&nbsp;volta j\u00e1 na semana que vem, entre os dias 2 e 4 de junho, com o&nbsp;<strong>GP da&nbsp;<a href=\"https:\/\/es.grandepremio.com\/\" target=\"_blank\" rel=\"noreferrer noopener\">Espanha<\/a><\/strong>, em&nbsp;<strong><a href=\"https:\/\/es.grandepremio.com\/\" target=\"_blank\" rel=\"noreferrer noopener\">Barcelona<\/a><\/strong>, s\u00e9tima etapa da temporada 2023. E o&nbsp;<strong>GRANDE PR\u00caMIO<\/strong>&nbsp;acompanha tudo.<\/p>\n\n\n\n<figure class=\"wp-block-video\"><video class=\"video-js vjs-big-play-centered\" data-gp-vjs=\"1\" controls poster=\"https:\/\/www.grandepremio.com\/br\/wp-content\/uploads\/2023\/05\/Sainz-1-poster.jpeg\" src=\"https:\/\/www.grandepremio.com\/br\/wp-content\/uploads\/2023\/05\/Sainz-1.mp4\"><\/video><figcaption>Carlos Sainz n\u00e3o ficou nada feliz com a estrat\u00e9gia da Ferrari em M\u00f4naco e demonstrou impaci\u00eancia (V\u00ecdeo: F1)<\/figcaption><\/figure>\n","protected":false},"excerpt":{"rendered":"<p>Max Verstappen abriu 39 pontos de vantagem ante Sergio P\u00e9rez ap\u00f3s vencer GP de M\u00f4naco e ver companheiro ter corrida desastrosa<\/p>\n","protected":false},"author":0,"featured_media":1000687482,"comment_status":"closed","ping_status":"closed","sticky":false,"template":"","format":"standard","meta":{"42wp_featured_image_caption":"","42wp_featured_image_credits":"","42wp_featured_video":"","42wp_featured_image_hidden":false,"42wp_authors_list":[],"footnotes":""},"categories":[2],"tags":[1280,6533,30722,5100,34909,1491,30103,28285,3901],"42wp_author":[47120],"class_list":["post-102687","post","type-post","status-publish","format-standard","has-post-thumbnail","hentry","category-f1","tag-band","tag-f1-2023","tag-formula-1-2023","tag-gp-de-monaco","tag-gp-em-monaco","tag-grande-premio","tag-grande-premio-f1","tag-grandepremio","tag-sbt","42wp_author-pedro-henrique-marum"],"_links":{"self":[{"href":"https:\/\/grandepremio.com\/br\/wp-json\/wp\/v2\/posts\/102687","targetHints":{"allow":["GET"]}}],"collection":[{"href":"https:\/\/grandepremio.com\/br\/wp-json\/wp\/v2\/posts"}],"about":[{"href":"https:\/\/grandepremio.com\/br\/wp-json\/wp\/v2\/types\/post"}],"replies":[{"embeddable":true,"href":"https:\/\/grandepremio.com\/br\/wp-json\/wp\/v2\/comments?post=102687"}],"version-history":[{"count":0,"href":"https:\/\/grandepremio.com\/br\/wp-json\/wp\/v2\/posts\/102687\/revisions"}],"wp:featuredmedia":[{"embeddable":true,"href":"https:\/\/grandepremio.com\/br\/wp-json\/wp\/v2\/media\/1000687482"}],"wp:attachment":[{"href":"https:\/\/grandepremio.com\/br\/wp-json\/wp\/v2\/media?parent=102687"}],"wp:term":[{"taxonomy":"category","embeddable":true,"href":"https:\/\/grandepremio.com\/br\/wp-json\/wp\/v2\/categories?post=102687"},{"taxonomy":"post_tag","embeddable":true,"href":"https:\/\/grandepremio.com\/br\/wp-json\/wp\/v2\/tags?post=102687"},{"taxonomy":"42wp_author","embeddable":true,"href":"https:\/\/grandepremio.com\/br\/wp-json\/wp\/v2\/42wp_author?post=102687"}],"curies":[{"name":"wp","href":"https:\/\/api.w.org\/{rel}","templated":true}]}}