{"id":102706,"date":"2023-05-28T08:05:53","date_gmt":"2023-05-28T11:05:53","guid":{"rendered":"https:\/\/grandepremio.com\/br\/noticias\/formula-1-realiza-gp-de-monaco-dia-bem-nublado-chances-chuva\/"},"modified":"2023-05-28T08:40:28","modified_gmt":"2023-05-28T11:40:28","slug":"formula-1-realiza-gp-de-monaco-dia-bem-nublado-chances-chuva","status":"publish","type":"post","link":"https:\/\/grandepremio.com\/br\/f1\/formula-1-realiza-gp-de-monaco-dia-bem-nublado-chances-chuva\/","title":{"rendered":"F\u00f3rmula 1 realiza GP de M\u00f4naco em dia bem nublado e com chances de chuva"},"content":{"rendered":"\n<figure class=\"wp-block-embed is-type-video is-provider-youtube wp-block-embed-youtube wp-embed-aspect-16-9 wp-has-aspect-ratio\"><div class=\"wp-block-embed__wrapper\">\n<iframe loading=\"lazy\" title=\"F1 2023 EM M\u00d4NACO AO VIVO: ESQUENTA E PR\u00c9-CORRIDA | Briefing\" width=\"500\" height=\"281\" src=\"https:\/\/www.youtube.com\/embed\/RZyQWg1khP8?feature=oembed\" frameborder=\"0\" allow=\"accelerometer; autoplay; clipboard-write; encrypted-media; gyroscope; picture-in-picture; web-share\" referrerpolicy=\"strict-origin-when-cross-origin\" allowfullscreen><\/iframe>\n<\/div><figcaption>\ud83d\udd34F1 2023 EM M\u00d4NACO AO VIVO: ESQUENTA E PR\u00c9-CORRIDA | Briefing<\/figcaption><\/figure>\n\n\n\n<p class=\"wp-block-paragraph\">O dia da corrida mais tradicional da temporada da <strong>F\u00f3rmula 1 <\/strong>est\u00e1 aqui! O <strong>GP de M\u00f4naco<\/strong> de 2023 est\u00e1 marcado para logo mais neste domingo (28), em Monte Carlo, e vai contar com um dia bem diferente dos \u00faltimos dois. O <strong>sol<\/strong> quase praticamente sai de cena, ao menos se esconde: entram <strong>nuvens e chances de chuva<\/strong>.<\/p>\n\n\n\n<p class=\"wp-block-paragraph\">Todas as informa\u00e7\u00f5es s\u00e3o o servi\u00e7o de meteorologia Accuweather. A largada da sexta etapa da temporada da F\u00f3rmula 1 est\u00e1 marcada para as <strong>15h locais (10h de Bras\u00edlia, GMT-3)<\/strong> na Riviera Francesa e conta com expectativa de 23\u00b0C de temperatura e 27\u00b0C de sensa\u00e7\u00e3o t\u00e9rmica.<\/p>\n\n\n\n<p class=\"wp-block-paragraph\"><strong>\u25b6\ufe0f\u00a0Inscreva-se nos dois canais do GRANDE PR\u00caMIO no YouTube:\u00a0<a href=\"https:\/\/www.youtube.com\/channel\/UC9OlHEgxoaY6QY6nWPoiqQg?sub_confirmation=1\" target=\"_blank\" rel=\"noreferrer noopener\">GP<\/a>\u00a0|\u00a0<a href=\"https:\/\/www.youtube.com\/channel\/UC9csiS6q_C3C0FYhyr1rnFA?sub_confirmation=1\" target=\"_blank\" rel=\"noreferrer noopener\">GP2<\/a><\/strong><br><strong>\u25b6\ufe0f\u00a0<a href=\"https:\/\/www.twitch.tv\/grandepremio\" target=\"_blank\" rel=\"noreferrer noopener\" class=\"ek-link\">Conhe\u00e7a o canal do GRANDE PR\u00caMIO na Twitch clicando aqui!<\/a><\/strong><\/p>\n\n\n\n<figure class=\"wp-block-image size-large\"><img decoding=\"async\" src=\"https:\/\/www.grandepremio.com\/br\/wp-content\/uploads\/2023\/05\/Largada-da-F2-em-Monaco2-1024x576.jpg\" alt=\"\" class=\"wp-image-687218\"\/><figcaption>Largada da F\u00f3rmula 2 em M\u00f4naco neste domingo (28), horas antes da F1 (Foto: F2)<\/figcaption><\/figure>\n\n\n\n<p class=\"wp-block-paragraph\">Mais que isso, a m\u00e9dia dos ventos chega a 11 km\/h, com rajadas de at\u00e9 15 km\/h e umidade relativa do ar em 66%. Um n\u00famero importante \u00e9 a cobertura do c\u00e9u por parte de nuvens: se estava em menos de 20% no s\u00e1bado, chega a 70% no domingo. Ainda h\u00e1 alerta amerelo &#8211; leve, portanto &#8211; para trovoadas.<\/p>\n\n\n\n<p class=\"wp-block-paragraph\">Ao longo da segunda e \u00faltima hora da prova, a situa\u00e7\u00e3o muda quase nada, somente com as rajadas de vento intensificando para 17 km\/h, mas ainda sem muita for\u00e7a numa pista que fica \u00e0 beira do mar.<\/p>\n\n\n\n<p class=\"wp-block-paragraph\">O dado importante: h\u00e1, sim, chances de chuva. Mas n\u00e3o s\u00e3o t\u00e3o altas como se imaginou que pudesse ser desde sexta-feira, com apenas 7% de possibilidades de precipita\u00e7\u00e3o para o hor\u00e1rio da corrida.<\/p>\n\n\n\n<p class=\"wp-block-paragraph\"><strong>Max Verstappen<\/strong> larga na dianteira em M\u00f4naco ap\u00f3s uma <strong><a href=\"https:\/\/www.grandepremio.com\/br\/f1\/noticias\/max-verstappen-faz-meio-gol-conquista-pole-gp-de-monaco-formula-1-sergio-perez-bate-ultimo\/\" class=\"ek-link\">classifica\u00e7\u00e3o eletrizante<\/a><\/strong> em que brigou com <strong>Fernando Alonso<\/strong>, <strong>Charles Leclerc<\/strong> e <strong>Esteban Ocon <\/strong>pela pole.<\/p>\n\n\n\n<p class=\"wp-block-paragraph\">O\u00a0<strong>GRANDE PR\u00caMIO<\/strong>\u00a0analisa todas as atividades da\u00a0<a href=\"https:\/\/www.grandepremio.com\/formula-1\/\" target=\"_blank\" rel=\"noreferrer noopener\"><strong>F\u00f3rmula 1<\/strong><\/a>\u00a0em M\u00f4naco no Briefing, programa que vai ao ar ap\u00f3s o segundo treino livre, a classifica\u00e7\u00e3o e a corrida principal, sempre no\u00a0<a href=\"https:\/\/www.youtube.com\/user\/sitegp\"><strong>canal do GP no YouTube<\/strong><\/a>. Al\u00e9m disso, o\u00a0<strong>GP<\/strong>\u00a0tamb\u00e9m comenta a defini\u00e7\u00e3o do grid e a corrida em segunda tela na parceria com a\u00a0<strong>Voz do Esporte<\/strong>. E\u00a0acompanha\u00a0<a href=\"https:\/\/www.grandepremio.com\/br\/ao-vivo\/\"><strong>AO VIVO<\/strong>\u00a0e\u00a0<strong>EM\u00a0<\/strong><\/a><strong><a href=\"https:\/\/www.grandepremio.com\/br\/ao-vivo\/\" target=\"_blank\" rel=\"noreferrer noopener\">TEMPO REAL<\/a><\/strong>\u00a0todas as atividades do GP de\u00a0<a href=\"https:\/\/www.grandepremio.com\/br\/circuito\/monaco\/\" target=\"_blank\" rel=\"noreferrer noopener\"><strong>M\u00f4naco<\/strong><\/a>. A largada est\u00e1 marcada para as 10h (de Bras\u00edlia).<\/p>\n\n\n\n<figure class=\"wp-block-embed is-type-video is-provider-youtube wp-block-embed-youtube wp-embed-aspect-16-9 wp-has-aspect-ratio\"><div class=\"wp-block-embed__wrapper\">\n<iframe loading=\"lazy\" title=\"\ud83d\udd34GP DE M\u00d4NACO AO VIVO: ACOMPANHE A F1 2023 NO GRANDE PR\u00caMIO\" width=\"500\" height=\"281\" src=\"https:\/\/www.youtube.com\/embed\/TyJKVHw3sF4?feature=oembed\" frameborder=\"0\" allow=\"accelerometer; autoplay; clipboard-write; encrypted-media; gyroscope; picture-in-picture; web-share\" referrerpolicy=\"strict-origin-when-cross-origin\" allowfullscreen><\/iframe>\n<\/div><figcaption>\ud83d\udd34F1 2023 AO VIVO: ACOMPANHE O GP DE M\u00d4NACO NO GRANDE PR\u00caMIO<\/figcaption><\/figure>\n","protected":false},"excerpt":{"rendered":"<p>O GP de M\u00f4naco da F\u00f3rmula 1 vai a cabo em domingo com bem menos sol \u00e0s vistas no c\u00e9u de Monte Carlo e chance at\u00e9 de chover<\/p>\n","protected":false},"author":0,"featured_media":1000686856,"comment_status":"closed","ping_status":"closed","sticky":false,"template":"","format":"standard","meta":{"42wp_featured_image_caption":"","42wp_featured_image_credits":"","42wp_featured_video":"","42wp_featured_image_hidden":false,"42wp_authors_list":[],"footnotes":""},"categories":[2],"tags":[33466,147,6533,180,30722,33465,28285,2140,764,33467],"42wp_author":[47120],"class_list":["post-102706","post","type-post","status-publish","format-standard","has-post-thumbnail","hentry","category-f1","tag-calendario-formula-1-2023","tag-f1","tag-f1-2023","tag-formula-1","tag-formula-1-2023","tag-formula-1-classificacao-2023","tag-grandepremio","tag-monaco","tag-monte-carlo","tag-onde-assistir-f1-2023","42wp_author-pedro-henrique-marum"],"_links":{"self":[{"href":"https:\/\/grandepremio.com\/br\/wp-json\/wp\/v2\/posts\/102706","targetHints":{"allow":["GET"]}}],"collection":[{"href":"https:\/\/grandepremio.com\/br\/wp-json\/wp\/v2\/posts"}],"about":[{"href":"https:\/\/grandepremio.com\/br\/wp-json\/wp\/v2\/types\/post"}],"replies":[{"embeddable":true,"href":"https:\/\/grandepremio.com\/br\/wp-json\/wp\/v2\/comments?post=102706"}],"version-history":[{"count":0,"href":"https:\/\/grandepremio.com\/br\/wp-json\/wp\/v2\/posts\/102706\/revisions"}],"wp:featuredmedia":[{"embeddable":true,"href":"https:\/\/grandepremio.com\/br\/wp-json\/wp\/v2\/media\/1000686856"}],"wp:attachment":[{"href":"https:\/\/grandepremio.com\/br\/wp-json\/wp\/v2\/media?parent=102706"}],"wp:term":[{"taxonomy":"category","embeddable":true,"href":"https:\/\/grandepremio.com\/br\/wp-json\/wp\/v2\/categories?post=102706"},{"taxonomy":"post_tag","embeddable":true,"href":"https:\/\/grandepremio.com\/br\/wp-json\/wp\/v2\/tags?post=102706"},{"taxonomy":"42wp_author","embeddable":true,"href":"https:\/\/grandepremio.com\/br\/wp-json\/wp\/v2\/42wp_author?post=102706"}],"curies":[{"name":"wp","href":"https:\/\/api.w.org\/{rel}","templated":true}]}}