{"id":10272,"date":"2026-04-05T04:15:00","date_gmt":"2026-04-05T07:15:00","guid":{"rendered":"https:\/\/grandepremio.com\/br\/noticias\/max-verstappen-exalta-pai-participacoes-rali-risco-nao-quero-assumir\/"},"modified":"2026-04-04T18:12:20","modified_gmt":"2026-04-04T21:12:20","slug":"max-verstappen-exalta-pai-participacoes-rali-risco-nao-quero-assumir","status":"publish","type":"post","link":"https:\/\/grandepremio.com\/br\/f1\/max-verstappen-exalta-pai-participacoes-rali-risco-nao-quero-assumir\/","title":{"rendered":"Verstappen exalta pai por participa\u00e7\u00f5es em rali: &#8220;Risco que n\u00e3o quero assumir&#8221;"},"content":{"rendered":"\n<p class=\"wp-block-paragraph\"><strong>Max Verstappen<\/strong> elogiou o desempenho do pai, <strong>Jos Verstappen<\/strong>, no rali, mas deixou claro que n\u00e3o pretende seguir o mesmo caminho fora da <strong>Formula 1<\/strong>. Segundo o tetracampe\u00e3o mundial, apesar de gostar de acompanhar provas da modalidade, os riscos s\u00e3o altos demais para considerar entrar na disputa no futuro.<\/p>\n\n\n\n<p class=\"wp-block-paragraph\">Jos, ex-piloto de F1, segue ativo no automobilismo e tem se dedicado ao rali nos \u00faltimos anos, frequentemente competindo contra advers\u00e1rios mais jovens \u2014 e, em muitos casos, levando a melhor. Max destacou justamente esse aspecto como um dos mais impressionantes na trajet\u00f3ria recente do pai.<\/p>\n\n\n\n<figure class=\"wp-block-embed is-type-video is-provider-youtube wp-block-embed-youtube wp-embed-aspect-16-9 wp-has-aspect-ratio\"><div class=\"wp-block-embed__wrapper\">\n<iframe loading=\"lazy\" title=\"ENDURANCE COMO ALTERNATIVA \u00c0 F1. E OS PILOTOS EM RISCO NA INDY | Sprint GP\" width=\"500\" height=\"281\" src=\"https:\/\/www.youtube.com\/embed\/Jpkm2KpUcPA?feature=oembed\" frameborder=\"0\" allow=\"accelerometer; autoplay; clipboard-write; encrypted-media; gyroscope; picture-in-picture; web-share\" referrerpolicy=\"strict-origin-when-cross-origin\" allowfullscreen><\/iframe>\n<\/div><\/figure>\n\n\n\n<h3 class=\"wp-block-heading\" id=\"h-gp-experience-o-novo-produto-do-grande-premio-conecta-voce-aos-maiores-eventos-de-esporte-a-motor-do-mundo-va-para-indianapolis-com-a-gente-saiba-aqui-todos-os-detalhes\"><strong><mark style=\"background-color:rgba(0, 0, 0, 0)\" class=\"has-inline-color has-vivid-red-color\">+ GP EXPERIENCE: o novo produto do GRANDE PR\u00caMIO conecta voc\u00ea aos maiores eventos de esporte a motor do mundo. V\u00e1 para Indian\u00e1polis com a gente:\u00a0<a href=\"https:\/\/gpexperience.tur.br\/\">saiba aqui todos os detalhes<\/a>.<\/mark><\/strong><\/h3>\n\n\n\n<p class=\"wp-block-paragraph\">&#8220;\u00c9 bem louco, para ser honesto. Tem mais de 50 anos e est\u00e1 correndo contra pilotos de 20 e poucos, 30 anos, e ainda consegue venc\u00ea-los em alguns campeonatos. \u00c9 muito bom e ama o que faz&#8221;, afirmou no podcast <em>Up To Speed<\/em>.<\/p>\n\n\n\n<p class=\"wp-block-paragraph\">&#8220;\u00c9 muito dif\u00edcil derrot\u00e1-lo. Quando vamos a um espa\u00e7o fechado para pilotar juntos, preciso dar tudo de mim para conseguir. Isso \u00e9 algo que realmente gosto&#8221;, seguiu.<\/p>\n\n\n\n<figure class=\"wp-block-image size-full\"><img decoding=\"async\" src=\"https:\/\/www.grandepremio.com\/br\/wp-content\/uploads\/2026\/03\/NLS-2026-MAX-VERSTAPPEN-NURBURGRING-JULES-GOUNON-MAX-VERSTAPPEN-DANIEL-JUNCADELLA-2.jpg\" alt=\"\" class=\"wp-image-1070345\"\/><figcaption class=\"wp-element-caption\">Verstappen tem se aventurado no endurance, mas n\u00e3o tem interesse em competir no rali (Foto: Mercedes)<\/figcaption><\/figure>\n\n\n\n<p class=\"wp-block-paragraph\">Apesar da admira\u00e7\u00e3o, Verstappen admitiu que n\u00e3o pretende migrar para o rali, principalmente por considerar o risco maior do que na F1, mesmo com toda a evolu\u00e7\u00e3o em seguran\u00e7a na principal categoria do automobilismo.<\/p>\n\n\n\n<p class=\"wp-block-paragraph\">&#8220;Vejo as imagens que ele me mostra e acho impressionante, \u00e9 bem legal. Mas se voc\u00ea comete um erro no rali e acerta uma \u00e1rvore, ela n\u00e3o vai sair do lugar. Esse \u00e9 o limite. \u00c9 um risco que n\u00e3o estou disposto a assumir&#8221;, disse.<\/p>\n\n\n\n<p class=\"wp-block-paragraph\">&#8220;Sei que parece besteira, mas na F1, na maioria das vezes, h\u00e1 barreiras projetadas para absorver impacto. \u00c9 diferente na minha cabe\u00e7a. Mas gosto de ver&#8221;, explicou.<\/p>\n\n\n\n<p class=\"wp-block-paragraph\">As falas v\u00eam em momento em que Verstappen avalia o futuro da carreira. Com a insatisfa\u00e7\u00e3o diante da dire\u00e7\u00e3o que a F1 tem seguido em termos t\u00e9cnicos, o neerland\u00eas n\u00e3o esconde que <a href=\"https:\/\/www.grandepremio.com\/br\/f1\/noticias\/max-verstappen-questiona-vale-pena-considera-deixar-f1-fim-temporada-2026\/\">j\u00e1 pensa em deixar a categoria ao final da atual temporada<\/a>.<\/p>\n\n\n\n<p class=\"wp-block-paragraph\">Em paralelo, a presen\u00e7a no endurance tem sido cada vez maior. Ap\u00f3s <a href=\"https:\/\/www.grandepremio.com\/br\/endurance\/noticias\/max-verstappen-toma-ponta-largada-vence-estreia-nurburgring-ferrari-31\/\">estrear de GT3 na <strong>N\u00fcrburgring Langstrecken-Series (NLS)<\/strong> em 2025<\/a>, o piloto a <strong>Red Bull<\/strong> <a href=\"https:\/\/www.grandepremio.com\/br\/endurance\/noticias\/max-verstappen-sofre-desclassificacao-tem-vitoria-tirada-etapa-nls-nurburgring\/\">j\u00e1 participou de uma etapa desta temporada<\/a> e <a href=\"https:\/\/www.grandepremio.com\/br\/endurance\/noticias\/max-verstappen-confirma-participacao-24-horas-de-nurburgring-2026\/\">tem presen\u00e7a confirmada nas <strong>24 Horas de N\u00fcrburgring<\/strong><\/a>. Al\u00e9m disso, <a href=\"https:\/\/www.grandepremio.com\/br\/endurance\/wec\/noticias\/max-verstappen-admite-desejo-competir-24h-le-mans-sebastian-vettel-mas-impoe-condicoes\/\">j\u00e1 admitiu interesse em disputar as <strong>24 Horas de Le Mans<\/strong><\/a> no futuro.<\/p>\n\n\n\n<p class=\"wp-block-paragraph\">A&nbsp;<strong>F\u00f3rmula 1<\/strong>&nbsp;agora entra em hiato ap\u00f3s a suspens\u00e3o dos GPs do&nbsp;<strong>Bahrein&nbsp;<\/strong>e da<strong>&nbsp;Ar\u00e1bia Saudita<\/strong>&nbsp;e retorna de 1\u00ba a 3 de maio com o&nbsp;<strong>GP de Miami<\/strong>.<\/p>\n\n\n\n<p class=\"wp-block-paragraph\">\u25b6\ufe0f\u00a0<strong>Inscreva-se nos dois canais do GRANDE PR\u00caMIO no YouTube:\u00a0<a href=\"https:\/\/www.youtube.com\/channel\/UC9OlHEgxoaY6QY6nWPoiqQg?sub_confirmation=1\">GP<\/a>\u00a0|\u00a0<a href=\"https:\/\/www.youtube.com\/channel\/UC9csiS6q_C3C0FYhyr1rnFA?sub_confirmation=1\">GPTV<\/a><\/strong><\/p>\n\n\n\n<h2 class=\"wp-block-heading\" id=\"h-f1-hoje-saiba-aqui-as-noticias-mais-importantes-do-dia-da-formula-1\"><strong>F1 hoje: saiba aqui as not\u00edcias mais importantes do dia da F\u00f3rmula 1<\/strong><\/h2>\n\n\n\n<p class=\"wp-block-paragraph\">A reda\u00e7\u00e3o do&nbsp;<strong>GRANDE PR\u00caMIO<\/strong>&nbsp;selecionou as not\u00edcias mais importantes das \u00faltimas horas para voc\u00ea ficar por dentro de tudo que acontece na F1.<\/p>\n\n\n\n<p class=\"wp-block-paragraph\"><strong>\u25b6\ufe0f <a href=\"https:\/\/www.grandepremio.com\/br\/f1\/noticias\/esteban-ocon-admite-carreira-decepcionante-formula-1-nao-alcancei-suficiente\/\">Ocon admite carreira \u201cdecepcionante\u201d na F\u00f3rmula 1: \u201cN\u00e3o alcancei o suficiente\u201d<\/a><br>\u25b6\ufe0f <a href=\"https:\/\/www.grandepremio.com\/br\/f1\/noticias\/andrea-kimi-antonelli-espera-ferrari-muito-mais-perto-concessoes-fia-carro-ja-rapido\/\">Antonelli espera Ferrari \u201cmuito mais perto\u201d com concess\u00f5es da FIA: \u201cCarro j\u00e1 \u00e9 r\u00e1pido\u201d<\/a><br>\u25b6\ufe0f <a href=\"https:\/\/www.grandepremio.com\/br\/f1\/noticias\/aston-martin-preve-passo-frentem-miami-apos-evolucao-motor-honda-japao\/\">Aston Martin prev\u00ea \u201cpasso \u00e0 frente\u201d em Miami ap\u00f3s evolu\u00e7\u00e3o do motor Honda no Jap\u00e3o<\/a><br>\u25b6\ufe0f <a href=\"https:\/\/www.grandepremio.com\/br\/f1\/noticias\/filha-michael-schumacher-explica-lidou-acidente-esqui-pai-precisava-fazer-algo\/\">Filha de Schumacher explica como lidou com acidente de esqui do pai: \u201cPrecisava fazer algo\u201d<\/a><br>\u25b6\ufe0f <a href=\"https:\/\/www.grandepremio.com\/br\/f1\/noticias\/liam-lawson-explica-classificacao-frustrante-f1-2026-maneira-estranha-pilotar\/\">Lawson explica classifica\u00e7\u00e3o \u201cfrustrante\u201d da F1 em 2026: \u201cManeira estranha de pilotar\u201d<\/a><\/strong><\/p>\n","protected":false},"excerpt":{"rendered":"<p>Max Verstappen exaltou talento e paix\u00e3o de pai Jos e disse que gosta de acompanhar provas de rali, mas que perigo elevado o faz descartar chance de competir na modalidade<\/p>\n","protected":false},"author":0,"featured_media":1000833518,"comment_status":"closed","ping_status":"closed","sticky":false,"template":"","format":"standard","meta":{"42wp_featured_image_caption":"","42wp_featured_image_credits":"","42wp_featured_video":"","42wp_featured_image_hidden":false,"42wp_authors_list":[],"footnotes":""},"categories":[2],"tags":[26271,5273,147,29516,29148,180,31425,28995,1491,28285,30840,2569,203,35129,31470],"42wp_author":[47164],"class_list":["post-10272","post","type-post","status-publish","format-standard","has-post-thumbnail","hentry","category-f1","tag-calendario-f1","tag-classificacao-f1","tag-f1","tag-f1-2026","tag-f1-hoje","tag-formula-1","tag-formula-1-2026","tag-formula-1-hoje","tag-grande-premio","tag-grandepremio","tag-horarios-f1","tag-jos-verstappen","tag-max-verstappen","tag-onde-assistir-f1","tag-temporada-2026-f1","42wp_author-marcos-gil-ribeiro"],"_links":{"self":[{"href":"https:\/\/grandepremio.com\/br\/wp-json\/wp\/v2\/posts\/10272","targetHints":{"allow":["GET"]}}],"collection":[{"href":"https:\/\/grandepremio.com\/br\/wp-json\/wp\/v2\/posts"}],"about":[{"href":"https:\/\/grandepremio.com\/br\/wp-json\/wp\/v2\/types\/post"}],"replies":[{"embeddable":true,"href":"https:\/\/grandepremio.com\/br\/wp-json\/wp\/v2\/comments?post=10272"}],"version-history":[{"count":0,"href":"https:\/\/grandepremio.com\/br\/wp-json\/wp\/v2\/posts\/10272\/revisions"}],"wp:featuredmedia":[{"embeddable":true,"href":"https:\/\/grandepremio.com\/br\/wp-json\/wp\/v2\/media\/1000833518"}],"wp:attachment":[{"href":"https:\/\/grandepremio.com\/br\/wp-json\/wp\/v2\/media?parent=10272"}],"wp:term":[{"taxonomy":"category","embeddable":true,"href":"https:\/\/grandepremio.com\/br\/wp-json\/wp\/v2\/categories?post=10272"},{"taxonomy":"post_tag","embeddable":true,"href":"https:\/\/grandepremio.com\/br\/wp-json\/wp\/v2\/tags?post=10272"},{"taxonomy":"42wp_author","embeddable":true,"href":"https:\/\/grandepremio.com\/br\/wp-json\/wp\/v2\/42wp_author?post=10272"}],"curies":[{"name":"wp","href":"https:\/\/api.w.org\/{rel}","templated":true}]}}