{"id":102737,"date":"2023-05-27T13:56:10","date_gmt":"2023-05-27T16:56:10","guid":{"rendered":"https:\/\/grandepremio.com\/br\/noticias\/de-ponta-a-ponta-franck-perera-leva-corrida-1-do-dtm-2023-em-oschersleben\/"},"modified":"2023-05-27T13:56:33","modified_gmt":"2023-05-27T16:56:33","slug":"de-ponta-a-ponta-franck-perera-leva-corrida-1-do-dtm-2023-em-oschersleben","status":"publish","type":"post","link":"https:\/\/grandepremio.com\/br\/dtm\/de-ponta-a-ponta-franck-perera-leva-corrida-1-do-dtm-2023-em-oschersleben\/","title":{"rendered":"De ponta a ponta, Perera leva corrida 1 do DTM 2023 em Oschersleben"},"content":{"rendered":"\n<p class=\"wp-block-paragraph\"><strong>Franck Perera<\/strong> venceu a corrida de abertura do <strong>DTM<\/strong> 2023, realizada em <strong>Oschersleben<\/strong>, na manh\u00e3 deste s\u00e1bado (27). O piloto da <strong>Lamborghini<\/strong> partiu da pole position, administrou o ritmo e sequer chegou a perder a lideran\u00e7a. <strong>Tim Heinemann<\/strong>, da <strong>Porsche<\/strong>, e <strong>Jack Aitken<\/strong>, da <strong>Ferrari<\/strong>, completaram o p\u00f3dio.<\/p>\n\n\n\n<p class=\"wp-block-paragraph\">No in\u00edcio da prova, o franc\u00eas teve uma largada limpa e sustentou a ponta sem muitas dificuldades. O companheiro de equipe na SSR, <strong>Mirko Bortolotti<\/strong>, tamb\u00e9m teve um bom come\u00e7o, assumiu a segunda coloca\u00e7\u00e3o que pertencia a Aitken, e mantinha uma dobradinha da f\u00e1brica italiana.<\/p>\n\n\n\n<p class=\"wp-block-paragraph\">Jack, inclusive, chegou a perder mais posi\u00e7\u00f5es. No primeiro giro, o brit\u00e2nico foi superado por <strong>Ricardo Feller<\/strong>, da <strong>Abt<\/strong>, e por Heinmann. As posi\u00e7\u00f5es foram mantidas at\u00e9 os pilotos come\u00e7arem a parar nos boxes, na altura da volta 23.<\/p>\n\n\n\n<figure class=\"wp-block-image size-large\"><img decoding=\"async\" src=\"https:\/\/www.grandepremio.com\/br\/wp-content\/uploads\/2023\/05\/Abertura-DTM-2023-corrida-1-Oschersleben-1024x683.jpg\" alt=\"Abertura DTM 2023 corrida 1 Oschersleben\" class=\"wp-image-686834\"\/><figcaption>Lamborghini chegou a sustentar as duas primeiras posi\u00e7\u00f5es no in\u00edcio da corrida (Foto: DTM)<\/figcaption><\/figure>\n\n\n\n<p class=\"wp-block-paragraph\">O l\u00edder Franck fez a troca dos pneus apenas na volta 27, e voltou para a pista 1s \u00e0 frente de Tim, que chegou \u00e0 segunda posi\u00e7\u00e3o depois de superar Aitken, Feller e Bortolotti na base da estrat\u00e9gia.<\/p>\n\n\n\n<p class=\"wp-block-paragraph\"><strong>\u25b6\ufe0f\u00a0Inscreva-se nos dois canais do GRANDE PR\u00caMIO no YouTube:\u00a0<a href=\"https:\/\/www.youtube.com\/channel\/UC9OlHEgxoaY6QY6nWPoiqQg?sub_confirmation=1\" target=\"_blank\" rel=\"noreferrer noopener\">GP<\/a>\u00a0|\u00a0<a href=\"https:\/\/www.youtube.com\/channel\/UC9csiS6q_C3C0FYhyr1rnFA?sub_confirmation=1\" target=\"_blank\" rel=\"noreferrer noopener\">GP2<\/a><\/strong><br><strong>\u25b6\ufe0f\u00a0<a href=\"https:\/\/www.twitch.tv\/grandepremio\" target=\"_blank\" rel=\"noreferrer noopener\">Conhe\u00e7a o canal do GRANDE PR\u00caMIO na Twitch clicando aqui!<\/a><\/strong><\/p>\n\n\n\n<p class=\"wp-block-paragraph\">Perera, no entanto, aliviou a press\u00e3o do rival assim que atingiu a temperatura ideal dos pneus. Assim, abriu uma vantagem de cerca de 4s e venceu. Heinemann e Aitken, ap\u00f3s uma prova de recupera\u00e7\u00e3o, completaram o p\u00f3dio.<\/p>\n\n\n\n<p class=\"wp-block-paragraph\">Feller, <strong>Rene Rast<\/strong>, <strong>Kelvin van der Linde<\/strong>, <strong>Laurin Heinrich<\/strong>, Bortolotti, <strong>Christian Engelhart<\/strong> e <strong>Dennis Olsen<\/strong> fecharam o top-10. <strong>Thomas Preining<\/strong>, <strong>Clemens Schmid<\/strong>, <strong>Maro Engel<\/strong>, <strong>Jusuf Owega<\/strong> e <strong>Emil Frey<\/strong> foram os outros cinco que pontuaram na corrida. <\/p>\n\n\n\n<p class=\"wp-block-paragraph\">A segunda prova do fim de semana acontece neste domingo (28), com largada \u00e0s 8h15 (hor\u00e1rio de Bras\u00edlia).<\/p>\n","protected":false},"excerpt":{"rendered":"<p>Franck Pereira cravou a pole position na primeira corrida do ano no DTM, e precisou apenas administrar o ritmo para vencer de forma tranquila em Oschersleben<\/p>\n","protected":false},"author":0,"featured_media":1000686832,"comment_status":"closed","ping_status":"closed","sticky":false,"template":"","format":"standard","meta":{"42wp_featured_image_caption":"","42wp_featured_image_credits":"","42wp_featured_video":"","42wp_featured_image_hidden":false,"42wp_authors_list":[],"footnotes":""},"categories":[13],"tags":[412,207,1491,28285,342,29379,4920,736,31787],"42wp_author":[47149],"class_list":["post-102737","post","type-post","status-publish","format-standard","has-post-thumbnail","hentry","category-dtm","tag-dtm","tag-ferrari","tag-grande-premio","tag-grandepremio","tag-jack-aitken","tag-mirko-bortolotti","tag-oschersleben","tag-porsche","tag-ricardo-feller","42wp_author-bernardo-castro"],"_links":{"self":[{"href":"https:\/\/grandepremio.com\/br\/wp-json\/wp\/v2\/posts\/102737","targetHints":{"allow":["GET"]}}],"collection":[{"href":"https:\/\/grandepremio.com\/br\/wp-json\/wp\/v2\/posts"}],"about":[{"href":"https:\/\/grandepremio.com\/br\/wp-json\/wp\/v2\/types\/post"}],"replies":[{"embeddable":true,"href":"https:\/\/grandepremio.com\/br\/wp-json\/wp\/v2\/comments?post=102737"}],"version-history":[{"count":0,"href":"https:\/\/grandepremio.com\/br\/wp-json\/wp\/v2\/posts\/102737\/revisions"}],"wp:featuredmedia":[{"embeddable":true,"href":"https:\/\/grandepremio.com\/br\/wp-json\/wp\/v2\/media\/1000686832"}],"wp:attachment":[{"href":"https:\/\/grandepremio.com\/br\/wp-json\/wp\/v2\/media?parent=102737"}],"wp:term":[{"taxonomy":"category","embeddable":true,"href":"https:\/\/grandepremio.com\/br\/wp-json\/wp\/v2\/categories?post=102737"},{"taxonomy":"post_tag","embeddable":true,"href":"https:\/\/grandepremio.com\/br\/wp-json\/wp\/v2\/tags?post=102737"},{"taxonomy":"42wp_author","embeddable":true,"href":"https:\/\/grandepremio.com\/br\/wp-json\/wp\/v2\/42wp_author?post=102737"}],"curies":[{"name":"wp","href":"https:\/\/api.w.org\/{rel}","templated":true}]}}