{"id":102744,"date":"2023-05-27T12:51:30","date_gmt":"2023-05-27T15:51:30","guid":{"rendered":"https:\/\/grandepremio.com\/br\/noticias\/2o-fernando-alonso-conta-largada-bater-max-verstappen-monaco-ele-inconsistente\/"},"modified":"2023-05-27T12:52:19","modified_gmt":"2023-05-27T15:52:19","slug":"2o-fernando-alonso-conta-largada-bater-max-verstappen-monaco-ele-inconsistente","status":"publish","type":"post","link":"https:\/\/grandepremio.com\/br\/f1\/2o-fernando-alonso-conta-largada-bater-max-verstappen-monaco-ele-inconsistente\/","title":{"rendered":"2\u00ba, Alonso conta com largada para bater Verstappen em M\u00f4naco: &#8220;Ele \u00e9 inconsistente&#8221;"},"content":{"rendered":"\n<p class=\"wp-block-paragraph\">Apenas <a href=\"https:\/\/www.grandepremio.com\/br\/f1\/noticias\/max-verstappen-faz-meio-gol-conquista-pole-gp-de-monaco-formula-1-sergio-perez-bate-ultimo\/\" class=\"ek-link\">0s084 de diferen\u00e7a para sair na pole-position<\/a> novamente depois de 11 anos. Neste s\u00e1bado (27), <strong>Fernando Alonso<\/strong> deu sequ\u00eancia \u00e0 sua grande temporada na F1 e foi um dos protagonistas da bela disputa na classifica\u00e7\u00e3o para o<strong> GP de M\u00f4naco<\/strong>.<\/p>\n\n\n\n<p class=\"wp-block-paragraph\">O veterano da <strong>Aston Martin <\/strong>desfruta demais deste 2023 e prova, corrida ap\u00f3s corrida, que est\u00e1 cada vez mais em forma. &#8220;Eu me sinto bem, largar na primeira fila, para n\u00f3s, \u00e9 super importante. Tudo pode acontecer na curva um&#8221;, falou em entrevista ap\u00f3s a classifica\u00e7\u00e3o.<\/p>\n\n\n\n<p class=\"wp-block-paragraph\">Fernando analisou a performance do <strong>AMR23<\/strong> neste treino e detalhou o que ficou faltando para sair na posi\u00e7\u00e3o de honra em <strong>Monte Carlo<\/strong>. &#8220;Obviamente, a pole-position significa muito por aqui, mas <strong>Max [Verstappen]<\/strong> foi mais r\u00e1pido, o que \u00e9 uma pena. Nosso \u00faltimo setor parecia ser o ponto mais fraco na pista&#8221;.<\/p>\n\n\n\n<figure class=\"wp-block-image size-large\"><img decoding=\"async\" src=\"https:\/\/www.grandepremio.com\/br\/wp-content\/uploads\/2023\/05\/f1-2023-monaco-classificacao-astonmartin-fernandoalonso-afp-02-1024x683.jpg\" alt=\"\" class=\"wp-image-686868\"\/><figcaption>Alonso vai largar em segundo no GP de M\u00f4naco (Foto: AFP)<\/figcaption><\/figure>\n\n\n\n<p class=\"wp-block-paragraph\">Em excelente fase, Alonso quer, enfim, a primeira vit\u00f3ria pela equipe brit\u00e2nica e chegar ao seu 33\u00ba triunfo na carreira. Para isso, conta com um erro do l\u00edder da temporada na largada, o que, na sua vis\u00e3o, \u00e9 perfeitamente poss\u00edvel de acontecer.<\/p>\n\n\n\n<p class=\"wp-block-paragraph\"><strong>\u25b6\ufe0f\u00a0Inscreva-se nos dois canais do GRANDE PR\u00caMIO no YouTube:\u00a0<a href=\"https:\/\/www.youtube.com\/channel\/UC9OlHEgxoaY6QY6nWPoiqQg?sub_confirmation=1\" target=\"_blank\" rel=\"noreferrer noopener\">GP<\/a>\u00a0|\u00a0<a href=\"https:\/\/www.youtube.com\/channel\/UC9csiS6q_C3C0FYhyr1rnFA?sub_confirmation=1\" target=\"_blank\" rel=\"noreferrer noopener\">GP2<\/a><\/strong><br><strong>\u25b6\ufe0f\u00a0<a href=\"https:\/\/www.twitch.tv\/grandepremio\" target=\"_blank\" rel=\"noreferrer noopener\">Conhe\u00e7a o canal do GRANDE PR\u00caMIO na Twitch clicando aqui!<\/a><\/strong><\/p>\n\n\n\n<p class=\"wp-block-paragraph\">&#8220;Vamos ver o que podemos fazer em termos de estrat\u00e9gia, normalmente largamos bem. Ele [Verstappen] \u00e9 um pouco inconsistente, quem sabe tenha uma daquelas largadas ruins amanh\u00e3. Vamos tentar vencer&#8221;, completou o bicampe\u00e3o mundial.<\/p>\n\n\n\n<p class=\"wp-block-paragraph\">O\u00a0<strong>GRANDE PR\u00caMIO<\/strong>\u00a0analisa todas as atividades da\u00a0<a href=\"https:\/\/www.grandepremio.com\/formula-1\/\" target=\"_blank\" rel=\"noreferrer noopener\"><strong>F\u00f3rmula 1<\/strong><\/a>\u00a0em M\u00f4naco no Briefing, programa que vai ao ar ap\u00f3s o segundo treino livre, a classifica\u00e7\u00e3o e a corrida principal, sempre no\u00a0<a href=\"https:\/\/www.youtube.com\/user\/sitegp\"><strong>canal do GP no YouTube<\/strong><\/a>. Al\u00e9m disso, o\u00a0<strong>GP<\/strong>\u00a0tamb\u00e9m comenta a defini\u00e7\u00e3o do grid e a corrida em segunda tela na parceria com a\u00a0<strong>Voz do Esporte<\/strong>. E\u00a0acompanha\u00a0<a href=\"https:\/\/www.grandepremio.com\/br\/ao-vivo\/\"><strong>AO VIVO<\/strong>\u00a0e\u00a0<strong>EM\u00a0<\/strong><\/a><strong><a href=\"https:\/\/www.grandepremio.com\/br\/ao-vivo\/\" target=\"_blank\" rel=\"noreferrer noopener\">TEMPO REAL<\/a><\/strong>\u00a0todas as atividades do GP de\u00a0<a href=\"https:\/\/www.grandepremio.com\/br\/circuito\/monaco\/\" target=\"_blank\" rel=\"noreferrer noopener\"><strong>M\u00f4naco<\/strong><\/a>. Logo mais, a largada est\u00e1 marcada para as 10h (de Bras\u00edlia, GMT-3).<\/p>\n","protected":false},"excerpt":{"rendered":"<p>Por muito pouco, o espanhol da Aston Martin n\u00e3o voltou \u00e0 pole-position na F1 depois de onze anos. Agora, vai apostar todas as fichas na curva 1 em M\u00f4naco para, enfim, conquistar a vit\u00f3ria 33 na carreira<\/p>\n","protected":false},"author":0,"featured_media":1000686780,"comment_status":"closed","ping_status":"closed","sticky":false,"template":"","format":"standard","meta":{"42wp_featured_image_caption":"","42wp_featured_image_credits":"","42wp_featured_video":"","42wp_featured_image_hidden":false,"42wp_authors_list":[],"footnotes":""},"categories":[2],"tags":[33218,309,6533,176,180,30722,203,2140,764,204],"42wp_author":[47128],"class_list":["post-102744","post","type-post","status-publish","format-standard","has-post-thumbnail","hentry","category-f1","tag-amr23","tag-aston-martin","tag-f1-2023","tag-fernando-alonso","tag-formula-1","tag-formula-1-2023","tag-max-verstappen","tag-monaco","tag-monte-carlo","tag-red-bull","42wp_author-guilherme-bloisi"],"_links":{"self":[{"href":"https:\/\/grandepremio.com\/br\/wp-json\/wp\/v2\/posts\/102744","targetHints":{"allow":["GET"]}}],"collection":[{"href":"https:\/\/grandepremio.com\/br\/wp-json\/wp\/v2\/posts"}],"about":[{"href":"https:\/\/grandepremio.com\/br\/wp-json\/wp\/v2\/types\/post"}],"replies":[{"embeddable":true,"href":"https:\/\/grandepremio.com\/br\/wp-json\/wp\/v2\/comments?post=102744"}],"version-history":[{"count":0,"href":"https:\/\/grandepremio.com\/br\/wp-json\/wp\/v2\/posts\/102744\/revisions"}],"wp:featuredmedia":[{"embeddable":true,"href":"https:\/\/grandepremio.com\/br\/wp-json\/wp\/v2\/media\/1000686780"}],"wp:attachment":[{"href":"https:\/\/grandepremio.com\/br\/wp-json\/wp\/v2\/media?parent=102744"}],"wp:term":[{"taxonomy":"category","embeddable":true,"href":"https:\/\/grandepremio.com\/br\/wp-json\/wp\/v2\/categories?post=102744"},{"taxonomy":"post_tag","embeddable":true,"href":"https:\/\/grandepremio.com\/br\/wp-json\/wp\/v2\/tags?post=102744"},{"taxonomy":"42wp_author","embeddable":true,"href":"https:\/\/grandepremio.com\/br\/wp-json\/wp\/v2\/42wp_author?post=102744"}],"curies":[{"name":"wp","href":"https:\/\/api.w.org\/{rel}","templated":true}]}}