{"id":102745,"date":"2023-05-27T12:34:04","date_gmt":"2023-05-27T15:34:04","guid":{"rendered":"https:\/\/grandepremio.com\/br\/noticias\/max-verstappen-celebra-pole-saida-cartola-monaco-bati-muro-duas-vezes\/"},"modified":"2023-05-27T12:36:54","modified_gmt":"2023-05-27T15:36:54","slug":"max-verstappen-celebra-pole-saida-cartola-monaco-bati-muro-duas-vezes","status":"publish","type":"post","link":"https:\/\/grandepremio.com\/br\/f1\/max-verstappen-celebra-pole-saida-cartola-monaco-bati-muro-duas-vezes\/","title":{"rendered":"Verstappen celebra pole sa\u00edda \u201cda cartola\u201d em M\u00f4naco: \u201cBati no muro duas vezes\u201d"},"content":{"rendered":"\n<p class=\"wp-block-paragraph\"><strong>Max Verstappen<\/strong> colocou \u00e1gua na cava espanhola. Com uma performance impec\u00e1vel no \u00faltimo setor de <strong>M\u00f4naco<\/strong>, o <a href=\"https:\/\/www.grandepremio.com\/br\/f1\/noticias\/max-verstappen-faz-meio-gol-conquista-pole-gp-de-monaco-formula-1-sergio-perez-bate-ultimo\/\" class=\"ek-link\">piloto da <strong>Red Bull<\/strong> bateu <strong>Fernando Alonso <\/strong>na classifica\u00e7\u00e3o deste s\u00e1bado (27) por s\u00f3 0s084 e assegurou a 23\u00aa pole-position da carreira<\/a>.<\/p>\n\n\n\n<p class=\"wp-block-paragraph\">A sess\u00e3o vespertina em <strong>Monte Carlo <\/strong>foi de muitas emo\u00e7\u00f5es. <strong>Esteban Ocon <\/strong>chegou a aparecer na posi\u00e7\u00e3o de honra, mas era Alonso quem ocupava o melhor tempo no minuto final da sess\u00e3o. \u00daltimo a partir para a volta lan\u00e7ada, Max fez as duas primeiras parciais verdes e foi para o trecho final com cerca de 0s2 de atraso para o l\u00edder.<\/p>\n\n\n\n<figure class=\"wp-block-image size-large\"><img decoding=\"async\" src=\"https:\/\/www.grandepremio.com\/br\/wp-content\/uploads\/2023\/05\/f1-2023-monaco-treinos-livres-redbull-maxverstappen-03-2-1024x683.jpg\" alt=\"\" class=\"wp-image-686823\"\/><figcaption>Max Verstappen faturou a pole do GP de M\u00f4naco (Foto: Red Bull Content Pool)<\/figcaption><\/figure>\n\n\n\n<p class=\"wp-block-paragraph\"><strong>\u25b6\ufe0f\u00a0Inscreva-se nos dois canais do GRANDE PR\u00caMIO no YouTube:\u00a0<a href=\"https:\/\/www.youtube.com\/channel\/UC9OlHEgxoaY6QY6nWPoiqQg?sub_confirmation=1\" target=\"_blank\" rel=\"noreferrer noopener\">GP<\/a>\u00a0|\u00a0<a href=\"https:\/\/www.youtube.com\/channel\/UC9csiS6q_C3C0FYhyr1rnFA?sub_confirmation=1\" target=\"_blank\" rel=\"noreferrer noopener\">GP2<\/a><\/strong><br><strong>\u25b6\ufe0f\u00a0<a href=\"https:\/\/www.twitch.tv\/grandepremio\" target=\"_blank\" rel=\"noreferrer noopener\">Conhe\u00e7a o canal do GRANDE PR\u00caMIO na Twitch clicando aqui!<\/a><\/strong><\/p>\n\n\n\n<p class=\"wp-block-paragraph\">Na parcial final da pista, por\u00e9m, o rubro-taurino voou e desbancou Alonso, mesmo com direito a um toque no muro.<\/p>\n\n\n\n<p class=\"wp-block-paragraph\">\u201cMeu Deus, bati no muro duas vezes\u201d, disse Verstappen ainda no r\u00e1dio. \u201cPrecisamos tirar essa da cartola, mas foi muito lindo\u201d, comemorou.<\/p>\n\n\n\n<p class=\"wp-block-paragraph\">Chefe da <strong>Red Bull<\/strong>, <strong>Christian Horner <\/strong>tamb\u00e9m correu para elogiar o l\u00edder do Mundial.<\/p>\n\n\n\n<p class=\"wp-block-paragraph\">\u201cIsso foi forte\u201d, elogiou. \u201cQue \u00faltimo setor!\u201d, destacou.<\/p>\n\n\n\n<p class=\"wp-block-paragraph\">J\u00e1 fora do carro, o bicampe\u00e3o da F\u00f3rmula 1, que vai sair na pole em M\u00f4naco pela primeira vez, celebrou o feito, mas alertou para os imprevistos que normalmente marcam a disputa monegasca.<\/p>\n\n\n\n<p class=\"wp-block-paragraph\">\u201cEstou muito feliz. Sab\u00edamos que seria uma luta para colocar tudo no lugar\u201d, declarou. \u201cOntem n\u00e3o foi o melhor in\u00edcio, mas n\u00f3s seguimos melhorando e sendo melhores\u201d, continuou.<\/p>\n\n\n\n<p class=\"wp-block-paragraph\">\u201cNa classifica\u00e7\u00e3o, voc\u00ea precisa sair e arriscar tudo. Meu primeiro setor n\u00e3o foi o ideal a \u00faltima volta, fui um pouco cauteloso, mas sabia que estava atr\u00e1s, ent\u00e3o dei tudo que tinha no \u00faltimo setor, atingi algumas carreiras e fiquei muito feliz em estar na pole aqui pela primeira vez\u201d, comemorou. \u201cPrecisamos de uma largada limpa. \u00c9 um trecho curto at\u00e9 a curva 1. Em M\u00f4naco, tudo pode acontecer: um safety-car, a chuva, o que quer que seja. Sempre tem um pouco de caos envolvido\u201d, previu.<\/p>\n\n\n\n<p class=\"wp-block-paragraph\">Ainda assim, Max destacou que tem um bom ritmo para a corrida de domingo.<\/p>\n\n\n\n<p class=\"wp-block-paragraph\">\u201cEm termos de ritmo de corrida, o carro \u00e9 r\u00e1pido, ent\u00e3o isso n\u00e3o \u00e9 um problema\u201d, avisou. \u201cS\u00f3 precisamos manter tudo limpo e claro\u201d, encerrou.<\/p>\n\n\n\n<p class=\"wp-block-paragraph\">O\u00a0<strong>GRANDE PR\u00caMIO<\/strong>\u00a0analisa todas as atividades da\u00a0<a href=\"https:\/\/www.grandepremio.com\/formula-1\/\" target=\"_blank\" rel=\"noreferrer noopener\"><strong>F\u00f3rmula 1<\/strong><\/a>\u00a0em M\u00f4naco no Briefing, programa que vai ao ar ap\u00f3s o segundo treino livre, a classifica\u00e7\u00e3o e a corrida principal, sempre no\u00a0<a href=\"https:\/\/www.youtube.com\/user\/sitegp\"><strong>canal do GP no YouTube<\/strong><\/a>. Al\u00e9m disso, o\u00a0<strong>GP<\/strong>\u00a0tamb\u00e9m comenta a defini\u00e7\u00e3o do grid e a corrida em segunda tela na parceria com a\u00a0<strong>Voz do Esporte<\/strong>. E\u00a0acompanha\u00a0<a href=\"https:\/\/www.grandepremio.com\/br\/ao-vivo\/\"><strong>AO VIVO<\/strong>\u00a0e\u00a0<strong>EM\u00a0<\/strong><\/a><strong><a href=\"https:\/\/www.grandepremio.com\/br\/ao-vivo\/\" target=\"_blank\" rel=\"noreferrer noopener\">TEMPO REAL<\/a><\/strong>\u00a0todas as atividades do GP de\u00a0<a href=\"https:\/\/www.grandepremio.com\/br\/circuito\/monaco\/\" target=\"_blank\" rel=\"noreferrer noopener\"><strong>M\u00f4naco<\/strong><\/a>. Logo mais, a largada est\u00e1 marcada para as 10h (de Bras\u00edlia, GMT-3).<\/p>\n\n\n\n<figure class=\"wp-block-embed is-type-video is-provider-youtube wp-block-embed-youtube wp-embed-aspect-16-9 wp-has-aspect-ratio\"><div class=\"wp-block-embed__wrapper\">\n<iframe loading=\"lazy\" title=\"\ud83d\udd34F1 2023 EM M\u00d4NACO: VERSTAPPEN VOA E BATE ALONSO PELA POLE | Briefing\" width=\"500\" height=\"281\" src=\"https:\/\/www.youtube.com\/embed\/cyEoTeA_7mk?feature=oembed\" frameborder=\"0\" allow=\"accelerometer; autoplay; clipboard-write; encrypted-media; gyroscope; picture-in-picture; web-share\" referrerpolicy=\"strict-origin-when-cross-origin\" allowfullscreen><\/iframe>\n<\/div><\/figure>\n","protected":false},"excerpt":{"rendered":"<p>Muito r\u00e1pido na \u00faltima parcial de M\u00f4naco, Max Verstappen celebrou a primeira pole da carreira na F\u00f3rmula 1 no tra\u00e7ado, mas alertou para os imprevistos que costumam marcar a corrida<\/p>\n","protected":false},"author":0,"featured_media":1000686888,"comment_status":"closed","ping_status":"closed","sticky":false,"template":"","format":"standard","meta":{"42wp_featured_image_caption":"","42wp_featured_image_credits":"","42wp_featured_video":"","42wp_featured_image_hidden":false,"42wp_authors_list":[],"footnotes":""},"categories":[2],"tags":[33466,147,6533,180,30722,33465,28285,203,2140,764,33467,204],"42wp_author":[47113],"class_list":["post-102745","post","type-post","status-publish","format-standard","has-post-thumbnail","hentry","category-f1","tag-calendario-formula-1-2023","tag-f1","tag-f1-2023","tag-formula-1","tag-formula-1-2023","tag-formula-1-classificacao-2023","tag-grandepremio","tag-max-verstappen","tag-monaco","tag-monte-carlo","tag-onde-assistir-f1-2023","tag-red-bull","42wp_author-juliana-tesser"],"_links":{"self":[{"href":"https:\/\/grandepremio.com\/br\/wp-json\/wp\/v2\/posts\/102745","targetHints":{"allow":["GET"]}}],"collection":[{"href":"https:\/\/grandepremio.com\/br\/wp-json\/wp\/v2\/posts"}],"about":[{"href":"https:\/\/grandepremio.com\/br\/wp-json\/wp\/v2\/types\/post"}],"replies":[{"embeddable":true,"href":"https:\/\/grandepremio.com\/br\/wp-json\/wp\/v2\/comments?post=102745"}],"version-history":[{"count":0,"href":"https:\/\/grandepremio.com\/br\/wp-json\/wp\/v2\/posts\/102745\/revisions"}],"wp:featuredmedia":[{"embeddable":true,"href":"https:\/\/grandepremio.com\/br\/wp-json\/wp\/v2\/media\/1000686888"}],"wp:attachment":[{"href":"https:\/\/grandepremio.com\/br\/wp-json\/wp\/v2\/media?parent=102745"}],"wp:term":[{"taxonomy":"category","embeddable":true,"href":"https:\/\/grandepremio.com\/br\/wp-json\/wp\/v2\/categories?post=102745"},{"taxonomy":"post_tag","embeddable":true,"href":"https:\/\/grandepremio.com\/br\/wp-json\/wp\/v2\/tags?post=102745"},{"taxonomy":"42wp_author","embeddable":true,"href":"https:\/\/grandepremio.com\/br\/wp-json\/wp\/v2\/42wp_author?post=102745"}],"curies":[{"name":"wp","href":"https:\/\/api.w.org\/{rel}","templated":true}]}}