{"id":102751,"date":"2023-05-27T08:45:53","date_gmt":"2023-05-27T11:45:53","guid":{"rendered":"https:\/\/grandepremio.com\/br\/noticias\/lewis-hamilton-bate-mirabeau-antecipa-fim-terceiro-treino-formula-1-monaco\/"},"modified":"2023-05-27T09:13:10","modified_gmt":"2023-05-27T12:13:10","slug":"lewis-hamilton-bate-mirabeau-antecipa-fim-terceiro-treino-formula-1-monaco","status":"publish","type":"post","link":"https:\/\/grandepremio.com\/br\/f1\/lewis-hamilton-bate-mirabeau-antecipa-fim-terceiro-treino-formula-1-monaco\/","title":{"rendered":"Hamilton bate na Mirabeau e antecipa fim do terceiro treino da F\u00f3rmula 1 em M\u00f4naco"},"content":{"rendered":"\n<p class=\"wp-block-paragraph\">O terceiro treino livre da <strong>F\u00f3rmula 1<\/strong> teve o final antecipado. Restando apenas poucos minutos para o final da atividade desta manh\u00e3 de s\u00e1bado (27), <strong>Lewis Hamilton <\/strong>bateu na <strong>Mirabeau <\/strong>e provou uma bandeira vermelha.<\/p>\n\n\n\n<p class=\"wp-block-paragraph\">A reta final do treino, ali\u00e1s, foi muito tumultuada. <strong>Kevin Magnussen <\/strong>perdeu o ponto de freada na <strong>Sainte-D\u00e9vote<\/strong>, mas conseguiu manobrar para voltar \u00e0 pista. Logo em seguida, por\u00e9m, a <strong>Haas <\/strong>mandou o piloto parar.<\/p>\n\n\n\n<figure class=\"wp-block-image size-full\"><img decoding=\"async\" src=\"https:\/\/www.grandepremio.com\/br\/wp-content\/uploads\/2023\/05\/f1-2023-monaco-treinos-livres-mercedes-lewishamilton-05-1.png\" alt=\"\" class=\"wp-image-686659\"\/><figcaption>Lewis Hamilton bateu na reta final do treino (Foto: Reprodu\u00e7\u00e3o\/F1)<\/figcaption><\/figure>\n\n\n\n<p class=\"wp-block-paragraph\"><strong>\u25b6\ufe0f&nbsp;Inscreva-se nos dois canais do GRANDE PR\u00caMIO no YouTube:&nbsp;<a href=\"https:\/\/www.youtube.com\/channel\/UC9OlHEgxoaY6QY6nWPoiqQg?sub_confirmation=1\" target=\"_blank\" rel=\"noreferrer noopener\">GP<\/a>&nbsp;|&nbsp;<a href=\"https:\/\/www.youtube.com\/channel\/UC9csiS6q_C3C0FYhyr1rnFA?sub_confirmation=1\" target=\"_blank\" rel=\"noreferrer noopener\">GP2<\/a><\/strong><br><strong>\u25b6\ufe0f&nbsp;<a href=\"https:\/\/www.twitch.tv\/grandepremio\" target=\"_blank\" rel=\"noreferrer noopener\">Conhe\u00e7a o canal do GRANDE PR\u00caMIO na Twitch clicando aqui!<\/a><\/strong><\/p>\n\n\n\n<p class=\"wp-block-paragraph\">Ainda assim, a sess\u00e3o seguiu adiante, mas apenas por pouco tempo. Faltando pouco menos de 6 minutos para o encerramento do TL3, o <strong>heptacampe\u00e3o <\/strong>da <strong>F1 <\/strong>perdeu o controle e bateu de frente na Mirabeau.<\/p>\n\n\n\n<p class=\"wp-block-paragraph\">A bandeira vermelha foi imediatamente acionada e, com o pouco tempo restante, n\u00e3o foi mais retomada. <a href=\"https:\/\/www.grandepremio.com\/br\/f1\/noticias\/max-verstappen-reitera-forca-lidera-1-2-red-bull-tl3-formula-1-monaco-lewis-hamilton-bate\/\" class=\"ek-link\"><strong>Max Verstappen<\/strong> ficou com o melhor tempo<\/a>, diante de <strong>Sergio P\u00e9rez<\/strong>.<\/p>\n\n\n\n<p class=\"wp-block-paragraph\">O\u00a0<strong>GRANDE PR\u00caMIO<\/strong>\u00a0analisa todas as atividades da\u00a0<a href=\"https:\/\/www.grandepremio.com\/formula-1\/\" target=\"_blank\" rel=\"noreferrer noopener\"><strong>F\u00f3rmula 1<\/strong><\/a>\u00a0em M\u00f4naco no Briefing, programa que vai ao ar ap\u00f3s o segundo treino livre, a classifica\u00e7\u00e3o e a corrida principal, sempre no\u00a0<a href=\"https:\/\/www.youtube.com\/user\/sitegp\"><strong>canal do GP no YouTube<\/strong><\/a>. Al\u00e9m disso, o\u00a0<strong>GP<\/strong>\u00a0tamb\u00e9m comenta a defini\u00e7\u00e3o do grid e a corrida em segunda tela na parceria com a\u00a0<strong>Voz do Esporte<\/strong>. E\u00a0acompanha\u00a0<a href=\"https:\/\/www.grandepremio.com\/br\/ao-vivo\/\"><strong>AO VIVO<\/strong>\u00a0e\u00a0<strong>EM\u00a0<\/strong><\/a><strong><a href=\"https:\/\/www.grandepremio.com\/br\/ao-vivo\/\" target=\"_blank\" rel=\"noreferrer noopener\">TEMPO REAL<\/a><\/strong>\u00a0todas as atividades do GP de\u00a0<a href=\"https:\/\/www.grandepremio.com\/br\/circuito\/monaco\/\" target=\"_blank\" rel=\"noreferrer noopener\"><strong>M\u00f4naco<\/strong><\/a>. Logo mais, a classifica\u00e7\u00e3o est\u00e1 marcada para as 11h (de Bras\u00edlia, GMT-3).<\/p>\n\n\n\n<figure class=\"wp-block-embed is-type-video is-provider-youtube wp-block-embed-youtube wp-embed-aspect-16-9 wp-has-aspect-ratio\"><div class=\"wp-block-embed__wrapper\">\n<iframe loading=\"lazy\" title=\"\ud83d\udd34TREINOS F1 2023 EM M\u00d4NACO HOJE: VERSTAPPEN 1\u00ba, SAINZ NO MURO | Briefing\" width=\"500\" height=\"281\" src=\"https:\/\/www.youtube.com\/embed\/6cLkDC0fcD4?feature=oembed\" frameborder=\"0\" allow=\"accelerometer; autoplay; clipboard-write; encrypted-media; gyroscope; picture-in-picture; web-share\" referrerpolicy=\"strict-origin-when-cross-origin\" allowfullscreen><\/iframe>\n<\/div><\/figure>\n","protected":false},"excerpt":{"rendered":"<p>Restando apenas poucos minutos para o fim do treceiro treino livre do GP de M\u00f4naco, Lewis Hamilton bateu no muro da Mirabeau e fez com que a sess\u00e3o fosse encerrada em bandeira vermelha<\/p>\n","protected":false},"author":0,"featured_media":1000686658,"comment_status":"closed","ping_status":"closed","sticky":false,"template":"","format":"standard","meta":{"42wp_featured_image_caption":"","42wp_featured_image_credits":"","42wp_featured_video":"","42wp_featured_image_hidden":false,"42wp_authors_list":[],"footnotes":""},"categories":[2],"tags":[147,6533,180,30722,33465,28285,87,2140,764,33467],"42wp_author":[47113],"class_list":["post-102751","post","type-post","status-publish","format-standard","has-post-thumbnail","hentry","category-f1","tag-f1","tag-f1-2023","tag-formula-1","tag-formula-1-2023","tag-formula-1-classificacao-2023","tag-grandepremio","tag-lewis-hamilton","tag-monaco","tag-monte-carlo","tag-onde-assistir-f1-2023","42wp_author-juliana-tesser"],"_links":{"self":[{"href":"https:\/\/grandepremio.com\/br\/wp-json\/wp\/v2\/posts\/102751","targetHints":{"allow":["GET"]}}],"collection":[{"href":"https:\/\/grandepremio.com\/br\/wp-json\/wp\/v2\/posts"}],"about":[{"href":"https:\/\/grandepremio.com\/br\/wp-json\/wp\/v2\/types\/post"}],"replies":[{"embeddable":true,"href":"https:\/\/grandepremio.com\/br\/wp-json\/wp\/v2\/comments?post=102751"}],"version-history":[{"count":0,"href":"https:\/\/grandepremio.com\/br\/wp-json\/wp\/v2\/posts\/102751\/revisions"}],"wp:featuredmedia":[{"embeddable":true,"href":"https:\/\/grandepremio.com\/br\/wp-json\/wp\/v2\/media\/1000686658"}],"wp:attachment":[{"href":"https:\/\/grandepremio.com\/br\/wp-json\/wp\/v2\/media?parent=102751"}],"wp:term":[{"taxonomy":"category","embeddable":true,"href":"https:\/\/grandepremio.com\/br\/wp-json\/wp\/v2\/categories?post=102751"},{"taxonomy":"post_tag","embeddable":true,"href":"https:\/\/grandepremio.com\/br\/wp-json\/wp\/v2\/tags?post=102751"},{"taxonomy":"42wp_author","embeddable":true,"href":"https:\/\/grandepremio.com\/br\/wp-json\/wp\/v2\/42wp_author?post=102751"}],"curies":[{"name":"wp","href":"https:\/\/api.w.org\/{rel}","templated":true}]}}