{"id":102765,"date":"2023-05-26T16:32:03","date_gmt":"2023-05-26T19:32:03","guid":{"rendered":"https:\/\/grandepremio.com\/br\/noticias\/carlos-sainz-erro-calculo-acidente-aprova-ferrari-treinos-monaco\/"},"modified":"2023-05-26T16:51:40","modified_gmt":"2023-05-26T19:51:40","slug":"carlos-sainz-erro-calculo-acidente-aprova-ferrari-treinos-monaco","status":"publish","type":"post","link":"https:\/\/grandepremio.com\/br\/f1\/carlos-sainz-erro-calculo-acidente-aprova-ferrari-treinos-monaco\/","title":{"rendered":"Sainz culpa &#8220;erro de c\u00e1lculo&#8221; por acidente, mas aprova Ferrari nos treinos em M\u00f4naco"},"content":{"rendered":"\n<figure class=\"wp-block-video\"><video class=\"video-js vjs-big-play-centered\" data-gp-vjs=\"1\" controls poster=\"https:\/\/www.grandepremio.com\/br\/wp-content\/uploads\/2023\/05\/BATIDA-SAINZ-TL2-MONACO-poster.jpeg\" src=\"https:\/\/www.grandepremio.com\/br\/wp-content\/uploads\/2023\/05\/BATIDA-SAINZ-TL2-MONACO.mp4\"><\/video><figcaption>Carlos Sainz bateu na Piscina durante o TL2 em M\u00f4naco (V\u00eddeo: Reprodu\u00e7\u00e3o\/F1 TV\/Sky Sports)<\/figcaption><\/figure>\n\n\n\n<p class=\"wp-block-paragraph\">Foi um dia de altos e baixos para <strong>Carlos Sainz<\/strong>, esta sexta-feira (26). O piloto da <strong>Ferrari<\/strong> gostou do rendimento do carro vermelho, mas, ao mesmo tempo, terminou com lamenta\u00e7\u00f5es por errar na parte final do <strong><a href=\"https:\/\/www.grandepremio.com\/br\/f1\/noticias\/max-verstappen-da-cartao-visitas-red-bull-lidera-tl2-gp-de-monaco-formula-1-carlos-sainz-bate\/\" class=\"ek-link\">segundo treino livre<\/a><\/strong> e <strong><a href=\"https:\/\/www.grandepremio.com\/br\/f1\/noticias\/carlos-sainz-escapa-bate-forte-saida-piscina-durante-segundo-treino-monaco\/\" class=\"ek-link\">acabar no muro<\/a><\/strong>.<\/p>\n\n\n\n<p class=\"wp-block-paragraph\">Se Charles Leclerc terminou o dia <strong><a href=\"https:\/\/www.grandepremio.com\/br\/f1\/noticias\/charles-leclerc-admite-frustracao-desempenho-ferrari-monaco-carro-nao-responde\/\" class=\"ek-link\">para baixo com o carro<\/a><\/strong>, Sainz foi diferente. Aprovou o rendimento e disse que, mesmo que ainda tenha de fazer testes no s\u00e1bado pela manh\u00e3, o ritmo promete. O espanhol foi terceiro colocado no TL2 mesmo com o acidente. <\/p>\n\n\n\n<p class=\"wp-block-paragraph\">&#8220;Em geral, acho que o dia foi positivo. Est\u00e1vamos r\u00e1pidos nos dois treinos, e o carro parece ok na pista. Ainda h\u00e1 algumas coisas que quero testar para amanh\u00e3 no setup. \u00c9 tentar melhorar, mas, no geral, fomos bastante competitivos&#8221;, afirmou.<\/p>\n\n\n\n<figure class=\"wp-block-image size-large\"><img decoding=\"async\" src=\"https:\/\/www.grandepremio.com\/br\/wp-content\/uploads\/2023\/05\/f1-2023-monaco-treinos-livres-ferrari-carlossainz-04-1024x576.jpg\" alt=\"\" class=\"wp-image-686437\"\/><figcaption>Carlos Sainz no muro (Foto: Reprodu\u00e7\u00e3o\/F1)<\/figcaption><\/figure>\n\n\n\n<p class=\"wp-block-paragraph\"><strong>SAIBA MAIS<br>+ <a href=\"https:\/\/www.grandepremio.com\/br\/f1\/noticias\/5-coisas-aprendemos-sexta-feira-gp-do-monaco-formula-1-2023\/\" class=\"ek-link\">5 coisas que aprendemos na sexta-feira do GP de M\u00f4naco da F\u00f3rmula 1 2023<\/a><\/strong><\/p>\n\n\n\n<p class=\"wp-block-paragraph\">Com rela\u00e7\u00e3o ao acidente, quando cravou a lateral direita do carro no muro da Sainte-D\u00e9vote, assumiu a culpa.<\/p>\n\n\n\n<p class=\"wp-block-paragraph\">&#8220;\u00c9 claro que n\u00e3o foi ideal encerrar a atividade desta maneira, ap\u00f3s um erro de c\u00e1lculo tentando encontrar o limite. Perd\u00e3o para a equipe e aos mec\u00e2nicos pelo trabalho extra&#8221;, finalizou.<\/p>\n\n\n\n<p class=\"wp-block-paragraph\">O\u00a0<strong>GRANDE PR\u00caMIO<\/strong>\u00a0analisa todas as atividades da\u00a0<a href=\"https:\/\/www.grandepremio.com\/formula-1\/\" target=\"_blank\" rel=\"noreferrer noopener\"><strong>F\u00f3rmula 1<\/strong><\/a>\u00a0em M\u00f4naco no Briefing, programa que vai ao ar ap\u00f3s o segundo treino livre, a classifica\u00e7\u00e3o e a corrida principal, sempre no\u00a0<a href=\"https:\/\/www.youtube.com\/user\/sitegp\"><strong>canal do GP no YouTube<\/strong><\/a>. Al\u00e9m disso, o\u00a0<strong>GP<\/strong>\u00a0tamb\u00e9m comenta a defini\u00e7\u00e3o do grid e a corrida em segunda tela na parceria com a\u00a0<strong>Voz do Esporte<\/strong>. E\u00a0acompanha\u00a0<a href=\"https:\/\/www.grandepremio.com\/br\/ao-vivo\/\"><strong>AO VIVO<\/strong>\u00a0e\u00a0<strong>EM\u00a0<\/strong><\/a><strong><a href=\"https:\/\/www.grandepremio.com\/br\/ao-vivo\/\" target=\"_blank\" rel=\"noreferrer noopener\">TEMPO REAL<\/a><\/strong>\u00a0todas as atividades do GP de\u00a0<a href=\"https:\/\/www.grandepremio.com\/br\/circuito\/monaco\/\" target=\"_blank\" rel=\"noreferrer noopener\"><strong>M\u00f4naco<\/strong><\/a>. No s\u00e1bado, o TL3 est\u00e1 marcado para as 7:30 (de Bras\u00edlia, GMT-3). A classifica\u00e7\u00e3o come\u00e7a \u00e0s 11h.<\/p>\n\n\n\n<figure class=\"wp-block-embed is-type-video is-provider-youtube wp-block-embed-youtube wp-embed-aspect-16-9 wp-has-aspect-ratio\"><div class=\"wp-block-embed__wrapper\">\n<iframe loading=\"lazy\" title=\"\ud83d\udd34TREINOS F1 2023 EM M\u00d4NACO HOJE: VERSTAPPEN 1\u00ba, SAINZ NO MURO | Briefing\" width=\"500\" height=\"281\" src=\"https:\/\/www.youtube.com\/embed\/6cLkDC0fcD4?feature=oembed\" frameborder=\"0\" allow=\"accelerometer; autoplay; clipboard-write; encrypted-media; gyroscope; picture-in-picture; web-share\" referrerpolicy=\"strict-origin-when-cross-origin\" allowfullscreen><\/iframe>\n<\/div><figcaption>\ud83d\udd34F1 2023 AO VIVO: TUDO SOBRE OS TREINOS LIVRES DO GP DE M\u00d4NACO | Briefing<\/figcaption><\/figure>\n","protected":false},"excerpt":{"rendered":"<p>Carlos Sainz terminou a sexta-feira de atividades em Monte Carlo com uma pancada no muro. Mas ainda saiu animado<\/p>\n","protected":false},"author":0,"featured_media":1000686253,"comment_status":"closed","ping_status":"closed","sticky":false,"template":"","format":"standard","meta":{"42wp_featured_image_caption":"","42wp_featured_image_credits":"","42wp_featured_video":"","42wp_featured_image_hidden":false,"42wp_authors_list":[],"footnotes":""},"categories":[2],"tags":[546,209,6533,207,30722,5100,34909,1491,30103,28285],"42wp_author":[47120],"class_list":["post-102765","post","type-post","status-publish","format-standard","has-post-thumbnail","hentry","category-f1","tag-carlos-sainz","tag-charles-leclerc","tag-f1-2023","tag-ferrari","tag-formula-1-2023","tag-gp-de-monaco","tag-gp-em-monaco","tag-grande-premio","tag-grande-premio-f1","tag-grandepremio","42wp_author-pedro-henrique-marum"],"_links":{"self":[{"href":"https:\/\/grandepremio.com\/br\/wp-json\/wp\/v2\/posts\/102765","targetHints":{"allow":["GET"]}}],"collection":[{"href":"https:\/\/grandepremio.com\/br\/wp-json\/wp\/v2\/posts"}],"about":[{"href":"https:\/\/grandepremio.com\/br\/wp-json\/wp\/v2\/types\/post"}],"replies":[{"embeddable":true,"href":"https:\/\/grandepremio.com\/br\/wp-json\/wp\/v2\/comments?post=102765"}],"version-history":[{"count":0,"href":"https:\/\/grandepremio.com\/br\/wp-json\/wp\/v2\/posts\/102765\/revisions"}],"wp:featuredmedia":[{"embeddable":true,"href":"https:\/\/grandepremio.com\/br\/wp-json\/wp\/v2\/media\/1000686253"}],"wp:attachment":[{"href":"https:\/\/grandepremio.com\/br\/wp-json\/wp\/v2\/media?parent=102765"}],"wp:term":[{"taxonomy":"category","embeddable":true,"href":"https:\/\/grandepremio.com\/br\/wp-json\/wp\/v2\/categories?post=102765"},{"taxonomy":"post_tag","embeddable":true,"href":"https:\/\/grandepremio.com\/br\/wp-json\/wp\/v2\/tags?post=102765"},{"taxonomy":"42wp_author","embeddable":true,"href":"https:\/\/grandepremio.com\/br\/wp-json\/wp\/v2\/42wp_author?post=102765"}],"curies":[{"name":"wp","href":"https:\/\/api.w.org\/{rel}","templated":true}]}}