{"id":102767,"date":"2023-05-26T15:54:02","date_gmt":"2023-05-26T18:54:02","guid":{"rendered":"https:\/\/grandepremio.com\/br\/noticias\/mclaren-estuda-quarto-carro-indy-2024-considera-marcus-ericsson-trabalho-excepcional\/"},"modified":"2023-05-26T15:55:48","modified_gmt":"2023-05-26T18:55:48","slug":"mclaren-estuda-quarto-carro-indy-2024-considera-marcus-ericsson-trabalho-excepcional","status":"publish","type":"post","link":"https:\/\/grandepremio.com\/br\/indy\/mclaren-estuda-quarto-carro-indy-2024-considera-marcus-ericsson-trabalho-excepcional\/","title":{"rendered":"McLaren estuda quarto carro na Indy em 2024 e considera Ericsson: &#8220;Trabalho excepcional&#8221;"},"content":{"rendered":"\n<p class=\"wp-block-paragraph\">A <strong>McLaren <\/strong>estuda a possibilidade de inscrever um quarto carro para o grid da <strong>Indy <\/strong>a partir de 2024. A informa\u00e7\u00e3o foi revelada nesta sexta-feira (26) pela rep\u00f3rter Jenna Fryer, da ag\u00eancia de not\u00edcias <em>Associated Press<\/em>, e confirmada pelo CEO da equipe laranja, <strong>Zak Brown<\/strong>, em entrevista \u00e0 revista americana <em>Racer<\/em>. A escuderia tem considerado o apelo comercial positivo visto nas <strong>500 Milhas de Indian\u00e1polis<\/strong> \u2014 na qual o brasileiro <strong>Tony Kanaan<\/strong> se juntou a <strong>Alexander Rossi, Pato O&#8217;Ward e Felix Rosenqvist<\/strong>.<\/p>\n\n\n\n<p class=\"wp-block-paragraph\">Com isso, alguns nomes come\u00e7aram a ser ventilados para o ocupar o assento do carro adicional. O principal deles \u00e9 <strong>Marcus Ericsson<\/strong>, que est\u00e1 em seu \u00faltimo ano de contrato com a <strong>Ganassi <\/strong>e a renova\u00e7\u00e3o ainda n\u00e3o aconteceu. Quando questionado se poderia &#8220;roub\u00e1-lo&#8221; da equipe rival, Brown contestou o car\u00e1ter negativo que o acordo teria e colocou o piloto sueco como poss\u00edvel alvo.<\/p>\n\n\n\n<p class=\"wp-block-paragraph\">&#8220;Primeiro, n\u00e3o acredito que as pessoas roubem coisas. Acredito que as pessoas percam coisas. Marcus [Ericsson] fez um trabalho excepcional. Eu o conhe\u00e7o da <strong>F\u00f3rmula 1<\/strong> h\u00e1 algum tempo. Ele \u00e9 muito humilde. Fez um trabalho incr\u00edvel. Venceu a <strong>Indy 500<\/strong>, liderou o campeonato por algum tempo. Definitivamente, ele seria considerado se decid\u00edssemos fazer um quarto carro&#8221;, disse Brown ao <em>Racer<\/em>.<\/p>\n\n\n\n<p class=\"wp-block-paragraph\"><strong>\u25b6\ufe0f\u00a0<a href=\"https:\/\/www.twitch.tv\/grandepremio\" target=\"_blank\" rel=\"noreferrer noopener\">Conhe\u00e7a o canal do GRANDE PR\u00caMIO na Twitch clicando aqui!<\/a><\/strong><\/p>\n\n\n\n<figure class=\"wp-block-image size-large\"><img decoding=\"async\" src=\"https:\/\/www.grandepremio.com\/br\/wp-content\/uploads\/2023\/05\/Felix-Rosenqvist_-Tony-Kanaan_-Alexander-Rossi-and-Pato-O_Ward-Indianapolis-500-Community-Day-By_-Joe-Skibinski_Large-Image-Without-Watermark_m82047-1-1024x683.jpg\" alt=\"\" class=\"wp-image-686513\"\/><figcaption>Em primeiro plano, da esquerda \u00e0 direita: Felix Rosenqvist, Alexander Rossi, Pato O&#8217;Ward e Tony Kanaan. Forma\u00e7\u00e3o da McLaren com quatro pilotos foi aprovada no aspecto comercial (Foto: Indy)<\/figcaption><\/figure>\n\n\n\n<p class=\"wp-block-paragraph\">Embora a revista americana tenha sustentado a percep\u00e7\u00e3o de que Ericsson n\u00e3o est\u00e1 na mira da McLaren, o CEO voltou a se mostrar entusiasmado com a possibilidade em outra fala. De acordo com Brown, o atual dono do carro <strong>#8<\/strong> aparece como o nome de destaque no mercado de pilotos da Indy, com grande potencial comercial.<\/p>\n\n\n\n<p class=\"wp-block-paragraph\">&#8220;Acredito que ele [Ericsson] seja, provavelmente, o principal agente livre, ent\u00e3o estou um pouco surpreso, dado o qu\u00e3o forte as coisas s\u00e3o comercialmente e ao ler as declara\u00e7\u00f5es de que a sua equipe atual [Ganassi] n\u00e3o tem confian\u00e7a comercial de que pode vender o [vencedor da] Indy 500 e candidato ao campeonato, e assinar [uma extens\u00e3o de contrato]. Entendo que eles provavelmente tenham um pouco de tempo, ent\u00e3o tenho certeza de que est\u00e3o trabalhando nisso&#8221;, ponderou.<\/p>\n\n\n\n<p class=\"wp-block-paragraph\">&#8220;Mas eu n\u00e3o o deixaria ir se ele estivesse pilotando para mim e teria a confian\u00e7a comercial de que conseguiria obter patroc\u00ednios. Mas isso n\u00e3o \u00e9 meu problema. Portanto, se ele se tornar um agente livre, se n\u00f3s tivermos um quarto carro, ele definitivamente seria fortemente considerado&#8221;, completou.<\/p>\n\n\n\n<p class=\"wp-block-paragraph\"><strong>\u25b6\ufe0f\u00a0<a href=\"https:\/\/www.twitch.tv\/grandepremio\" target=\"_blank\" rel=\"noreferrer noopener\">Conhe\u00e7a o canal do GRANDE PR\u00caMIO na Twitch clicando aqui!<\/a><\/strong><\/p>\n\n\n\n<figure class=\"wp-block-image size-large\"><img decoding=\"async\" src=\"https:\/\/www.grandepremio.com\/br\/wp-content\/uploads\/2023\/05\/Indianapolis-500-Practice-Wednesday_-May-17_-2023_Large-Image-Without-Watermark_m79982-1024x683.jpg\" alt=\"\" class=\"wp-image-683998\"\/><figcaption>Marcus Ericsson ainda n\u00e3o assinou renova\u00e7\u00e3o com a Ganassi e \u00e9 considerado pela McLaren (Foto: Indycar)<\/figcaption><\/figure>\n\n\n\n<p class=\"wp-block-paragraph\">Em entrevista \u00e0 revista inglesa <em>Autosport<\/em>, <a href=\"https:\/\/www.grandepremio.com\/br\/indy\/noticias\/marcus-ericsson-desabafa-sobre-renovacao-contrato-quero-ser-tratado-piloto-de-elite\/\" class=\"ek-link\">Ericsson admitiu que j\u00e1 foi contatado por outras equipes<\/a>, mas disse que busca por uma valoriza\u00e7\u00e3o salarial, j\u00e1 que quer ser tratado como um piloto de elite ap\u00f3s a vit\u00f3ria na Indy 500 de 2022. O sueco entrou na categoria americana em 2019, ap\u00f3s cinco temporadas na F\u00f3rmula 1, como piloto da <strong>Schmidt Peterson<\/strong> \u2014 que, atualmente, \u00e9 a McLaren. No ano seguinte, se mudou para a Ganassi, onde est\u00e1 desde ent\u00e3o.<\/p>\n\n\n\n<p class=\"wp-block-paragraph\">Ericsson ocupa, no momento, a terceira posi\u00e7\u00e3o no campeonato, atr\u00e1s de <strong>\u00c1lex Palou<\/strong> e O&#8217;Ward. O dono do carro #8 busca, no pr\u00f3ximo domingo (28), a sua segunda vit\u00f3ria na Indy 500 e largar\u00e1 da 10\u00aa coloca\u00e7\u00e3o. O <strong>GRANDE PR\u00caMIO<\/strong> acompanha todas as atividades da temporada 2023.<\/p>\n","protected":false},"excerpt":{"rendered":"<p>CEO da McLaren, Zak Brown, disse que a forma\u00e7\u00e3o da equipe com quatro pilotos, vista nas 500 Milhas de Indian\u00e1polis, teve bons resultados comerciais. Ele ainda apontou Marcus Ericsson como potencial candidato, caso o sueco n\u00e3o renove contrato com a Ganassi<\/p>\n","protected":false},"author":0,"featured_media":1000686514,"comment_status":"closed","ping_status":"closed","sticky":false,"template":"","format":"standard","meta":{"42wp_featured_image_caption":"","42wp_featured_image_credits":"","42wp_featured_video":"","42wp_featured_image_hidden":false,"42wp_authors_list":[],"footnotes":""},"categories":[3],"tags":[2980,619,1595,1491,28285,93,25977,31011,232,32514,28095,1569,90,26499,580],"42wp_author":[47153],"class_list":["post-102767","post","type-post","status-publish","format-standard","has-post-thumbnail","hentry","category-indy","tag-500-milhas-indianapolis","tag-formula-indy","tag-ganassi","tag-grande-premio","tag-grandepremio","tag-indy","tag-indy-2023","tag-indy-2024","tag-indy-500","tag-indy-500-2023","tag-indycar-series","tag-marcus-ericsson","tag-mclaren","tag-renovacao-de-contrato","tag-zak-brown","42wp_author-gabriel-pitor"],"_links":{"self":[{"href":"https:\/\/grandepremio.com\/br\/wp-json\/wp\/v2\/posts\/102767","targetHints":{"allow":["GET"]}}],"collection":[{"href":"https:\/\/grandepremio.com\/br\/wp-json\/wp\/v2\/posts"}],"about":[{"href":"https:\/\/grandepremio.com\/br\/wp-json\/wp\/v2\/types\/post"}],"replies":[{"embeddable":true,"href":"https:\/\/grandepremio.com\/br\/wp-json\/wp\/v2\/comments?post=102767"}],"version-history":[{"count":0,"href":"https:\/\/grandepremio.com\/br\/wp-json\/wp\/v2\/posts\/102767\/revisions"}],"wp:featuredmedia":[{"embeddable":true,"href":"https:\/\/grandepremio.com\/br\/wp-json\/wp\/v2\/media\/1000686514"}],"wp:attachment":[{"href":"https:\/\/grandepremio.com\/br\/wp-json\/wp\/v2\/media?parent=102767"}],"wp:term":[{"taxonomy":"category","embeddable":true,"href":"https:\/\/grandepremio.com\/br\/wp-json\/wp\/v2\/categories?post=102767"},{"taxonomy":"post_tag","embeddable":true,"href":"https:\/\/grandepremio.com\/br\/wp-json\/wp\/v2\/tags?post=102767"},{"taxonomy":"42wp_author","embeddable":true,"href":"https:\/\/grandepremio.com\/br\/wp-json\/wp\/v2\/42wp_author?post=102767"}],"curies":[{"name":"wp","href":"https:\/\/api.w.org\/{rel}","templated":true}]}}