{"id":102769,"date":"2023-05-26T15:28:18","date_gmt":"2023-05-26T18:28:18","guid":{"rendered":"https:\/\/grandepremio.com\/br\/noticias\/alonso-celebra-dia-positivo-em-monaco-e-avisa-estou-ansioso-pela-classificacao\/"},"modified":"2023-05-26T15:30:09","modified_gmt":"2023-05-26T18:30:09","slug":"alonso-celebra-dia-positivo-em-monaco-e-avisa-estou-ansioso-pela-classificacao","status":"publish","type":"post","link":"https:\/\/grandepremio.com\/br\/f1\/alonso-celebra-dia-positivo-em-monaco-e-avisa-estou-ansioso-pela-classificacao\/","title":{"rendered":"Alonso celebra dia positivo em M\u00f4naco e avisa: \u201cEstou ansioso pela classifica\u00e7\u00e3o\u201d"},"content":{"rendered":"\n<p class=\"wp-block-paragraph\"><strong>Fernando Alonso<\/strong> fechou o primeiro dia de treinos para o GP de <strong>M\u00f4naco <\/strong>satisfeito. O espanhol destacou que o carro da <strong>Aston Martin<\/strong> est\u00e1 bom nas ruas de <strong>Monte Carlo <\/strong>e \u00e9 f\u00e1cil de pilotar, o que ajuda em um circuito de rua.<\/p>\n\n\n\n<p class=\"wp-block-paragraph\">Com 1min12s682, <a href=\"https:\/\/www.grandepremio.com\/br\/f1\/noticias\/max-verstappen-da-cartao-visitas-red-bull-lidera-tl2-gp-de-monaco-formula-1-carlos-sainz-bate\/\" class=\"ek-link\">Alonso fechou a sexta-feira (26) com o quarto melhor tempo do dia<\/a>, 0s220 mais lento do que <strong>Max Verstappen<\/strong>, que colocou a <strong>Red Bull <\/strong>na ponta dos trabalhos.<\/p>\n\n\n\n<figure class=\"wp-block-image size-large\"><img decoding=\"async\" src=\"https:\/\/www.grandepremio.com\/br\/wp-content\/uploads\/2023\/05\/f1-2023-monaco-treinos-livres-astonmartin-fernandoalonso-02-1024x682.jpg\" alt=\"\" class=\"wp-image-686179\"\/><figcaption>Fernando Alonso elogiou o carro da Aston Martin (Foto: Aston Martin)<\/figcaption><\/figure>\n\n\n\n<p class=\"wp-block-paragraph\"><strong>\u25b6\ufe0f\u00a0Inscreva-se nos dois canais do GRANDE PR\u00caMIO no YouTube:\u00a0<a href=\"https:\/\/www.youtube.com\/channel\/UC9OlHEgxoaY6QY6nWPoiqQg?sub_confirmation=1\" target=\"_blank\" rel=\"noreferrer noopener\">GP<\/a>\u00a0|\u00a0<a href=\"https:\/\/www.youtube.com\/channel\/UC9csiS6q_C3C0FYhyr1rnFA?sub_confirmation=1\" target=\"_blank\" rel=\"noreferrer noopener\">GP2<\/a><\/strong><br><strong>\u25b6\ufe0f\u00a0<a href=\"https:\/\/www.twitch.tv\/grandepremio\" target=\"_blank\" rel=\"noreferrer noopener\">Conhe\u00e7a o canal do GRANDE PR\u00caMIO na Twitch clicando aqui!<\/a><\/strong><\/p>\n\n\n\n<p class=\"wp-block-paragraph\">\u201cHoje n\u00f3s completamos voltas o suficiente e conseguimos obter um bom entendimento do nosso carro em M\u00f4naco\u201d, disse Alonso. \u201cEra importante encontrar um ritmo cedo neste fim de semana e evitar qualquer problema\u201d, seguiu.<\/p>\n\n\n\n<p class=\"wp-block-paragraph\">\u201cEm ambas as sess\u00f5es, a sensa\u00e7\u00e3o com o carro foi boa e ele \u00e9 f\u00e1cil de pilotar, o que ajuda neste circuito\u201d, ponderou.<\/p>\n\n\n\n<p class=\"wp-block-paragraph\">Ainda, Alonso previu uma temporada de altos e baixos para todo o grid e, por isso, se disse ansioso para a classifica\u00e7\u00e3o em M\u00f4naco.<\/p>\n\n\n\n<p class=\"wp-block-paragraph\">\u201cTeremos muitos altos e baixos para todo mundo este ano, ent\u00e3o devemos estar preparados para todos os fins de semana\u201d, alertou Alonso. \u201cSeremos mais r\u00e1pidos em alguns fins de semana de corrida do que nossos rivais e, em outros, pode ser que seja diferente, mas estou ansioso para que chegue a classifica\u00e7\u00e3o de amanh\u00e3\u201d, encerrou.<\/p>\n\n\n\n<p class=\"wp-block-paragraph\">O&nbsp;<strong>GRANDE PR\u00caMIO<\/strong>&nbsp;analisa todas as atividades da&nbsp;<a href=\"https:\/\/www.grandepremio.com\/formula-1\/\" target=\"_blank\" rel=\"noreferrer noopener\"><strong>F\u00f3rmula 1<\/strong><\/a>&nbsp;em M\u00f4naco no Briefing, programa que vai ao ar ap\u00f3s o segundo treino livre, a classifica\u00e7\u00e3o e a corrida principal, sempre no&nbsp;<a href=\"https:\/\/www.youtube.com\/user\/sitegp\"><strong>canal do GP no YouTube<\/strong><\/a>. Al\u00e9m disso, o&nbsp;<strong>GRANDE PR\u00caMIO<\/strong>&nbsp;tamb\u00e9m comenta a defini\u00e7\u00e3o do grid e a corrida em segunda tela na parceria com a&nbsp;<strong>Voz do Esporte<\/strong>. E&nbsp;acompanha&nbsp;<a href=\"https:\/\/www.grandepremio.com\/br\/ao-vivo\/\"><strong>AO VIVO<\/strong>&nbsp;e&nbsp;<strong>EM&nbsp;<\/strong><\/a><strong><a href=\"https:\/\/www.grandepremio.com\/br\/ao-vivo\/\" target=\"_blank\" rel=\"noreferrer noopener\">TEMPO REAL<\/a><\/strong>&nbsp;todas as atividades do GP de&nbsp;<a href=\"https:\/\/www.grandepremio.com\/br\/circuito\/monaco\/\" target=\"_blank\" rel=\"noreferrer noopener\"><strong>M\u00f4naco<\/strong><\/a>. No s\u00e1bado, o TL3 est\u00e1 marcado para as 7:30 (de Bras\u00edlia, GMT-3). A classifica\u00e7\u00e3o come\u00e7a \u00e0s 11h.<\/p>\n\n\n\n<figure class=\"wp-block-embed is-type-video is-provider-youtube wp-block-embed-youtube wp-embed-aspect-16-9 wp-has-aspect-ratio\"><div class=\"wp-block-embed__wrapper\">\n<iframe loading=\"lazy\" title=\"\ud83d\udd34TREINOS F1 2023 EM M\u00d4NACO HOJE: VERSTAPPEN 1\u00ba, SAINZ NO MURO | Briefing\" width=\"500\" height=\"281\" src=\"https:\/\/www.youtube.com\/embed\/6cLkDC0fcD4?feature=oembed\" frameborder=\"0\" allow=\"accelerometer; autoplay; clipboard-write; encrypted-media; gyroscope; picture-in-picture; web-share\" referrerpolicy=\"strict-origin-when-cross-origin\" allowfullscreen><\/iframe>\n<\/div><\/figure>\n","protected":false},"excerpt":{"rendered":"<p>Dono do quarto melhor tempo em M\u00f4naco nesta sexta-feira (26), Fernando Alonso destacou que a Aston Martin conseguiu coletar informa\u00e7\u00f5es importantes ao longo do dia. Al\u00e9m disso, espanhol afirmou que j\u00e1 alcan\u00e7ou um bom ritmo<\/p>\n","protected":false},"author":0,"featured_media":1000686397,"comment_status":"closed","ping_status":"closed","sticky":false,"template":"","format":"standard","meta":{"42wp_featured_image_caption":"","42wp_featured_image_credits":"","42wp_featured_video":"","42wp_featured_image_hidden":false,"42wp_authors_list":[],"footnotes":""},"categories":[2],"tags":[309,33466,147,6533,176,180,30722,33465,28285,2140,764,33467],"42wp_author":[47113],"class_list":["post-102769","post","type-post","status-publish","format-standard","has-post-thumbnail","hentry","category-f1","tag-aston-martin","tag-calendario-formula-1-2023","tag-f1","tag-f1-2023","tag-fernando-alonso","tag-formula-1","tag-formula-1-2023","tag-formula-1-classificacao-2023","tag-grandepremio","tag-monaco","tag-monte-carlo","tag-onde-assistir-f1-2023","42wp_author-juliana-tesser"],"_links":{"self":[{"href":"https:\/\/grandepremio.com\/br\/wp-json\/wp\/v2\/posts\/102769","targetHints":{"allow":["GET"]}}],"collection":[{"href":"https:\/\/grandepremio.com\/br\/wp-json\/wp\/v2\/posts"}],"about":[{"href":"https:\/\/grandepremio.com\/br\/wp-json\/wp\/v2\/types\/post"}],"replies":[{"embeddable":true,"href":"https:\/\/grandepremio.com\/br\/wp-json\/wp\/v2\/comments?post=102769"}],"version-history":[{"count":0,"href":"https:\/\/grandepremio.com\/br\/wp-json\/wp\/v2\/posts\/102769\/revisions"}],"wp:featuredmedia":[{"embeddable":true,"href":"https:\/\/grandepremio.com\/br\/wp-json\/wp\/v2\/media\/1000686397"}],"wp:attachment":[{"href":"https:\/\/grandepremio.com\/br\/wp-json\/wp\/v2\/media?parent=102769"}],"wp:term":[{"taxonomy":"category","embeddable":true,"href":"https:\/\/grandepremio.com\/br\/wp-json\/wp\/v2\/categories?post=102769"},{"taxonomy":"post_tag","embeddable":true,"href":"https:\/\/grandepremio.com\/br\/wp-json\/wp\/v2\/tags?post=102769"},{"taxonomy":"42wp_author","embeddable":true,"href":"https:\/\/grandepremio.com\/br\/wp-json\/wp\/v2\/42wp_author?post=102769"}],"curies":[{"name":"wp","href":"https:\/\/api.w.org\/{rel}","templated":true}]}}