{"id":102784,"date":"2023-05-26T10:38:05","date_gmt":"2023-05-26T13:38:05","guid":{"rendered":"https:\/\/grandepremio.com\/br\/noticias\/alexander-albon-adianta-fim-tl1-gp-de-monaco-com-pancada-muro-sainte-devote\/"},"modified":"2023-05-26T10:54:53","modified_gmt":"2023-05-26T13:54:53","slug":"alexander-albon-adianta-fim-tl1-gp-de-monaco-com-pancada-muro-sainte-devote","status":"publish","type":"post","link":"https:\/\/grandepremio.com\/br\/f1\/alexander-albon-adianta-fim-tl1-gp-de-monaco-com-pancada-muro-sainte-devote\/","title":{"rendered":"Albon adianta fim do TL1 em M\u00f4naco com pancada no muro na sa\u00edda da Sainte-D\u00e9vote"},"content":{"rendered":"\n<figure class=\"wp-block-video\"><video class=\"video-js vjs-big-play-centered\" data-gp-vjs=\"1\" controls src=\"https:\/\/www.grandepremio.com\/br\/wp-content\/uploads\/2023\/05\/Albon-acidente-Monaco-TL1.mp4\"><\/video><\/figure>\n\n\n\n<p class=\"wp-block-paragraph\">O <strong><a href=\"https:\/\/www.grandepremio.com\/br\/f1\/noticias\/carlos-sainz-lidera-tl1-monaco-encerrado-bandeira-vermelha-acidente-alexander-albon\/\" class=\"ek-link\">primeiro treino livre<\/a><\/strong> para o <strong>GP de M\u00f4naco<\/strong> terminou alguns minutos antes do previsto, na manh\u00e3 desta sexta-feira (26). Aconteceu porque, nos instantes finais, quando o pelot\u00e3o tentava o \u00faltimo ataque de voltas r\u00e1pidas, <strong>Alexander Albon<\/strong> cometeu o maior dos pecados de <strong>Monte Carlo<\/strong>: errou. A\u00ed, muro.<\/p>\n\n\n\n<p class=\"wp-block-paragraph\">Albon, que ainda assim ficou entre os dez primeiros e mostrava bom ritmo com a Williams, perdeu a traseira na Sainte-D\u00e9vote, ainda na abertura da volta, e n\u00e3o teve tempo de consertar. O resultado foi uma baita pancada.<\/p>\n\n\n\n<p class=\"wp-block-paragraph\"><strong>\u25b6\ufe0f\u00a0Inscreva-se nos dois canais do GRANDE PR\u00caMIO no YouTube:\u00a0<a href=\"https:\/\/www.youtube.com\/channel\/UC9OlHEgxoaY6QY6nWPoiqQg?sub_confirmation=1\" target=\"_blank\" rel=\"noreferrer noopener\">GP<\/a>\u00a0|\u00a0<a href=\"https:\/\/www.youtube.com\/channel\/UC9csiS6q_C3C0FYhyr1rnFA?sub_confirmation=1\" target=\"_blank\" rel=\"noreferrer noopener\">GP2<\/a><\/strong><br><strong>\u25b6\ufe0f\u00a0<a href=\"https:\/\/www.twitch.tv\/grandepremio\" target=\"_blank\" rel=\"noreferrer noopener\">Conhe\u00e7a o canal do GRANDE PR\u00caMIO na Twitch clicando aqui!<\/a><\/strong><\/p>\n\n\n\n<figure class=\"wp-block-image size-large\"><img decoding=\"async\" src=\"https:\/\/www.grandepremio.com\/br\/wp-content\/uploads\/2023\/05\/f1-2023-monaco-treinos-livres-williams-alexanderalbon-01-1024x591.png\" alt=\"\" class=\"wp-image-686202\"\/><figcaption>Alexander Albon (Foto: Reprodu\u00e7\u00e3o\/Williams)<\/figcaption><\/figure>\n\n\n\n<p class=\"wp-block-paragraph\">O lado esquerdo de Albon ficou muito danificado, para n\u00e3o dizer destru\u00eddo, e fez com que o carro parasse na pista. Com pouco tempo pela frente, a dire\u00e7\u00e3o de prova notou de imediato que n\u00e3o haveria tempo para remover o b\u00f3lido, ajustar a barreira e seguir a a\u00e7\u00e3o. Ent\u00e3o, encerrou.<\/p>\n\n\n\n<p class=\"wp-block-paragraph\"><strong>Carlos Sainz<\/strong> foi o l\u00edder num resultado final que contou com quatro equipes diferentes nos primeiros quatro lugares: <strong>Fernando Alonso<\/strong>, <strong>Lewis Hamilton<\/strong> e <strong>Sergio P\u00e9rez<\/strong> vieram na sequ\u00eancia imediata.<\/p>\n\n\n\n<p class=\"wp-block-paragraph\">O\u00a0<strong>GRANDE PR\u00caMIO<\/strong>\u00a0analisa todas as atividades da\u00a0<a href=\"https:\/\/www.grandepremio.com\/formula-1\/\" target=\"_blank\" rel=\"noreferrer noopener\"><strong>F\u00f3rmula 1<\/strong><\/a>\u00a0em M\u00f4naco no Briefing, programa que vai ao ar ap\u00f3s o segundo treino livre, a classifica\u00e7\u00e3o e a corrida principal, sempre no\u00a0<a href=\"https:\/\/www.youtube.com\/user\/sitegp\"><strong>canal do GP no YouTube<\/strong><\/a>. Al\u00e9m disso, o\u00a0<strong>GRANDE PR\u00caMIO<\/strong>\u00a0tamb\u00e9m comenta a defini\u00e7\u00e3o do grid e a corrida em segunda tela na parceria com a\u00a0<strong>Voz do Esporte<\/strong>. E\u00a0acompanha\u00a0<a href=\"https:\/\/www.grandepremio.com\/br\/ao-vivo\/\"><strong>AO VIVO<\/strong>\u00a0e\u00a0<strong>EM\u00a0<\/strong><\/a><strong><a href=\"https:\/\/www.grandepremio.com\/br\/ao-vivo\/\" target=\"_blank\" rel=\"noreferrer noopener\">TEMPO REAL<\/a><\/strong>\u00a0todas as atividades do GP de\u00a0<a href=\"https:\/\/www.grandepremio.com\/br\/circuito\/monaco\/\" target=\"_blank\" rel=\"noreferrer noopener\"><strong>M\u00f4naco<\/strong><\/a>. Logo mais, o TL2 est\u00e1 marcado para as 12h (de Bras\u00edlia, GMT-3).<\/p>\n\n\n\n<figure class=\"wp-block-embed is-type-video is-provider-youtube wp-block-embed-youtube wp-embed-aspect-16-9 wp-has-aspect-ratio\"><div class=\"wp-block-embed__wrapper\">\n<iframe loading=\"lazy\" title=\"\ud83d\udd34HAMILTON E FERRARI NA F1: SIM, EXISTE ALGO! E ALONSO PERDOADO NA HONDA | TT GP #97\" width=\"500\" height=\"281\" src=\"https:\/\/www.youtube.com\/embed\/KTNl0M_dhiU?feature=oembed\" frameborder=\"0\" allow=\"accelerometer; autoplay; clipboard-write; encrypted-media; gyroscope; picture-in-picture; web-share\" referrerpolicy=\"strict-origin-when-cross-origin\" allowfullscreen><\/iframe>\n<\/div><figcaption>\ud83d\udd34HAMILTON E FERRARI NA F1: SIM, EXISTE ALGO! E ALONSO PERDOADO NA HONDA | TT GP #97<\/figcaption><\/figure>\n","protected":false},"excerpt":{"rendered":"<p>Alex Albon estatelou a traseira da Williams no muro da Sainte-D\u00e9vote nos minutos derradeiros do primeiro treino livre do GP de M\u00f4naco<\/p>\n","protected":false},"author":0,"featured_media":1000686204,"comment_status":"closed","ping_status":"closed","sticky":false,"template":"","format":"standard","meta":{"42wp_featured_image_caption":"","42wp_featured_image_credits":"","42wp_featured_video":"","42wp_featured_image_hidden":false,"42wp_authors_list":[],"footnotes":""},"categories":[2],"tags":[487,654,6533,30722,5100,34909,1491,30103,28285,215],"42wp_author":[47120],"class_list":["post-102784","post","type-post","status-publish","format-standard","has-post-thumbnail","hentry","category-f1","tag-acidente","tag-alexander-albon","tag-f1-2023","tag-formula-1-2023","tag-gp-de-monaco","tag-gp-em-monaco","tag-grande-premio","tag-grande-premio-f1","tag-grandepremio","tag-williams","42wp_author-pedro-henrique-marum"],"_links":{"self":[{"href":"https:\/\/grandepremio.com\/br\/wp-json\/wp\/v2\/posts\/102784","targetHints":{"allow":["GET"]}}],"collection":[{"href":"https:\/\/grandepremio.com\/br\/wp-json\/wp\/v2\/posts"}],"about":[{"href":"https:\/\/grandepremio.com\/br\/wp-json\/wp\/v2\/types\/post"}],"replies":[{"embeddable":true,"href":"https:\/\/grandepremio.com\/br\/wp-json\/wp\/v2\/comments?post=102784"}],"version-history":[{"count":0,"href":"https:\/\/grandepremio.com\/br\/wp-json\/wp\/v2\/posts\/102784\/revisions"}],"wp:featuredmedia":[{"embeddable":true,"href":"https:\/\/grandepremio.com\/br\/wp-json\/wp\/v2\/media\/1000686204"}],"wp:attachment":[{"href":"https:\/\/grandepremio.com\/br\/wp-json\/wp\/v2\/media?parent=102784"}],"wp:term":[{"taxonomy":"category","embeddable":true,"href":"https:\/\/grandepremio.com\/br\/wp-json\/wp\/v2\/categories?post=102784"},{"taxonomy":"post_tag","embeddable":true,"href":"https:\/\/grandepremio.com\/br\/wp-json\/wp\/v2\/tags?post=102784"},{"taxonomy":"42wp_author","embeddable":true,"href":"https:\/\/grandepremio.com\/br\/wp-json\/wp\/v2\/42wp_author?post=102784"}],"curies":[{"name":"wp","href":"https:\/\/api.w.org\/{rel}","templated":true}]}}