{"id":102796,"date":"2023-05-26T04:45:00","date_gmt":"2023-05-26T07:45:00","guid":{"rendered":"https:\/\/grandepremio.com\/br\/noticias\/onde-assistir-ao-vivo-500-milhas-de-indianapolis-2023\/"},"modified":"2023-05-25T22:02:25","modified_gmt":"2023-05-26T01:02:25","slug":"onde-assistir-ao-vivo-500-milhas-de-indianapolis-2023","status":"publish","type":"post","link":"https:\/\/grandepremio.com\/br\/indy\/onde-assistir-ao-vivo-500-milhas-de-indianapolis-2023\/","title":{"rendered":"Onde assistir ao vivo \u00e0s 500 Milhas de Indian\u00e1polis de 2023"},"content":{"rendered":"\n<p class=\"wp-block-paragraph\">A <strong>Indy <\/strong>realiza, neste domingo (28), a 107\u00aa edi\u00e7\u00e3o das<strong> 500 Milhas de Indian\u00e1polis<\/strong>. A prova mais importante do esporte a motor americano acontecer\u00e1 no Indianapolis Motor Speedway.<\/p>\n\n\n\n<p class=\"wp-block-paragraph\">O f\u00e3 da\u00a0<a href=\"https:\/\/www.grandepremio.com\/formula-indy\/\" target=\"_blank\" rel=\"noreferrer noopener\">Indy<\/a>\u00a0pode acompanhar todas as atividades em pista:<\/p>\n\n\n\n<figure class=\"wp-block-image size-large\"><img decoding=\"async\" src=\"https:\/\/www.grandepremio.com\/br\/wp-content\/uploads\/2022\/05\/106th-Running-of-the-Indianapolis-500-Presented-By-Gainbridge-Sunday_-May-29_-2022_Large-Image-Without-Watermark_m59830-1024x683.jpg\" alt=\"\" class=\"wp-image-578358\"\/><figcaption>Indy vai retratar o ano at\u00e9 as 500 Milhas em s\u00e9rie de seis partes (Foto: IndyCar)<\/figcaption><\/figure>\n\n\n\n<p class=\"wp-block-paragraph\">Nesta sexta-feira (26), acontecer\u00e1 o Carb Day, o \u00faltimo treino livre do evento. O in\u00edcio ser\u00e1 \u00e0s 12h00 (de Bras\u00edlia, GMT-3) com transmiss\u00e3o do Star+ e no site Indycarlive.com. A corrida tem in\u00edcio \u00e0s 13h30 do domingo, com transmiss\u00e3o da TV Cultura entre os canais abertos, ESPN4 na TV fechada e Star+ no streaming.<\/p>\n\n\n\n<p class=\"wp-block-paragraph\"><strong>\u00c1lex Palou<\/strong>, da <strong>Ganassi<\/strong>, largar\u00e1 na pole-position. A prova conta com 33 pilotos, sendo nove deles vencedores: <strong>Tony Kanaan, Helio Castroneves, Ryan Hunter-Reay, Scott Dixon, Will Power, Marcus Ericsson, Takuma Sato, Alexander Rossi e Simon Pagenaud. <\/strong><\/p>\n\n\n\n<p class=\"wp-block-paragraph\"><strong>\u25b6\ufe0f&nbsp;Inscreva-se nos dois canais do GRANDE PR\u00caMIO no YouTube:&nbsp;<a href=\"https:\/\/www.youtube.com\/channel\/UC9OlHEgxoaY6QY6nWPoiqQg?sub_confirmation=1\" target=\"_blank\" rel=\"noreferrer noopener\">GP<\/a>&nbsp;|&nbsp;<a href=\"https:\/\/www.youtube.com\/channel\/UC9csiS6q_C3C0FYhyr1rnFA?sub_confirmation=1\" target=\"_blank\" rel=\"noreferrer noopener\">GP2<\/a><\/strong><br><strong>\u25b6\ufe0f&nbsp;<a href=\"https:\/\/www.twitch.tv\/grandepremio\" target=\"_blank\" rel=\"noreferrer noopener\">Conhe\u00e7a o canal do GRANDE PR\u00caMIO na Twitch clicando aqui!<\/a><\/strong><\/p>\n\n\n\n<p class=\"wp-block-paragraph\"><strong><a href=\"https:\/\/www.grandepremio.com\/br\/programacao-tv\/noticias\/as-corridas-do-fim-de-semana-na-tv-e-no-streaming-25-a-28-de-maio\/\" class=\"ek-link\">CONFIRA A PROGRAMA\u00c7\u00c3O COMPLETA<\/a><\/strong><\/p>\n\n\n\n<p class=\"wp-block-paragraph\">As 500 Milhas de Indian\u00e1polis de 2023 tem cobertura completa do <strong>GRANDE PR\u00caMIO.<\/strong><\/p>\n","protected":false},"excerpt":{"rendered":"<p>A Indy realiza a 6\u00aa etapa da temporada de 2023 neste s\u00e1bado (28) com as 500 Milhas de Indian\u00e1polis. Confira os hor\u00e1rios e onde acompanhar todas as atividades do fim de semana<\/p>\n","protected":false},"author":0,"featured_media":1000577900,"comment_status":"closed","ping_status":"closed","sticky":false,"template":"","format":"standard","meta":{"42wp_featured_image_caption":"","42wp_featured_image_credits":"","42wp_featured_video":"","42wp_featured_image_hidden":false,"42wp_authors_list":[],"footnotes":""},"categories":[3],"tags":[2980,9948,6513,2306,328,25977,232,94,26544,2773],"42wp_author":[47119],"class_list":["post-102796","post","type-post","status-publish","format-standard","has-post-thumbnail","hentry","category-indy","tag-500-milhas-indianapolis","tag-carb-day","tag-espn","tag-grid-de-largada","tag-horarios-da-indy","tag-indy-2023","tag-indy-500","tag-indycar","tag-tv-cultura","tag-vencedor","42wp_author-gabriel-carvalho"],"_links":{"self":[{"href":"https:\/\/grandepremio.com\/br\/wp-json\/wp\/v2\/posts\/102796","targetHints":{"allow":["GET"]}}],"collection":[{"href":"https:\/\/grandepremio.com\/br\/wp-json\/wp\/v2\/posts"}],"about":[{"href":"https:\/\/grandepremio.com\/br\/wp-json\/wp\/v2\/types\/post"}],"replies":[{"embeddable":true,"href":"https:\/\/grandepremio.com\/br\/wp-json\/wp\/v2\/comments?post=102796"}],"version-history":[{"count":0,"href":"https:\/\/grandepremio.com\/br\/wp-json\/wp\/v2\/posts\/102796\/revisions"}],"wp:featuredmedia":[{"embeddable":true,"href":"https:\/\/grandepremio.com\/br\/wp-json\/wp\/v2\/media\/1000577900"}],"wp:attachment":[{"href":"https:\/\/grandepremio.com\/br\/wp-json\/wp\/v2\/media?parent=102796"}],"wp:term":[{"taxonomy":"category","embeddable":true,"href":"https:\/\/grandepremio.com\/br\/wp-json\/wp\/v2\/categories?post=102796"},{"taxonomy":"post_tag","embeddable":true,"href":"https:\/\/grandepremio.com\/br\/wp-json\/wp\/v2\/tags?post=102796"},{"taxonomy":"42wp_author","embeddable":true,"href":"https:\/\/grandepremio.com\/br\/wp-json\/wp\/v2\/42wp_author?post=102796"}],"curies":[{"name":"wp","href":"https:\/\/api.w.org\/{rel}","templated":true}]}}