{"id":102798,"date":"2023-05-26T04:15:00","date_gmt":"2023-05-26T07:15:00","guid":{"rendered":"https:\/\/grandepremio.com\/br\/noticias\/ferrari-pede-foco-red-bull-deixa-conversa-contratos-mais-tarde\/"},"modified":"2023-05-25T22:26:53","modified_gmt":"2023-05-26T01:26:53","slug":"ferrari-pede-foco-red-bull-deixa-conversa-contratos-mais-tarde","status":"publish","type":"post","link":"https:\/\/grandepremio.com\/br\/f1\/ferrari-pede-foco-red-bull-deixa-conversa-contratos-mais-tarde\/","title":{"rendered":"Ferrari pede foco em Red Bull e deixa &#8220;conversa sobre contratos para mais tarde&#8221;"},"content":{"rendered":"\n<p class=\"wp-block-paragraph\">A ordem na <strong>Ferrari<\/strong>, neste momento, \u00e9 n\u00e3o falar sobre extens\u00e3o de contratos ou composi\u00e7\u00e3o de equipe para as pr\u00f3ximas temporadas da <strong>F\u00f3rmula 1<\/strong>. Foi o que disse o chefe da escuderia de <strong>Maranello<\/strong>, <strong>Fr\u00e9d\u00e9ric Vasseur<\/strong>, em entrevista ao site alem\u00e3o <em>Motorsport-Total<\/em>, nesta quinta-feira (25). De acordo com o engenheiro franc\u00eas, a equipe ir\u00e1 cuidar internamente desses assuntos no segundo semestre de 2023.<\/p>\n\n\n\n<p class=\"wp-block-paragraph\">Nos \u00faltimos dias, a Ferrari esteve envolta de muitas especula\u00e7\u00f5es quanto ao futuro de seus pilotos. O tabloide brit\u00e2nico <em>Daily Mail<\/em> publicou, na \u00faltima segunda-feira (22), que <a href=\"https:\/\/www.grandepremio.com\/br\/f1\/noticias\/existe-algo-entre-eles-ferrari-interessa-tenta-entender-atrair-lewis-hamilton\/\" class=\"ek-link\">a equipe italiana estaria disposta a oferecer um contrato<\/a> de \u00a3 40 milh\u00f5es (aproximadamente R$ 248,2 milh\u00f5es) para <strong>Lewis Hamilton<\/strong>, da <strong>Mercedes<\/strong>. Al\u00e9m disso, os futuros de <strong>Charles Leclerc<\/strong> e <strong>Carlos Sainz<\/strong> nos carros vermelhos n\u00e3o estariam assegurados.<\/p>\n\n\n\n<p class=\"wp-block-paragraph\">&#8220;Em alguns meses, falaremos sobre o futuro e ent\u00e3o ser\u00e1 hora de negociar. Eu n\u00e3o quis falar com eles sobre extens\u00e3o [de contrato] e n\u00e3o mudei de ideia. Eu disse que a coisa mais importante no momento \u00e9 dar um passo \u00e0 frente para poder competir com a <strong>Red Bull<\/strong> e que devemos focar nisso&#8221;, disse Vasseur.<\/p>\n\n\n\n<p class=\"wp-block-paragraph\">&#8220;N\u00f3s concordamos que falaremos sobre o contrato mais tarde e n\u00e3o quero mudar isso porque rumores t\u00eam surgido de que Lewis [Hamilton] poderia vir, ou de que Charles [Leclerc] poderia sair, ou Carlos [Sainz] poderia sair. Fazemos nosso trabalho internamente&#8221;, completou.<\/p>\n\n\n\n<p class=\"wp-block-paragraph\"><strong>\u25b6\ufe0f\u00a0Inscreva-se nos dois canais do GRANDE PR\u00caMIO no YouTube:\u00a0<a href=\"https:\/\/www.youtube.com\/channel\/UC9OlHEgxoaY6QY6nWPoiqQg?sub_confirmation=1\" target=\"_blank\" rel=\"noreferrer noopener\">GP<\/a>\u00a0|\u00a0<a href=\"https:\/\/www.youtube.com\/channel\/UC9csiS6q_C3C0FYhyr1rnFA?sub_confirmation=1\" target=\"_blank\" rel=\"noreferrer noopener\">GP2<\/a><\/strong><br><strong>\u25b6\ufe0f\u00a0<a href=\"https:\/\/www.twitch.tv\/grandepremio\" target=\"_blank\" rel=\"noreferrer noopener\">Conhe\u00e7a o canal do GRANDE PR\u00caMIO na Twitch clicando aqui!<\/a><\/strong><\/p>\n\n\n\n<figure class=\"wp-block-image size-large\"><img decoding=\"async\" src=\"https:\/\/www.grandepremio.com\/br\/wp-content\/uploads\/2023\/05\/f1-2023-miami-treinos-livres-ferrari-charlesleclerc-01-1024x683.jpg\" alt=\"\" class=\"wp-image-679645\"\/><figcaption>Charles Leclerc contou que ainda n\u00e3o conversou com a Ferrari sobre um novo contrato (Foto: Ferrari)<\/figcaption><\/figure>\n\n\n\n<p class=\"wp-block-paragraph\">O mesmo foi dito por Leclerc, nesta quinta, tamb\u00e9m em entrevista ao site alem\u00e3o. O v\u00ednculo do monegasco com a Ferrari termina no fim de 2024, assim como o de Sainz. Portanto, ambos se consideram seguros de qualquer movimento \u2014 como seria o de contratar Hamilton \u2014 para o ano que vem.<\/p>\n\n\n\n<p class=\"wp-block-paragraph\">&#8220;N\u00e3o, ainda n\u00e3o tivemos conversas sobre um novo contrato. Falo regularmente com <strong>John [Elkann, presidente da Ferrari]<\/strong> sobre a temporada e sobre a vis\u00e3o que temos, mas ainda n\u00e3o sobre a minha situa\u00e7\u00e3o contratual. Ainda resta um ano e meio no meu contrato&#8221;, comentou Leclerc.<\/p>\n\n\n\n<p class=\"wp-block-paragraph\">No paddock de Monte Carlo, Vasseur falou que <a href=\"https:\/\/www.grandepremio.com\/br\/f1\/noticias\/ferrari-nega-procura-lewis-hamilton-garante-nao-enviamos-oferta-conversamos\/\" class=\"ek-link\">n\u00e3o houve qualquer proposta<\/a> \u2014 nem sequer conversas \u2014 apresentada a Hamilton, mas tamb\u00e9m afirmou que todo mundo gostaria de contar com o heptacampe\u00e3o um dia. Por sua vez, o piloto ingl\u00eas revelou que <a href=\"https:\/\/www.grandepremio.com\/br\/f1\/noticias\/lewis-hamilton-tambem-nega-conversas-ferrari-revela-contrato-quase-pronto-mercedes\/\" class=\"ek-link\">a extens\u00e3o de contrato com a Mercedes est\u00e1 &#8220;quase pronta&#8221;<\/a>. <\/p>\n\n\n\n<p class=\"wp-block-paragraph\">O <strong>GRANDE PR\u00caMIO<\/strong> acompanha <strong>AO VIVO e EM TEMPO REAL<\/strong> todas as atividades do GP de M\u00f4naco de F\u00f3rmula 1.<\/p>\n","protected":false},"excerpt":{"rendered":"<p>Chefe da Ferrari, Fr\u00e9d\u00e9ric Vasseur, disse que a equipe ir\u00e1 cuidar internamente dos contratos de Charles Leclerc e Carlos Sainz daqui a alguns meses. O engenheiro tamb\u00e9m pediu para que a equipe continue focada em competir com a Red Bull<\/p>\n","protected":false},"author":0,"featured_media":1000686103,"comment_status":"closed","ping_status":"closed","sticky":false,"template":"","format":"standard","meta":{"42wp_featured_image_caption":"","42wp_featured_image_credits":"","42wp_featured_video":"","42wp_featured_image_hidden":false,"42wp_authors_list":[],"footnotes":""},"categories":[2],"tags":[546,209,147,6533,207,180,30722,1322,5100,1491,28285,2780,204,7672,29528],"42wp_author":[47153],"class_list":["post-102798","post","type-post","status-publish","format-standard","has-post-thumbnail","hentry","category-f1","tag-carlos-sainz","tag-charles-leclerc","tag-f1","tag-f1-2023","tag-ferrari","tag-formula-1","tag-formula-1-2023","tag-frederic-vasseur","tag-gp-de-monaco","tag-grande-premio","tag-grandepremio","tag-leclerc","tag-red-bull","tag-sainz","tag-vasseur","42wp_author-gabriel-pitor"],"_links":{"self":[{"href":"https:\/\/grandepremio.com\/br\/wp-json\/wp\/v2\/posts\/102798","targetHints":{"allow":["GET"]}}],"collection":[{"href":"https:\/\/grandepremio.com\/br\/wp-json\/wp\/v2\/posts"}],"about":[{"href":"https:\/\/grandepremio.com\/br\/wp-json\/wp\/v2\/types\/post"}],"replies":[{"embeddable":true,"href":"https:\/\/grandepremio.com\/br\/wp-json\/wp\/v2\/comments?post=102798"}],"version-history":[{"count":0,"href":"https:\/\/grandepremio.com\/br\/wp-json\/wp\/v2\/posts\/102798\/revisions"}],"wp:featuredmedia":[{"embeddable":true,"href":"https:\/\/grandepremio.com\/br\/wp-json\/wp\/v2\/media\/1000686103"}],"wp:attachment":[{"href":"https:\/\/grandepremio.com\/br\/wp-json\/wp\/v2\/media?parent=102798"}],"wp:term":[{"taxonomy":"category","embeddable":true,"href":"https:\/\/grandepremio.com\/br\/wp-json\/wp\/v2\/categories?post=102798"},{"taxonomy":"post_tag","embeddable":true,"href":"https:\/\/grandepremio.com\/br\/wp-json\/wp\/v2\/tags?post=102798"},{"taxonomy":"42wp_author","embeddable":true,"href":"https:\/\/grandepremio.com\/br\/wp-json\/wp\/v2\/42wp_author?post=102798"}],"curies":[{"name":"wp","href":"https:\/\/api.w.org\/{rel}","templated":true}]}}