{"id":102810,"date":"2023-05-25T11:34:29","date_gmt":"2023-05-25T14:34:29","guid":{"rendered":"https:\/\/grandepremio.com\/br\/noticias\/stefan-wilson-cirurgia-bem-sucedida-vertebras-inicia-recuperacao-acidente\/"},"modified":"2023-05-25T11:49:57","modified_gmt":"2023-05-25T14:49:57","slug":"stefan-wilson-cirurgia-bem-sucedida-vertebras-inicia-recuperacao-acidente","status":"publish","type":"post","link":"https:\/\/grandepremio.com\/br\/indy\/stefan-wilson-cirurgia-bem-sucedida-vertebras-inicia-recuperacao-acidente\/","title":{"rendered":"Wilson passa por cirurgia bem-sucedida nas v\u00e9rtebras e inicia recupera\u00e7\u00e3o ap\u00f3s acidente"},"content":{"rendered":"\n<figure class=\"wp-block-video\"><video class=\"video-js vjs-big-play-centered\" data-gp-vjs=\"1\" controls poster=\"https:\/\/www.grandepremio.com\/br\/wp-content\/uploads\/2023\/05\/Acidente-Legge-Wilson-Indy-500-2023-2-poster.jpeg\" src=\"https:\/\/www.grandepremio.com\/br\/wp-content\/uploads\/2023\/05\/Acidente-Legge-Wilson-Indy-500-2023-2.mp4\"><\/video><\/figure>\n\n\n\n<p class=\"wp-block-paragraph\"><a href=\"https:\/\/www.grandepremio.com\/br\/indy\/noticias\/stefan-wilson-fica-mais-noite-hospital-vai-passar-cirurgia-vertebra\/\" class=\"ek-link\">A cirurgia pela qual Stefan Wilson precisou passar para reparar a fratura na v\u00e9rtebra<\/a> foi bem-sucedida, informou a equipe <strong>Dreyer &amp; Reinbold<\/strong> nesta quinta-feira (28). O piloto passou por um procedimento chamado fus\u00e3o posterior, que consiste na adi\u00e7\u00e3o de enxerto \u00f3sseo na parte de tr\u00e1s da coluna para fundir duas ou mais v\u00e9rtebras.<\/p>\n\n\n\n<p class=\"wp-block-paragraph\">No caso de Wilson, a fus\u00e3o foi das v\u00e9rtebras T10 e T12 \u2014 esta \u00faltima fraturada \u2014, que ficam na regi\u00e3o tor\u00e1cica. &#8220;Stefan foi operado com fus\u00e3o posterior das T10 e T12 e fixa\u00e7\u00e3o interna da fratura&#8221;, disse a DRR em nota. &#8220;A cirurgia foi bem-sucedida, e Stefan est\u00e1 tranquilo e pronto para iniciar a recupera\u00e7\u00e3o&#8221;, acrescentou, dizendo, por fim, que mais informa\u00e7\u00f5es seriam dadas &#8220;num futuro pr\u00f3ximo&#8221;.<\/p>\n\n\n\n<p class=\"wp-block-paragraph\"><strong>\u25b6\ufe0f\u00a0Inscreva-se nos dois canais do GRANDE PR\u00caMIO no YouTube:\u00a0<a href=\"https:\/\/www.youtube.com\/channel\/UC9OlHEgxoaY6QY6nWPoiqQg?sub_confirmation=1\" target=\"_blank\" rel=\"noreferrer noopener\">GP<\/a>\u00a0|\u00a0<a href=\"https:\/\/www.youtube.com\/channel\/UC9csiS6q_C3C0FYhyr1rnFA?sub_confirmation=1\" target=\"_blank\" rel=\"noreferrer noopener\">GP2<\/a><\/strong><br><strong>\u25b6\ufe0f\u00a0<a href=\"https:\/\/www.twitch.tv\/grandepremio\" target=\"_blank\" rel=\"noreferrer noopener\">Conhe\u00e7a o canal do GRANDE PR\u00caMIO na Twitch clicando aqui!<\/a><\/strong><\/p>\n\n\n\n<figure class=\"wp-block-image size-large\"><img decoding=\"async\" src=\"https:\/\/www.grandepremio.com\/br\/wp-content\/uploads\/2023\/05\/Indianapolis-500-Practice-Monday_-May-22_-2023_Large-Image-Without-Watermark_m81958-1024x691.jpg\" alt=\"(Foto: Penske Entertainment\/Mike Young)\" class=\"wp-image-685228\"\/><figcaption>A pancada envolvendo os carros #24, agora de Rahal, e #44, de Legge (Foto: Penske Entertainment\/Mike Young)<\/figcaption><\/figure>\n\n\n\n<p class=\"wp-block-paragraph\">A opera\u00e7\u00e3o aconteceu quarta-feira no hospital Metodista, onde o piloto ingl\u00eas se encontra desde o acidente sofrido durante o treino livre para as <strong>500 Milhas de Indian\u00e1polis<\/strong>, realizado segunda-feira. O representante da DRR foi acertado por\u00a0<strong>Katherine Legge<\/strong>\u00a0e bateu forte no muro. Apesar do carro n\u00e3o ter ficado t\u00e3o danificado quanto o da pilota da\u00a0<strong>RLL<\/strong>, Stefan foi direto da pista para a ambul\u00e2ncia e, de l\u00e1, para o hospital, sem passar pelo centro m\u00e9dico do\u00a0<strong>IMS<\/strong>.<\/p>\n\n\n\n<p class=\"wp-block-paragraph\">Menos de 24 horas ap\u00f3s a batida, Wilson\u00a0<a href=\"https:\/\/www.grandepremio.com\/br\/indy\/noticias\/stefan-wilson-aparece-recuperacao-hospital-jornada-para-indy-500-2024-comeca-agora\/\">apareceu em v\u00eddeo gravado no hospital<\/a>, agradecendo a for\u00e7a dos f\u00e3s e j\u00e1 projetando um retorno em 2024. O piloto da\u00a0<strong>Dreyer &amp; Reinbold<\/strong>\u00a0foi diagnosticado com uma fratura na 12\u00aa v\u00e9rtebra tor\u00e1cica ap\u00f3s o acidente. Por conta da batida, acabou vetado de participar da corrida que acontece neste domingo (28).<\/p>\n\n\n\n<p class=\"wp-block-paragraph\"><a href=\"https:\/\/www.grandepremio.com\/br\/indy\/noticias\/drr-joga-bote-salva-vidas-resgasta-graham-rahal-substituir-stefan-wilson-indy-500\/\" class=\"ek-link\">A DRR, ent\u00e3o, resolveu chamar<\/a>\u00a0<strong><a href=\"https:\/\/www.grandepremio.com\/br\/piloto\/graham-rahal\/\" target=\"_blank\" rel=\"noreferrer noopener\"><\/a><a href=\"https:\/\/www.grandepremio.com\/br\/piloto\/graham-rahal\/\" target=\"_blank\" rel=\"noreferrer noopener\">Graham Rahal<\/a><\/strong>\u00a0para a vaga de Stefan. O americano migra da Honda para a Chevrolet em car\u00e1ter especial e n\u00e3o ter\u00e1 de fazer nenhum tipo de atividade de pista para validar a participa\u00e7\u00e3o. No entanto, Graham sai de 33\u00ba, promovendo no grid uma posi\u00e7\u00e3o adiante todos que estavam atr\u00e1s de Wilson originalmente ap\u00f3s a classifica\u00e7\u00e3o do \u00faltimo fim de semana.<\/p>\n\n\n\n<p class=\"wp-block-paragraph\">A largada das 500 Milhas de Indian\u00e1polis<strong> <\/strong>est\u00e1 marcada para \u00e0s 13h30 (de Bras\u00edlia, GMT-3) do pr\u00f3ximo domingo (28), com cobertura completa do\u00a0<strong>GRANDE PR\u00caMIO<\/strong>.<\/p>\n\n\n\n<figure class=\"wp-block-embed is-type-video is-provider-youtube wp-block-embed-youtube wp-embed-aspect-16-9 wp-has-aspect-ratio\"><div class=\"wp-block-embed__wrapper\">\n<iframe loading=\"lazy\" title=\"\u201cPALOU ESPANTA DEM\u00d4NIOS E \u00c9 CANDIDATO AO BI DA INDY\u201d | GP \u00e0s 10\" width=\"500\" height=\"281\" src=\"https:\/\/www.youtube.com\/embed\/BEJkHaN57-8?feature=oembed\" frameborder=\"0\" allow=\"accelerometer; autoplay; clipboard-write; encrypted-media; gyroscope; picture-in-picture; web-share\" referrerpolicy=\"strict-origin-when-cross-origin\" allowfullscreen><\/iframe>\n<\/div><\/figure>\n","protected":false},"excerpt":{"rendered":"<p>A Dreyer &#038; Reinbold informou nesta quinta-feira (25) que correu tudo bem na cirurgia de Stefan Wilson. O piloto fraturou a v\u00e9rtebra ap\u00f3s ser acertado por Katherine Legge e bater forte no muro durante o treino livre para a Indy 500<\/p>\n","protected":false},"author":0,"featured_media":1000685222,"comment_status":"closed","ping_status":"closed","sticky":false,"template":"","format":"standard","meta":{"42wp_featured_image_caption":"","42wp_featured_image_credits":"","42wp_featured_video":"","42wp_featured_image_hidden":false,"42wp_authors_list":[],"footnotes":""},"categories":[3],"tags":[2980,1491,28285,93,25977,232,32514,94,3993,1799,8374],"42wp_author":[47147],"class_list":["post-102810","post","type-post","status-publish","format-standard","has-post-thumbnail","hentry","category-indy","tag-500-milhas-indianapolis","tag-grande-premio","tag-grandepremio","tag-indy","tag-indy-2023","tag-indy-500","tag-indy-500-2023","tag-indycar","tag-justin-wilson","tag-katherine-legge","tag-stefan-wilson","42wp_author-luana-marino"],"_links":{"self":[{"href":"https:\/\/grandepremio.com\/br\/wp-json\/wp\/v2\/posts\/102810","targetHints":{"allow":["GET"]}}],"collection":[{"href":"https:\/\/grandepremio.com\/br\/wp-json\/wp\/v2\/posts"}],"about":[{"href":"https:\/\/grandepremio.com\/br\/wp-json\/wp\/v2\/types\/post"}],"replies":[{"embeddable":true,"href":"https:\/\/grandepremio.com\/br\/wp-json\/wp\/v2\/comments?post=102810"}],"version-history":[{"count":0,"href":"https:\/\/grandepremio.com\/br\/wp-json\/wp\/v2\/posts\/102810\/revisions"}],"wp:featuredmedia":[{"embeddable":true,"href":"https:\/\/grandepremio.com\/br\/wp-json\/wp\/v2\/media\/1000685222"}],"wp:attachment":[{"href":"https:\/\/grandepremio.com\/br\/wp-json\/wp\/v2\/media?parent=102810"}],"wp:term":[{"taxonomy":"category","embeddable":true,"href":"https:\/\/grandepremio.com\/br\/wp-json\/wp\/v2\/categories?post=102810"},{"taxonomy":"post_tag","embeddable":true,"href":"https:\/\/grandepremio.com\/br\/wp-json\/wp\/v2\/tags?post=102810"},{"taxonomy":"42wp_author","embeddable":true,"href":"https:\/\/grandepremio.com\/br\/wp-json\/wp\/v2\/42wp_author?post=102810"}],"curies":[{"name":"wp","href":"https:\/\/api.w.org\/{rel}","templated":true}]}}